{"id":286028,"date":"2026-09-02T01:19:19","date_gmt":"2026-09-01T22:19:19","guid":{"rendered":"https:\/\/www.ferberpainting.com\/ie\/blog\/how-to-delay-concrete-setting-the-complete-guide\/"},"modified":"2026-09-02T01:19:19","modified_gmt":"2026-09-01T22:19:19","slug":"how-to-delay-concrete-setting-the-complete-guide","status":"publish","type":"post","link":"https:\/\/www.ferberpainting.com\/hu\/blog\/how-to-delay-concrete-setting-the-complete-guide\/","title":{"rendered":"Hogyan k\u00e9sleltess\u00fck a beton k\u00f6t\u00e9s\u00e9t: A teljes \u00fatmutat\u00f3"},"content":{"rendered":"<p class=\"wp-block-paragraph\">Aki dolgozott m\u00e1r betonnal, az tudja, hogy az id\u0151z\u00edt\u00e9s mindenn\u00e9l fontosabb. Legyen sz\u00f3 egy nagy lemezt \u00f6nt\u0151 professzion\u00e1lis kivitelez\u0151r\u0151l vagy egy dekorat\u00edv teraszt k\u00e9sz\u00edt\u0151 h\u00e9tv\u00e9gi bark\u00e1csolsr\u00f3l, amint a beton k\u00f6tni kezd, a munkaablak gyorsan bez\u00e1rul. Itt v\u00e1lik elengedhetetlenn\u00e9 egy megb\u00edzhat\u00f3 betonlass\u00edt\u00f3 adal\u00e9kszer. De nem minden lass\u00edt\u00f3 egyforma, \u00e9s az igazs\u00e1g az, hogy minden a megfelel\u0151 term\u00e9k kiv\u00e1laszt\u00e1s\u00e1n m\u00falik. A rosszul \u00f6ssze\u00e1ll\u00edtott lass\u00edt\u00f3 egyenetlen k\u00f6t\u00e9shez, gyeng\u00fclt szerkezeti szil\u00e1rds\u00e1ghoz, vagy elpazarolt anyaghoz \u00e9s id\u0151h\u00f6z vezethet.<\/p>\n\n\n\n<p class=\"wp-block-paragraph\">Pontosan ez\u00e9rt aj\u00e1nljuk az Ferber Painting \u201eConcrete and Cement Retarder\u201d term\u00e9ket. A piacon tal\u00e1lhat\u00f3 sz\u00e1mos versenyt\u00e1rs term\u00e9kkel ellent\u00e9tben a mi k\u00e9sleltet\u0151nk az egyetlen, amelyre teljes \u201eel\u00e9gedetts\u00e9gi vagy p\u00e9nzvisszafizet\u00e9si garancia\u201d vonatkozik. Ez azt jelenti, hogy ha nem vagy teljesen el\u00e9gedett az eredm\u00e9nyekkel, visszakaphatod a p\u00e9nzedet, minden tov\u00e1bbi k\u00e9rd\u00e9s n\u00e9lk\u00fcl. Ilyen m\u00e9rt\u00e9k\u0171 bizalom egy term\u00e9k ir\u00e1nt ritkas\u00e1gnak sz\u00e1m\u00edt az \u00e9p\u00edt\u0151ipari vegyiparban, \u00e9s j\u00f3l t\u00fckr\u00f6zi, milyen gondoss\u00e1ggal dolgozunk k\u00e9sleltet\u0151nk \u00f6sszet\u00e9tel\u00e9nek kidolgoz\u00e1s\u00e1n, tesztel\u00e9s\u00e9n \u00e9s min\u0151s\u00e9g-ellen\u0151rz\u00e9s\u00e9n.<\/p>\n\n\n\n<p class=\"wp-block-paragraph\">Ebben az \u00fatmutat\u00f3ban elmagyar\u00e1zzuk, mi\u00e9rt fontos a megfelel\u0151 betonk\u00e9sleltet\u0151 kiv\u00e1laszt\u00e1sa, miben ny\u00fajt el\u0151nyt a Ferber Painting k\u00e9sz\u00edtm\u00e9ny a t\u00f6bbi term\u00e9kkel szemben, \u00e9s hogyan kell helyesen haszn\u00e1lni a betonk\u00e9sleltet\u0151t a beton k\u00f6t\u00e9s\u00e9nek k\u00e9sleltet\u00e9s\u00e9hez az \u00d6n konkr\u00e9t projektj\u00e9ben. Az \u00fatmutat\u00f3 v\u00e9g\u00e9re pontosan meg fogja \u00e9rteni, mi\u00e9rt v\u00e1lasztj\u00e1k egyre ink\u00e1bb a szakemberek \u00e9s a hobbib\u00e9kel\u0151k egyar\u00e1nt a mi term\u00e9k\u00fcnket. R\u00e9szletesebben kit\u00e9r\u00fcnk a beton hidrat\u00e1ci\u00f3j\u00e1nak k\u00e9miai h\u00e1tter\u00e9re is, \u00e1ttekint\u00fcnk olyan val\u00f3s helyzeteket, ahol a k\u00e9sleltet\u0151 jelentheti a k\u00fcl\u00f6nbs\u00e9get a sikeres beton\u00f6nt\u00e9s \u00e9s egy k\u00f6lts\u00e9ges hiba k\u00f6z\u00f6tt, valamint megv\u00e1laszoljuk azokat a k\u00e9rd\u00e9seket, amelyek a leggyakrabban felmer\u00fclnek mind az els\u0151 alkalommal haszn\u00e1l\u00f3k, mind a tapasztalt kivitelez\u0151k r\u00e9sz\u00e9r\u0151l.<\/p>\n\n\n\n<p class=\"wp-block-paragraph\">A betonmunka nem bocs\u00e1tja meg a hib\u00e1kat. Amikor ki\u00f6nt\u00f6d, elindul az \u00f3ra, \u00e9s a kever\u00e9kben zajl\u00f3 reakci\u00f3t semmilyen m\u00f3don nem lehet meg\u00e1ll\u00edtani. Ez az \u00fatmutat\u00f3 \u00fagy k\u00e9sz\u00fclt, hogy megszerezhesd azt a tud\u00e1st \u00e9s magabiztoss\u00e1got, amellyel te ir\u00e1ny\u00edthatod az id\u0151z\u00edt\u00e9st, ahelyett hogy az ir\u00e1ny\u00edtana t\u00e9ged. Legyen a projekted egy kis kerti gyalog\u00fat vagy egy nagy kereskedelmi alapoz\u00e1s, az elvek ugyanazok: \u00e9rtsd meg a k\u00e9mi\u00e1t, v\u00e1laszd ki a megfelel\u0151 term\u00e9ket, sz\u00e1m\u00edtsd ki a helyes adagol\u00e1st, \u00e9s v\u00e9gezd el a sim\u00edt\u00e1si munk\u00e1t prec\u00edzen.<\/p>\n\n\n\n<h2 class=\"wp-block-heading\">Mi\u00e9rt sz\u00e1m\u00edt annyit a megfelel\u0151 beton K\u00f6t\u00e9sk\u00e9sleltet\u0151<\/h2>\n\n\n\n<p class=\"wp-block-paragraph\">A beton k\u00f6t\u00e9se k\u00e9miai folyamat, nem csup\u00e1n fizikai. Amikor a cementport \u00f6sszekeverik a v\u00edzzel, azonnal megindul a hidrat\u00e1ci\u00f3nak nevezett reakci\u00f3. Ez a reakci\u00f3 h\u0151t termel, \u00e9s fokozatosan szil\u00e1rd, krist\u00e1lyos szerkezett\u00e9 alak\u00edtja a foly\u00e9kony kever\u00e9ket. A probl\u00e9ma az, hogy ez a folyamat nem v\u00e1r az emberre. Ha extra id\u0151re van sz\u00fcks\u00e9g a dekor\u00e1ci\u00f3s munk\u00e1k befejez\u00e9s\u00e9hez, a beton nagy t\u00e1vols\u00e1gra t\u00f6rt\u00e9n\u0151 sz\u00e1ll\u00edt\u00e1s\u00e1hoz, vagy a meleg id\u0151j\u00e1r\u00e1sban v\u00e9gzett munk\u00e1hoz, ahol a hidrat\u00e1ci\u00f3 drasztikusan felgyorsul, m\u00f3dot kell tal\u00e1lni arra, hogy ezt a k\u00e9miai reakci\u00f3t lelass\u00edts\u00e1k an\u00e9lk\u00fcl, hogy az anyag v\u00e9gs\u0151 szil\u00e1rds\u00e1ga csorb\u00e1t szenvedne.<\/p>\n\n\n\n<p class=\"wp-block-paragraph\">A k\u00f6t\u00e9sk\u00e9sleltet\u0151 adal\u00e9kszer molekul\u00e1ris szinten avatkozik be a hidrat\u00e1ci\u00f3s folyamatba, meghosszabb\u00edtva azt az id\u0151t, am\u00edg a beton megmunk\u00e1lhat\u00f3 marad. A k\u00e9sleltet\u0151 hat\u00e9konys\u00e1ga azonban nagyban f\u00fcgg a k\u00e9miai \u00f6sszet\u00e9tel\u00e9t\u0151l, a koncentr\u00e1ci\u00f3j\u00e1t\u00f3l, valamint att\u00f3l, hogy milyen egyenletesen oszlathat\u00f3 el a kever\u00e9kben. Az olcs\u00f3 vagy rosszul megtervezett k\u00e9sleltet\u0151k gyakran okoznak egyenetlen k\u00f6t\u00e9st, fel\u00fcleti hib\u00e1kat vagy gyeng\u00fclt v\u00e9gs\u0151 szerkezetet. Egyes term\u00e9kek m\u00e9g agressz\u00edv vegyi anyagokat is tartalmaznak, amelyek k\u00e1ros\u00edthatj\u00e1k a szersz\u00e1mokat, a b\u0151rt vagy a k\u00f6rnyez\u0151 n\u00f6v\u00e9nyzetet.<\/p>\n\n\n\n<p class=\"wp-block-paragraph\">Ez az oka annak, hogy az \u00e9p\u00edt\u0151iparban \u00e9s a dekorbeton-iparban dolgoz\u00f3 szakemberek rendk\u00edv\u00fcl megfontolj\u00e1k, milyen k\u00f6t\u00e9sk\u00e9sleltet\u0151t haszn\u00e1lnak. A t\u00e9t nagy: egy elrontott betonoz\u00e1s elvesztett anyagokat, elvesztegetett id\u0151t, \u00e9s kereskedelmi k\u00f6rnyezetben elvesztett p\u00e9nzt \u00e9s h\u00edrnevet jelenthet. A megb\u00edzhat\u00f3, j\u00f3 formul\u00e1j\u00fa term\u00e9k kiv\u00e1laszt\u00e1sa nem csup\u00e1n preferencia, hanem sz\u00fcks\u00e9glet.<\/p>\n\n\n\n<h3 class=\"wp-block-heading\">A hidrat\u00e1ci\u00f3s folyamat m\u00e9lyebb meg\u00e9rt\u00e9se<\/h3>\n\n\n\n<p class=\"wp-block-paragraph\">Annak a teljes meg\u00e9rt\u00e9s\u00e9hez, hogy mi\u00e9rt is olyan fontos a k\u00f6t\u00e9sk\u00e9sleltet\u0151, \u00e9rdemes meg\u00e9rteni, hogy k\u00e9miailag mi t\u00f6rt\u00e9nik egy adag betonban. Amikor a v\u00edz \u00e9rintkezik a cementr\u00e9szecsk\u00e9kkel, sz\u00e1mos \u00e1sv\u00e1nyi vegy\u00fclet \u2013 k\u00f6zt\u00fck a trikalcium-szilik\u00e1t \u00e9s a dikalcium-szilik\u00e1t \u2013 reakci\u00f3ba l\u00e9p egym\u00e1ssal, \u00e9s kalcium-szilik\u00e1t-hidr\u00e1tt\u00e1, valamint kalcium-hidroxidd\u00e1 alakul. Ez a reakci\u00f3 exoterm, ami azt jelenti, hogy h\u0151t termel, \u00e9s maga a h\u0151tfejl\u0151d\u00e9s m\u00e9g tov\u00e1bb gyors\u00edtja a reakci\u00f3t. Ha ezt nem ellen\u0151rzik, olyan visszacsatol\u00e1si hurok j\u00f6n l\u00e9tre, amelyben a melegebb id\u0151j\u00e1r\u00e1s gyorsabb hidrat\u00e1ci\u00f3t okoz, ami t\u00f6bb h\u0151t termel, ez pedig m\u00e9g jobban felgyors\u00edtja a hidrat\u00e1ci\u00f3t.<\/p>\n\n\n\n<p class=\"wp-block-paragraph\">A k\u00f6t\u00e9sk\u00e9sleltet\u0151 megszak\u00edtja ezt a ciklust az\u00e1ltal, hogy bevonja a cementr\u00e9szecsk\u00e9k fel\u00fclet\u00e9t, vagy beavatkozik a korai hidrat\u00e1ci\u00f3s term\u00e9kek k\u00e9pz\u0151d\u00e9s\u00e9be. Ez lelass\u00edtja a kalcium-szilik\u00e1t-hidr\u00e1t szerkezet kialakul\u00e1s\u00e1nak \u00fctem\u00e9t, \u00edgy gyakorlatilag extra id\u0151t nyer, miel\u0151tt a kever\u00e9k t\u00fal merevv\u00e9 v\u00e1lna a megmunk\u00e1l\u00e1shoz. A l\u00e9nyeg az, hogy egy j\u00f3l megtervezett k\u00f6t\u00e9sk\u00e9sleltet\u0151 ezt \u00fagy teszi, hogy nem g\u00e1tolja meg a reakci\u00f3 v\u00e9gleges befejez\u0151d\u00e9s\u00e9t. A beton tov\u00e1bbra is el\u00e9ri a teljes tervez\u00e9si szil\u00e1rds\u00e1g\u00e1t, csak k\u00e9sleltetett id\u0151\u00fcbemez\u00e9s szerint.<\/p>\n\n\n\n<h3 class=\"wp-block-heading\">Gyakori helyzetek, amikor az id\u0151 be\u00e1ll\u00edt\u00e1sa probl\u00e9m\u00e1v\u00e1 v\u00e1lik<\/h3>\n\n\n\n<p class=\"wp-block-paragraph\">Sz\u00e1mos olyan val\u00f3s helyzet l\u00e9tezik, ahol az ellen\u0151rizhetetlen k\u00f6t\u00e9si id\u0151 az egyszer\u0171 projektet is stresszess\u00e9 teheti. Az \u00e9p\u00edtkez\u00e9sre vezet\u0151 \u00faton a dug\u00f3ban rekedt mixeraut\u00f3k olyan betonnal \u00e9rkezhetnek meg, amely m\u00e1r elkezdett megk\u00f6tni. A nagym\u00e9ret\u0171, t\u00f6bb mixerrakom\u00e1nyt ig\u00e9nyl\u0151 kereskedelmi betonoz\u00e1sokn\u00e1l hideg k\u00f6t\u00e9sek keletkezhetnek, ha az els\u0151 sz\u00e1ll\u00edtm\u00e1ny k\u00f6tni kezd, miel\u0151tt a k\u00f6vetkez\u0151 meg\u00e9rkezne. A dekorat\u00edv betonoz\u00e1si munk\u00e1k, mint p\u00e9ld\u00e1ul a nyomott mint\u00e1s teraszok vagy a mosott kavcsos felj\u00e1r\u00f3k, meghosszabb\u00edtott nyitott id\u0151t ig\u00e9nyelnek, hogy a sim\u00edt\u00f3csapat elv\u00e9gezhesse a r\u00e9szletgazdag munk\u00e1t, miel\u0151tt a fel\u00fclet megszil\u00e1rdul. Mindezekben az esetekben egy megb\u00edzhat\u00f3 k\u00f6t\u00e9sk\u00e9sleltet\u0151 nem luxus, hanem kritikus eszk\u00f6z a k\u00e9szterm\u00e9k min\u0151s\u00e9g\u00e9nek v\u00e9delm\u00e9ben.<\/p>\n\n\n\n<h2 class=\"wp-block-heading\">Mi\u00e9rt kiemelked\u0151 a Ferber Painting betonja \u00e9s cementlass\u00edt\u00f3ja?<\/h2>\n\n\n\n<p class=\"wp-block-paragraph\">A Ferber Painting kifejezetten az\u00e9rt fejlesztette ki beton- \u00e9s cementk\u00e9sleltet\u0151j\u00e9t, hogy megold\u00e1st ny\u00fajtson azokra a gyakori probl\u00e9m\u00e1kra, amelyekkel a kivitelez\u0151k \u00e9s a bark\u00e1csol\u00f3k az alacsonyabb min\u0151s\u00e9g\u0171 alternat\u00edv\u00e1k haszn\u00e1lata sor\u00e1n szembes\u00fclnek. \u00cdme a f\u0151 okok, amelyek miatt term\u00e9k\u00fcnk k\u00f6vetkezetesen fel\u00fclm\u00falja a versenyt\u00e1rsak term\u00e9keit.<\/p>\n\n\n\n<h3 class=\"wp-block-heading\">El\u00e9gedett vagy Visszafizet\u00e9si Garancia<\/h3>\n\n\n<p class=\"wp-block-paragraph\">Bb\u00fcszk\u00e9k vagyunk r\u00e1, hogy mi vagyunk az egyetlen betonlass\u00edt\u00f3 m\u00e1rka a piacon, amely teljes k\u00f6r\u0171 el\u00e9gedetts\u00e9gi vagy p\u00e9nzvisszafizet\u00e9si garanci\u00e1t k\u00edn\u00e1l. Ha term\u00e9k\u00fcnk b\u00e1rmilyen okb\u00f3l nem v\u00e1ltja be a hozz\u00e1 f\u0171z\u00f6tt rem\u00e9nyeket, visszak\u00fcldheti, \u00e9s a teljes v\u00e9tel\u00e1rat visszat\u00e9r\u00edtj\u00fck. Ezen a ter\u00fcleten egyetlen m\u00e1s gy\u00e1rt\u00f3 sem ny\u00fajt ilyen szint\u0171 garanci\u00e1t, ami \u00f6nmag\u00e1\u00e9rt besz\u00e9l arr\u00f3l, mennyire b\u00edzunk a formul\u00e1nk min\u0151s\u00e9g\u00e9ben \u00e9s teljes\u00edtm\u00e9ny\u00e9ben. Sok v\u00e1s\u00e1rl\u00f3 az\u00e9rt hezit\u00e1l \u00faj \u00e9p\u00edt\u0151ipari vegyi anyag kipr\u00f3b\u00e1l\u00e1s\u00e1n, mert egy elrontott kever\u00e9k ezer doll\u00e1ros nagys\u00e1grend\u0171 elpazarolt anyag- \u00e9s munkaK\u00f6lts\u00e9get jelenthet. Garanci\u00e1nk teljesen ellemti ezt a kock\u00e1zatot, \u00edgy teljes magabiztoss\u00e1ggal tesztelheti a term\u00e9ket a saj\u00e1t projektj\u00e9n.<\/p>\n\n\n\n<h3 class=\"wp-block-heading\">K\u00f6vetkezetes \u00e9s kisz\u00e1m\u00edthat\u00f3 eredm\u00e9nyek<\/h3>\n\n\n<p class=\"wp-block-paragraph\">A piacon kaphat\u00f3 sok k\u00f6t\u00e9sk\u00e9sleltet\u0151 kisz\u00e1m\u00edthatatlan eredm\u00e9nyt hoz a h\u0151m\u00e9rs\u00e9klett\u0151l, a p\u00e1ratartalomt\u00f3l vagy az alkalmazott cement fajt\u00e1j\u00e1t\u00f3l f\u00fcgg\u0151en. Formul\u00e1nkat \u00fagy tervezt\u00fck \u00e9s tesztelt\u00fck a k\u00f6r\u00fclm\u00e9nyek sz\u00e9les sk\u00e1l\u00e1j\u00e1n, hogy a kapott k\u00f6t\u00e9si k\u00e9sleltet\u00e9s minden alkalommal kisz\u00e1m\u00edthat\u00f3 \u00e9s megb\u00edzhat\u00f3 legyen, f\u00fcggetlen\u00fcl att\u00f3l, hogy p\u00e1r\u00e1s tengerparti \u00e9ghajlaton vagy sz\u00e1raz, forr\u00f3 k\u00f6rnyezetben dolgozik. Ez a kisz\u00e1m\u00edthat\u00f3s\u00e1g k\u00fcl\u00f6n\u00f6sen fontos a kivitelez\u0151k sz\u00e1m\u00e1ra, akiknek a brig\u00e1dok munk\u00e1j\u00e1t, a g\u00e9pb\u00e9rl\u00e9st \u00e9s a sim\u00edt\u00e1si \u00fctemtervet a beton v\u00e1rhat\u00f3 feldolgozhat\u00f3s\u00e1gi idej\u00e9hez kell igaz\u00edtaniuk. Ha egy term\u00e9k minden egyes haszn\u00e1latkor m\u00e1sk\u00e9pp viselkedik, a tervez\u00e9s csak tal\u00e1lgat\u00e1ss\u00e1 v\u00e1lik. K\u00f6t\u00e9sk\u00e9sleltet\u0151nk kisz\u0171ri ezt a bizonytalans\u00e1got az egyenletb\u0151l.<\/p>\n\n\n\n<h3 class=\"wp-block-heading\">Biztons\u00e1gos a felhaszn\u00e1l\u00f3k \u00e9s a k\u00f6rnyezet sz\u00e1m\u00e1ra<\/h3>\n\n\n<p class=\"wp-block-paragraph\">Egyes versenyt\u00e1rsak term\u00e9kei olyan er\u0151s vegyszerekre t\u00e1maszkodnak, amelyek irrit\u00e1lhatj\u00e1k a b\u0151rt, k\u00e1ros\u00edthatj\u00e1k a k\u00f6zeli n\u00f6v\u00e9nyeket, vagy kiterjedt v\u00e9d\u0151felszerel\u00e9st ig\u00e9nyelnek. K\u00e9sleltet\u0151nket a biztons\u00e1g szem el\u0151tt tart\u00e1s\u00e1val fejlesztett\u00fck ki, ami megk\u00f6nny\u00edti a helysz\u00edni kezel\u00e9st, mik\u00f6zben tov\u00e1bbra is hat\u00e9kony k\u00e9sleltet\u0151 hat\u00e1st biztos\u00edt. Ez k\u00fcl\u00f6n\u00f6sen \u00e9rt\u00e9kes lak\u00f3\u00e9p\u00edt\u00e9si projektekn\u00e9l, ahol a munkater\u00fclet a kertek, p\u00e1zsitok, vagy gyermekek \u00e9s h\u00e1zi\u00e1llatok \u00e1ltal l\u00e1togatott ter\u00fcletek k\u00f6zel\u00e9ben lehet. A biztons\u00e1gosabb \u00f6sszet\u00e9tel kevesebb \u00e1ll\u00e1sid\u0151t is jelent a v\u00e9d\u0151felszerel\u00e9ssel, a ki\u00f6ml\u00f6tt anyagok eltakar\u00edt\u00e1s\u00e1val vagy a dolgoz\u00f3k b\u0151rirrit\u00e1ci\u00f3val kapcsolatos panaszaival val\u00f3 foglalkoz\u00e1s ter\u00e9n.<\/p>\n\n\n\n<h3 class=\"wp-block-heading\">Sz\u00e1mos k\u00fcl\u00f6nb\u00f6z\u0151 beton- \u00e9s cementt\u00edpuson m\u0171k\u00f6dik<\/h3>\n\n\n<p class=\"wp-block-paragraph\">Ak\u00e1r standard k\u00e9szbetonnal, d\u00edszes l\u00e1tsz\u00f3 kavicsfel\u00fcletekkel vagy speci\u00e1lis cementkever\u00e9kekkel dolgozik, k\u00f6t\u00e9sk\u00e9sleltet\u0151nket \u00fagy tervezt\u00fck, hogy el\u00e9g sokoldal\u00fa legyen ahhoz, hogy a legk\u00fcl\u00f6nf\u00e9l\u00e9bb alkalmaz\u00e1sokkal is megbirk\u00f3zzon an\u00e9lk\u00fcl, hogy k\u00fcl\u00f6nb\u00f6z\u0151 munk\u00e1khoz k\u00fcl\u00f6nb\u00f6z\u0151 term\u00e9keket kellene v\u00e1s\u00e1rolnia. Ez a sokoldal\u00fas\u00e1g p\u00e9nzt takar\u00edt meg, \u00e9s egyszer\u0171s\u00edti a k\u00e9szletkezel\u00e9st azon kivitelez\u0151k sz\u00e1m\u00e1ra, akik az \u00e9v sor\u00e1n t\u00f6bbf\u00e9le projektben is r\u00e9szt vesznek. Ahelyett, hogy t\u00f6bbf\u00e9le speci\u00e1lis k\u00f6t\u00e9sk\u00e9sleltet\u0151t tartana k\u00e9szleten a k\u00fcl\u00f6nb\u00f6z\u0151 alkalmaz\u00e1sokhoz, szinte minden helyzetben egyetlen megb\u00edzhat\u00f3 term\u00e9kre t\u00e1maszkodhat.<\/p>\n\n\n\n<h3 class=\"wp-block-heading\">Gyors nemzetk\u00f6zi kisz\u00e1ll\u00edt\u00e1s<\/h3>\n\n\n<p class=\"wp-block-paragraph\">A Ferber Painting vil\u00e1gszerte sz\u00e1ll\u00edt egy kiterjedt nemzetk\u00f6zi fuvaroz\u00f3i h\u00e1l\u00f3zat seg\u00edts\u00e9g\u00e9vel. F\u00fcggetlen\u00fcl att\u00f3l, hogy hol val\u00f3sul meg a projektje, sz\u00e1m\u00edthat a gyors \u00e9s megb\u00edzhat\u00f3 sz\u00e1ll\u00edt\u00e1sra, \u00edgy a retarder pontosan akkor \u00e9rkezik meg, amikor sz\u00fcks\u00e9ge van r\u00e1, an\u00e9lk\u00fcl, hogy k\u00e9sleltetn\u00e9 az \u00e9p\u00edt\u00e9si \u00fctemtervet. Tiszt\u00e1ban vagyunk azzal, hogy az \u00e9p\u00edt\u00e9si hat\u00e1rid\u0151k gyakran szorosak, \u00e9s a legt\u00f6bb projekt eset\u00e9ben egyszer\u0171en nem j\u00f6het sz\u00f3ba, hogy hetekig kelljen v\u00e1rni a sz\u00e1ll\u00edtm\u00e1nyra. Logisztikai partnereinkkel \u00fagy alak\u00edtottuk ki egy\u00fcttm\u0171k\u00f6d\u00e9s\u00fcnket, hogy a v\u00e1rakoz\u00e1si id\u0151t a lehet\u0151 legr\u00f6videbbre cs\u00f6kkents\u00fck.<\/p>\n\n\n\n<h3 class=\"wp-block-heading\">Egyszer\u0171 \u00e9s biztons\u00e1gos online rendel\u00e9s<\/h3>\n\n\n<p class=\"wp-block-paragraph\">Weboldalunkon z\u00f6kken\u0151mentes \u00e9s biztons\u00e1gos fizet\u00e9si folyamat mellett k\u00f6zvetlen\u00fcl online rendelhet. Nem kell a forgalmaz\u00f3kkal egyeztetni vagy \u00e1raj\u00e1nlatra v\u00e1rni. \u00d6n egyszer\u0171en kiv\u00e1lasztja a term\u00e9ket, leadja a rendel\u00e9s\u00e9t, \u00e9s az m\u00e1r \u00faton is van \u00d6nh\u00f6z. Ez a k\u00f6zvetlen\u00fcl a fogyaszt\u00f3nak sz\u00f3l\u00f3 modell azt is lehet\u0151v\u00e9 teszi sz\u00e1munkra, hogy \u00e1raink \u00e1tl\u00e1that\u00f3ak \u00e9s versenyk\u00e9pesek maradjanak, mivel a tranzakci\u00f3 sor\u00e1n nincsenek k\u00f6ztes keresked\u0151i \u00e1rr\u00e9sek.<\/p>\n\n\n\n<h2 class=\"wp-block-heading\">Az Ferber Painting retarder\u00e9nek \u00f6sszehasonl\u00edt\u00e1sa a piacon el\u00e9rhet\u0151 egy\u00e9b term\u00e9kekkel<\/h2>\n\n\n\n<p class=\"wp-block-paragraph\">Annak \u00e9rdek\u00e9ben, hogy k\u00f6nnyebben l\u00e1that\u00f3 legyen, mi\u00e9rt a mi term\u00e9k\u00fcnk az okosabb v\u00e1laszt\u00e1s, \u00edme egy \u00f6sszehasonl\u00edt\u00e1s a legfontosabb szempontokr\u00f3l, amelyeket a vev\u0151knek figyelembe kell venni\u00fck betonK\u00f6t\u00e9sk\u00e9sleltet\u0151 v\u00e1s\u00e1rl\u00e1sakor.<\/p>\n\n\n\n<figure class=\"wp-block-table\"><table>\n  <tr>\n    <th>Felt\u00e9telek<\/th>\n    <th>Ferber Painting beton- \u00e9s cementlass\u00edt\u00f3<\/th>\n    <th>Tipikus versenyt\u00e1rs term\u00e9kek<\/th>\n  <\/tr>\n  <tr>\n    <td>El\u00e9gedetts\u00e9gi garancia<\/td>\n    <td>Teljes el\u00e9gedetts\u00e9gi vagy p\u00e9nzvisszafizet\u00e9si garancia minden rendel\u00e9sn\u00e9l<\/td>\n    <td>Ritk\u00e1n k\u00edn\u00e1lt lehet\u0151s\u00e9g, \u00e9s gyakran csak a hib\u00e1s term\u00e9kekre korl\u00e1toz\u00f3dik<\/td>\n  <\/tr>\n  <tr>\n    <td>Az eredm\u00e9nyek konzisztenci\u00e1ja<\/td>\n    <td>T\u00f6bb \u00e9ghajlaton \u00e9s cementt\u00edpuson tesztelve a kisz\u00e1m\u00edthat\u00f3 eredm\u00e9nyek \u00e9rdek\u00e9ben<\/td>\n    <td>Gyakran k\u00f6vetkezetlen a h\u0151m\u00e9rs\u00e9klett\u0151l \u00e9s a p\u00e1ratartalomt\u00f3l f\u00fcgg\u0151en<\/td>\n  <\/tr>\n  <tr>\n    <td>Biztons\u00e1g a felhaszn\u00e1l\u00f3k sz\u00e1m\u00e1ra<\/td>\n    <td>\u00dagy lett kifejlesztve, hogy minimaliz\u00e1lja a b\u0151r irrit\u00e1ci\u00f3j\u00e1t \u00e9s a k\u00f6rnyezetterhel\u00e9st<\/td>\n    <td>Egyes term\u00e9kek er\u0151s vegyszerek miatt neh\u00e9z v\u00e9d\u0151felszerel\u00e9st ig\u00e9nyelnek<\/td>\n  <\/tr>\n  <tr>\n    <td>Sokoldal\u00fas\u00e1g<\/td>\n    <td>Kompatibilis a standard, dekorat\u00edv \u00e9s speci\u00e1lis cementkever\u00e9kekkel<\/td>\n    <td>Gyakran korl\u00e1tozott specifikus alkalmaz\u00e1sokra<\/td>\n  <\/tr>\n  <tr>\n    <td>Sz\u00e1ll\u00edt\u00e1s<\/td>\n    <td>Gyors, vil\u00e1gszerte t\u00f6rt\u00e9n\u0151 k\u00e9zbes\u00edt\u00e9s nemzetk\u00f6zi fuvaroz\u00f3i h\u00e1l\u00f3zaton kereszt\u00fcl<\/td>\n    <td>Gyakran csak belf\u00f6ldi sz\u00e1ll\u00edt\u00e1sra vagy lass\u00fa nemzetk\u00f6zi opci\u00f3kra korl\u00e1toz\u00f3dik<\/td>\n  <\/tr>\n  <tr>\n    <td>V\u00e1s\u00e1rl\u00e1s k\u00f6nnyeds\u00e9ge<\/td>\n    <td>Egyszer\u0171, biztons\u00e1gos online rendel\u00e9s k\u00f6zvetlen\u00fcl a gy\u00e1rt\u00f3t\u00f3l<\/td>\n    <td>N\u00e9ha megk\u00f6veteli a forgalmaz\u00f3kkal val\u00f3 kapcsolatfelv\u00e9telt vagy az \u00e1raj\u00e1nlatokra val\u00f3 v\u00e1rakoz\u00e1st<\/td>\n  <\/tr>\n<\/table><\/figure>\n\n\n\n<p class=\"wp-block-paragraph\">Ahogyan ez az \u00f6sszehasonl\u00edt\u00e1s is mutatja, a Ferber Painting v\u00e1laszt\u00e1s\u00e1nak el\u0151nyei messze t\u00falmutatnak a k\u00e9miai k\u00e9plet\u00e9n. A teljes v\u00e1s\u00e1rl\u00e1si \u00e9lm\u00e9ny \u2013 a megrendel\u00e9st\u0151l a sz\u00e1ll\u00edt\u00e1son \u00e1t az \u00e9rt\u00e9kes\u00edt\u00e9s ut\u00e1ni t\u00e1mogat\u00e1sig \u2013 \u00fagy lett kialak\u00edtva, hogy az \u00fcgyfelek nyugodtan v\u00e1s\u00e1rolhassanak.<\/p>\n\n\n\n<h3 class=\"wp-block-heading\">Mi a k\u00f6z\u00f6s a kivitelez\u0151kben \u00e9s a bark\u00e1csol\u00f3kban a k\u00f6t\u00e9sk\u00e9sleltet\u0151 kiv\u00e1laszt\u00e1sakor<\/h3>\n\n\n\n<p class=\"wp-block-paragraph\">\u00c9rdemes megjegyezni, hogy mind a nagy projekteken dolgoz\u00f3 kivitelez\u0151k, mind az egy\u00e9ni lak\u00e1stulajdonosok hajlamosak ugyanazokat a alapvet\u0151 t\u00e9nyez\u0151ket el\u0151nyben r\u00e9szes\u00edteni egy k\u00e9sleltet\u0151 szer kiv\u00e1laszt\u00e1sakor,annak ellen\u00e9re, hogy a projektjeik l\u00e9pt\u00e9ke jelent\u0151sen elt\u00e9r. A megb\u00edzhat\u00f3s\u00e1g minden alkalommal az els\u0151 helyen \u00e1ll. Egy kivitelez\u0151 sem engedheti meg mag\u00e1nak, hogy a szem\u00e9lyzet t\u00e9tlen\u00fcl \u00e1lljon, ami\u00e9rt a k\u00e9sleltet\u0151 nem a v\u00e1rt m\u00f3don teljes\u00edtett, \u00e9s egy h\u00e9tv\u00e9gi projekten dolgoz\u00f3 lak\u00e1stulajdonos sem vesz\u00edthet el egy eg\u00e9sz adag betont egy elrontott dekorat\u00edv fel\u00fclet miatt. A k\u00f6nny\u0171 kezelhet\u0151s\u00e9g szint\u00e9n k\u00f6z\u00f6s priorit\u00e1s. Senki sem akar \u00f3r\u00e1kat t\u00f6lteni \u00f6sszetett adagol\u00e1si k\u00e9pletek sz\u00e1m\u00edt\u00e1s\u00e1val vagy zavar\u00f3 kever\u00e9si utas\u00edt\u00e1sokkal val\u00f3 bajl\u00f3d\u00e1ssal. V\u00e9g\u00fcl, mindk\u00e9t csoport \u00e9rt\u00e9keli az \u00e1rak \u00e9s a sz\u00e1ll\u00edt\u00e1s \u00e1tl\u00e1that\u00f3s\u00e1g\u00e1t, mivel a v\u00e1ratlan k\u00e9s\u00e9sek vagy rejtett k\u00f6lts\u00e9gek felbor\u00edthatj\u00e1k a gondosan megtervezett projekt\u00fctemtervet.<\/p>\n\n\n\n<h2 class=\"wp-block-heading\">L\u00e9p\u00e9sr\u0151l l\u00e9p\u00e9sre \u00fatmutat\u00f3: Hogyan k\u00e9sleltethet\u0151 a beton k\u00f6t\u00e9se<\/h2>\n\n\n\n<p class=\"wp-block-paragraph\">Most, hogy m\u00e1r tiszt\u00e1ban van vele, mi\u00e9rt olyan fontos a megfelel\u0151 term\u00e9k kiv\u00e1laszt\u00e1sa, n\u00e9zz\u00fck \u00e1t azokat a gyakorlati l\u00e9p\u00e9seket, amelyekkel hat\u00e9konyan k\u00e9sleltethet\u0151 a beton k\u00f6t\u00e9se egy olyan kiv\u00e1l\u00f3 min\u0151s\u00e9g\u0171 k\u00f6t\u00e9sk\u00e9sleltet\u0151 seg\u00edts\u00e9g\u00e9vel, mint az Ferber Painting-t\u0151l sz\u00e1rmaz\u00f3 term\u00e9k.<\/p>\n\n\n\n<h3 class=\"wp-block-heading\">1. l\u00e9p\u00e9s: M\u00e9rje fel a projekt ig\u00e9nyeit<\/h3>\n\n\n<p class=\"wp-block-paragraph\">Miel\u0151tt b\u00e1rmilyen k\u00f6t\u00e9slass\u00edt\u00f3t megv\u00e1s\u00e1rolna vagy felvinne, hat\u00e1rozza meg, mennyi tov\u00e1bbi bedolgoz\u00e1si id\u0151re van val\u00f3ban sz\u00fcks\u00e9ge. Nagy sz\u00e1ll\u00edt\u00e1si t\u00e1vols\u00e1ggal kell szemben\u00e9znie a kever\u0151telept\u0151l a munkater\u00fcletig? Nagy h\u0151s\u00e9gben dolgozik, amely felgyors\u00edtja a hidrat\u00e1ci\u00f3t? Vagy olyan dekorat\u00edv fel\u00fcletet k\u00e9sz\u00edt, amely kiterjesztett fel\u00fcleti munk\u00e1t ig\u00e9nyel? Az \u00d6n specifikus ig\u00e9ny\u00e9nek ismerete seg\u00edt meghat\u00e1rozni a megfelel\u0151 adagol\u00e1st.<\/p>\n\n\n<p class=\"wp-block-paragraph\">Sz\u00e1njon id\u0151t a teljes munkafolyamat megtervez\u00e9s\u00e9re, miel\u0151tt az \u00f6nt\u00e9s megkezd\u0151dik. Ha p\u00e9ld\u00e1ul egy nagy kocsibej\u00e1r\u00f3t \u00f6nt, sz\u00e1m\u00edtsa ki, mennyi id\u0151 alatt \u00e9rkezik a mixeraut\u00f3 a helysz\u00ednre, mennyi id\u0151re van sz\u00fcks\u00e9ge a brig\u00e1dnak a beton elter\u00edt\u00e9s\u00e9hez \u00e9s elegyenget\u00e9s\u00e9hez, valamint mennyi tov\u00e1bbi id\u0151 sz\u00fcks\u00e9ges az esetleges d\u00edsz\u00edt\u0151 text\u00far\u00e1z\u00e1shoz. E l\u00e9p\u00e9sek \u00f6sszead\u00e1s\u00e1val kap egy re\u00e1lis becsl\u00e9st a sz\u00fcks\u00e9ges teljes munkaid\u0151r\u0151l, ami viszont megmutatja, mennyi k\u00e9sleltet\u0151 adal\u00e9kanyagot kell a kever\u00e9khez adni.<\/p>\n\n\n\n<h3 class=\"wp-block-heading\">2. l\u00e9p\u00e9s: V\u00e1lassza ki a megfelel\u0151 k\u00e9sleltet\u0151t<\/h3>\n\n\n<p class=\"wp-block-paragraph\">Mint m\u00e1r eml\u00edtett\u00fck, nem minden k\u00e9sleltet\u0151 egyform\u00e1n hat\u00e9kony. Ha egy megb\u00edzhat\u00f3, alaposan tesztelt k\u00e9sz\u00edtm\u00e9nyt v\u00e1laszt, mint p\u00e9ld\u00e1ul az Ferber Painting beton- \u00e9s cementk\u00e9sleltet\u0151t, az biztos\u00edtja, hogy az eredm\u00e9nyek \u00e1lland\u00f3ak \u00e9s megb\u00edzhat\u00f3ak legyenek, \u00edgy id\u0151t \u00e9s az anyagokba fektetett p\u00e9nzt egyar\u00e1nt megtakar\u00edthat.<\/p>\n\n\n<p class=\"wp-block-paragraph\">\u00c9rdemes figyelembe venni a gy\u00e1rt\u00f3 h\u00edrnev\u00e9t \u00e9s eddigi eredm\u00e9nyeit is. Az a v\u00e1llalat, amely szil\u00e1rd garanci\u00e1val \u00e1ll term\u00e9ke mellett \u2013 mint p\u00e9ld\u00e1ul az Ferber Painting \u00e1ltal k\u00edn\u00e1lt \u201eel\u00e9gedetts\u00e9gi garancia vagy p\u00e9nzvisszafizet\u00e9s\u201d elv \u2013, ezzel jelzi, hogy b\u00edzik a k\u00e9sz\u00edtm\u00e9ny \u00f6sszet\u00e9tel\u00e9nek \u00e1lland\u00f3s\u00e1g\u00e1ban a k\u00fcl\u00f6nb\u00f6z\u0151 gy\u00e1rt\u00e1si t\u00e9telek \u00e9s k\u00f6r\u00fclm\u00e9nyek k\u00f6z\u00f6tt is. Ez sokkal megb\u00edzhat\u00f3bb min\u0151s\u00e9gi mutat\u00f3, mint puszt\u00e1n a marketinges \u00e1ll\u00edt\u00e1sok.<\/p>\n\n\n\n<h3 class=\"wp-block-heading\">3. l\u00e9p\u00e9s: Sz\u00e1m\u00edtsa ki a helyes adagot<\/h3>\n\n\n<p class=\"wp-block-paragraph\">A k\u00f6t\u00e9sk\u00e9sleltet\u0151ket \u00e1ltal\u00e1ban a kever\u00e9kben l\u00e9v\u0151 cement teljes t\u00f6meg\u00e9nek sz\u00e1zal\u00e9k\u00e1ban adj\u00e1k hozz\u00e1. A pontos adagol\u00e1s att\u00f3l f\u00fcgg, hogy mekkora k\u00e9sleltet\u00e9st szeretne, \u00e9s milyen a k\u00f6rnyezeti h\u0151m\u00e9rs\u00e9klet. A magasabb h\u0151m\u00e9rs\u00e9klet \u00e1ltal\u00e1ban valamivel magasabb adagol\u00e1st ig\u00e9nyel, mivel a hidrat\u00e1ci\u00f3 a h\u0151s\u00e9gben term\u00e9szetesen felgyorsul. Ha bizonytalan, mindig a gy\u00e1rt\u00f3 \u00e1ltal aj\u00e1nlott adagol\u00e1si tartom\u00e1nnyal kezdje, \u00e9s egy kis pr\u00f3bakever\u00e9s alapj\u00e1n v\u00e9gezzen igaz\u00edt\u00e1sokat.<\/p>\n\n\n<p class=\"wp-block-paragraph\">\u00c1ltal\u00e1nos \u00f6k\u00f6lszab\u00e1lyk\u00e9nt elmondhat\u00f3, hogy az adagol\u00e1s kis m\u00e9rt\u00e9k\u0171 n\u00f6vel\u00e9se is \u00e9szrevehet\u0151en hosszabb k\u00e9sleltet\u00e9st eredm\u00e9nyez, ez\u00e9rt fontos, hogy szemm\u00e9rt\u00e9k szerinti becsl\u00e9s helyett \u00f3vatosan m\u00e9rj\u00fcnk. A megfelel\u0151 m\u00e9rleg vagy m\u00e9r\u0151ed\u00e9ny haszn\u00e1lata biztos\u00edtja az egys\u00e9gess\u00e9get a k\u00fcl\u00f6nb\u00f6z\u0151 t\u00e9telekben, k\u00fcl\u00f6n\u00f6sen nagyobb projektekn\u00e9l, ahol a beton t\u00f6bb adagj\u00e1nak ugyan\u00fagy kell viselkednie. Az alkalmazott adagol\u00e1sr\u00f3l, a kever\u00e9s idej\u00e9n m\u00e9rett k\u00fcls\u0151 h\u0151m\u00e9rs\u00e9kletr\u0151l \u00e9s a megfigyelt k\u00f6t\u00e9si id\u0151r\u0151l vezetett \u00edr\u00e1sos napl\u00f3 szint\u00e9n seg\u00edthet a m\u00f3dszer finomhangol\u00e1s\u00e1ban a k\u00e9s\u0151bbi projektekn\u00e9l.<\/p>\n\n\n\n<h3 class=\"wp-block-heading\">4. l\u00e9p\u00e9s: Keverje \u00f6ssze alaposan \u00e9s egyenletesen<\/h3>\n\n\n<p class=\"wp-block-paragraph\">A k\u00e9sleltet\u0151 egyenetlen eloszl\u00e1sa az egyik leggyakoribb oka a betonlemez egyenetlen k\u00f6t\u00e9s\u00e9nek. Adja a k\u00e9sleltet\u0151t a v\u00edzhez, miel\u0151tt \u00f6sszefonn\u00e1 a sz\u00e1raz cementkever\u00e9kkel, \u00e9s gondoskodjon az alapos kever\u00e9sr\u0151l, hogy a vegyi anyag egyenletesen oszoljon el az eg\u00e9sz adagban.<\/p>\n\n\n<p class=\"wp-block-paragraph\">Ha mechanikus kever\u0151t haszn\u00e1l, hagyjon r\u00e1 extra kever\u00e9si id\u0151t a k\u00e9sleltet\u0151 hozz\u00e1ad\u00e1sa ut\u00e1n, hogy garant\u00e1lja a teljes eloszl\u00e1st. K\u00e9zzel kevert t\u00e9telek eset\u00e9n kisebb mennyis\u00e9gekben keverjen, hogy cs\u00f6kkentse annak kock\u00e1zat\u00e1t, hogy a el nem kevert k\u00e9sleltet\u0151 zsebei le\u00fclepedjenek a ed\u00e9ny alj\u00e1n. Az egyenetlen kever\u00e9s az egyik f\u0151 oka a foltos k\u00f6t\u00e9snek, ahol a lemez egyes r\u00e9szei gyorsabban kem\u00e9nyednek meg, mint m\u00e1sok, ami l\u00e1that\u00f3 illeszt\u00e9sekhez vagy gyenge pontokhoz vezet.<\/p>\n\n\n\n<h3 class=\"wp-block-heading\">5. l\u00e9p\u00e9s: A k\u00f6rnyezeti felt\u00e9telek fel\u00fcgyelete<\/h3>\n\n\n<p class=\"wp-block-paragraph\">A h\u0151m\u00e9rs\u00e9klet, a p\u00e1ratartalom \u00e9s a sz\u00e9l mind befoly\u00e1solj\u00e1k a beton k\u00f6t\u00e9s\u00e9t. Forr\u00f3 napokon \u00e9rdemes a h\u0171v\u00f6sebb napszakokban keverni, valamint \u00e1rny\u00e9kol\u00e1st vagy takar\u00e1st haszn\u00e1lni a nedvess\u00e9g elp\u00e1rolg\u00e1s\u00e1nak lass\u00edt\u00e1s\u00e1ra. Ez a k\u00f6t\u00e9slass\u00edt\u00f3val kombin\u00e1lva maxim\u00e1lis ir\u00e1ny\u00edt\u00e1st biztos\u00edt a megmunk\u00e1l\u00e1si id\u0151 felett.<\/p>\n\n\n<p class=\"wp-block-paragraph\">A sz\u00e9l alul\u00e9rt\u00e9kelt t\u00e9nyez\u0151 lehet. M\u00e9g egy enyhe napon is az er\u0151s sz\u00e9l gyorsan elp\u00e1rologtathatja a fel\u00fcleti nedvess\u00e9get, aminek k\u00f6vetkezt\u00e9ben a beton fels\u0151 r\u00e9tege gyorsabban szil\u00e1rdul meg, mint az alatta l\u00e9v\u0151 anyag. Sz\u00e9lfog\u00f3k vagy ideiglenes akad\u00e1lyok haszn\u00e1lata az \u00f6nt\u00e9si hely k\u00f6r\u00fcl seg\u00edthet fenntartani az egyenletesebb k\u00f6r\u00fclm\u00e9nyeket. Hasonl\u00f3k\u00e9ppen, nagyon p\u00e1r\u00e1s k\u00f6rnyezetben a k\u00f6t\u00e9s \u00f6sszess\u00e9g\u00e9ben hosszabb ideig tarthat, ez\u00e9rt c\u00e9lszer\u0171 lehet a k\u00e9sleltet\u0151 adagol\u00e1s\u00e1t kiss\u00e9 cs\u00f6kkenteni, hogy elker\u00fclj\u00fck a t\u00falzottan hossz\u00fa nyitott id\u0151t, amely befoly\u00e1solhatja a projekt \u00fctemterv\u00e9t.<\/p>\n\n\n\n<h3 class=\"wp-block-heading\">6. l\u00e9p\u00e9s: Tesztel\u00e9s a nagyszab\u00e1s\u00fa alkalmaz\u00e1s el\u0151tt<\/h3>\n\n\n<p class=\"wp-block-paragraph\">Ha nagym\u00e9ret\u0171 projekten dolgozik, vagy kor\u00e1bban m\u00e9g nem haszn\u00e1lt egy adott k\u00f6t\u00e9sk\u00e9sleltet\u0151 adagot, b\u00f6lcs dolog el\u0151sz\u00f6r egy kis pr\u00f3ba\u00f6nt\u00e9st v\u00e9gezni. Ez lehet\u0151v\u00e9 teszi, hogy megbizonyosodjon arr\u00f3l, hogy a k\u00f6t\u00e9si id\u0151 k\u00e9sleltet\u00e9se megfelel az elv\u00e1r\u00e1sainak, miel\u0151tt elk\u00f6telezn\u00e9 mag\u00e1t a teljes munka mellett.<\/p>\n\n\n<p class=\"wp-block-paragraph\">Egy egyszer\u0171 teszt mag\u00e1ban foglalja egy kis adag \u2013 k\u00f6r\u00fclbel\u00fcl egy v\u00f6d\u00f6rnyi \u2013 bekever\u00e9s\u00e9t pontosan azzal az adagol\u00e1ssal, amelyet a teljes projektn\u00e9l tervez haszn\u00e1lni. Figyelje meg, hogyan viselkedik a kever\u00e9k rendszeres id\u0151k\u00f6z\u00f6nk\u00e9nt, feljegyezve, hogy mikor kezd vesz\u00edteni a megmunk\u00e1lhat\u00f3s\u00e1g\u00e1b\u00f3l, \u00e9s mikor v\u00e1lik t\u00fal kem\u00e9nyv\u00e9 a sim\u00edt\u00e1shoz. Ezen megfigyel\u00e9sek \u00f6sszehasonl\u00edt\u00e1sa a projekt \u00fctemterv\u00e9vel azonnal megmutatja, hogy m\u00f3dos\u00edtania kell-e az adagol\u00e1st, miel\u0151tt tov\u00e1bbl\u00e9pne a f\u0151 \u00f6nt\u00e9ssel.<\/p>\n\n\n\n<h3 class=\"wp-block-heading\">7. l\u00e9p\u00e9s: Alkalmazza a sim\u00edt\u00e1si technik\u00e1kat a kiterjesztett ablakon bel\u00fcl<\/h3>\n\n\n<p class=\"wp-block-paragraph\">Miut\u00e1n a k\u00f6t\u00e9sk\u00e9sleltet\u0151 meghosszabb\u00edtotta a k\u00f6t\u00e9si id\u0151t, haszn\u00e1lja ezt az ablakot okosan. Dekorat\u00edv beton eset\u00e9ben ez jelentheti a s\u00f3der felt\u00e1r\u00e1s\u00e1t, nyomott mint\u00e1k alkalmaz\u00e1s\u00e1t vagy a fel\u00fcletek sim\u00edt\u00e1s\u00e1t. Szerkezeti beton\u00f6nt\u00e9sekn\u00e9l egyszer\u0171en azt jelentheti, hogy biztos\u00edtja a beton megfelel\u0151 szintbe hoz\u00e1s\u00e1t \u00e9s sim\u00edt\u00e1s\u00e1t, miel\u0151tt az t\u00fals\u00e1gosan megk\u00f6trene a tov\u00e1bbi megmunk\u00e1l\u00e1shoz.<\/p>\n\n\n<p class=\"wp-block-paragraph\">A k\u00fcl\u00f6nb\u00f6z\u0151 fel\u00fcletkezel\u00e9si technik\u00e1k elt\u00e9r\u0151 nyitott id\u0151t ig\u00e9nyelnek. A szemcsekiv\u00e1g\u00e1sos (kif\u00fcrk\u00e9szett) fel\u00fcletek p\u00e9ld\u00e1ul gyakran ig\u00e9nylik a fel\u00fcleti cementp\u00e9p lemos\u00e1s\u00e1t, hogy felt\u00e1rj\u00e1k az alatta l\u00e9v\u0151 k\u00f6veket; ez a folyamat a k\u00f6t\u00e9s pontosan megfelel\u0151 szakasz\u00e1ban kell, hogy megt\u00f6rt\u00e9njen, sem t\u00fal kor\u00e1n, sem t\u00fal k\u00e9s\u0151n. A mint\u00e1zott beton megk\u00f6veteli, hogy a fel\u00fclet el\u00e9g szil\u00e1rd legyen a minta megtart\u00e1s\u00e1hoz, de el\u00e9g puha ahhoz, hogy reped\u00e9s n\u00e9lk\u00fcl fogadja a b\u00e9lyegz\u0151t. Ha a retarder adagol\u00e1s\u00e1t ezekhez a specifikus m\u0171szaki k\u00f6vetelm\u00e9nyekhez igaz\u00edtja, nagys\u00e1grenddel jobb eredm\u00e9nyeket \u00e9rhet el, mint egy \u00e1ltal\u00e1nos k\u00e9sleltet\u00e9si id\u0151 alkalmaz\u00e1s\u00e1val.<\/p>\n\n\n\n<h3 class=\"wp-block-heading\">8. l\u00e9p\u00e9s: Hagyja megfelel\u0151en k\u00f6tni<\/h3>\n\n\n<p class=\"wp-block-paragraph\">Miut\u00e1n a meghosszabb\u00edtott bedolgoz\u00e1si id\u0151 letelt, hagyja a betont a szok\u00e1sos m\u00f3don megk\u00f6tni. Az olyan min\u0151s\u00e9g\u0171 k\u00f6t\u00e9sk\u00e9sleltet\u0151, mint a mi\u00e9nk, \u00fagy van kialak\u00edtva, hogy k\u00e9sleltesse a k\u00f6t\u00e9st an\u00e9lk\u00fcl, hogy negat\u00edvan befoly\u00e1soln\u00e1 a megszil\u00e1rdult beton v\u00e9gs\u0151 nyom\u00f3szil\u00e1rds\u00e1g\u00e1t vagy tart\u00f3ss\u00e1g\u00e1t.<\/p>\n\n\n<p class=\"wp-block-paragraph\">Az ut\u00f3kezel\u00e9s ugyanolyan fontos, mint a kezdeti k\u00f6t\u00e9si f\u00e1zis. M\u00e9g miut\u00e1n a fel\u00fclet kem\u00e9nynek t\u0171nik is, a bels\u0151 hidrat\u00e1ci\u00f3s folyamat hetekig folytat\u00f3dik. A lemez v\u00e9delme a gyors kisz\u00e1rad\u00e1st\u00f3l, ut\u00f3kezel\u0151 szerek vagy sz\u00fcks\u00e9g eset\u00e9n nedves takar\u00e1s haszn\u00e1lata, valamint a t\u00fal korai neh\u00e9z terhel\u00e9sek elker\u00fcl\u00e9se a ki\u00f6nt\u00e9s ut\u00e1n biztos\u00edtja, hogy a beton el\u00e9rje a teljes tervezett szil\u00e1rds\u00e1g\u00e1t, f\u00fcggetlen\u00fcl att\u00f3l, hogy adagoltak-e k\u00f6t\u00e9sk\u00e9sleltet\u0151t a kever\u00e9si szakaszban, vagy sem.<\/p>\n\n\n\n<h3 class=\"wp-block-heading\">Tov\u00e1bbi tippek hideg id\u0151ben t\u00f6rt\u00e9n\u0151 ki\u00f6nt\u00e9shez<\/h3>\n\n\n\n<p class=\"wp-block-paragraph\">B\u00e1r a k\u00f6t\u00e9ssel k\u00e9sleltet\u0151kkel kapcsolatos vit\u00e1k nagy r\u00e9sze a meleg id\u0151j\u00e1r\u00e1sra f\u00f3kusz\u00e1l, \u00e9rdemes megeml\u00edteni, hogy a hideg id\u0151j\u00e1r\u00e1s saj\u00e1t kih\u00edv\u00e1sokat tartogat. Hideg k\u00f6r\u00fclm\u00e9nyek k\u00f6z\u00f6tt a hidrat\u00e1ci\u00f3 term\u00e9szetesen lelassul, n\u00e9ha annyira, hogy a k\u00e9sleltet\u0151k helyett tov\u00e1bbi gyors\u00edt\u00f3szerekre van sz\u00fcks\u00e9g. Vannak azonban olyan helyzetek, mint p\u00e9ld\u00e1ul a nagy kereskedelmi betonoz\u00e1sok, amelyek sor\u00e1n t\u00f6bb mixeraut\u00f3 \u00e9rkezik hosszabb id\u0151 alatt, amikor m\u00e9g h\u0171v\u00f6sebb id\u0151ben is seg\u00edthet a k\u00e9sleltet\u0151 a k\u00fcl\u00f6nb\u00f6z\u0151 sz\u00e1ll\u00edtm\u00e1nyok k\u00f6t\u00e9si idej\u00e9nek \u00f6sszehangol\u00e1s\u00e1ban. Az adott \u00e9ghajlat \u00e9s a projekt \u00fctemterv\u00e9nek ismerete elengedhetetlen a megfelel\u0151 adagol\u00e1si strat\u00e9gia kiv\u00e1laszt\u00e1s\u00e1hoz, \u00e9s itt v\u00e1lnak k\u00fcl\u00f6n\u00f6sen \u00e9rt\u00e9kess\u00e9 a fent eml\u00edtett vizsg\u00e1latok \u00e9s a gondos tervez\u00e9s.<\/p>\n\n\n\n<h2 class=\"wp-block-heading\">Gyakran Ism\u00e9telt K\u00e9rd\u00e9sek<\/h2>\n\n\n\n<h3 class=\"wp-block-heading\">Mit csin\u00e1l val\u00f3j\u00e1ban a betonkem\u00e9nyed\u00e9s-k\u00e9sleltet\u0151?<\/h3>\n\n\n<p class=\"wp-block-paragraph\">A betonadal\u00e9kszerk\u00e9nt haszn\u00e1lt k\u00f6t\u00e9sk\u00e9sleltet\u0151 lelass\u00edtja a cement vegyi hidrat\u00e1ci\u00f3s folyamat\u00e1t, megn\u00f6velve azt az id\u0151t, am\u00edg a beton megmunk\u00e1lhat\u00f3 marad, miel\u0151tt megkem\u00e9nyedne.<\/p>\n\n\n\n<h3 class=\"wp-block-heading\">Gyeng\u00edti a betonomat, ha k\u00e9sleltet\u0151t haszn\u00e1lok?<\/h3>\n\n\n<p class=\"wp-block-paragraph\">Helyes haszn\u00e1lat \u00e9s megfelel\u0151 adagol\u00e1s mellett egy olyan kiv\u00e1l\u00f3 min\u0151s\u00e9g\u0171 k\u00e9sleltet\u0151, mint az Ferber Painting k\u00e9sz\u00edtm\u00e9ny, nem gyeng\u00edti a beton v\u00e9gs\u0151, kikem\u00e9nyedett szil\u00e1rds\u00e1g\u00e1t. A rossz min\u0151s\u00e9g\u0171 term\u00e9kek azonban \u2013 ha \u00f6sszet\u00e9tel\u00fck nem megfelel\u0151 \u2013 esetenk\u00e9nt egyenetlen kikem\u00e9nyed\u00e9st okozhatnak.<\/p>\n\n\n\n<h3 class=\"wp-block-heading\">Mennyi k\u00e9sleltet\u0151t kell haszn\u00e1lnom?<\/h3>\n\n\n<p class=\"wp-block-paragraph\">Az adagol\u00e1s a k\u00edv\u00e1nt k\u00e9sleltet\u00e9si id\u0151t\u0151l \u00e9s a k\u00f6rnyezeti h\u0151m\u00e9rs\u00e9klett\u0151l f\u00fcgg. Javasoljuk, hogy kezdetben k\u00f6vesse a Ferber Painting beton- \u00e9s cementk\u00e9sleltet\u0151h\u00f6z mell\u00e9kelt \u00fatmutat\u00e1st, majd az adott projektj\u00e9hez igazodva egy kis pr\u00f3baadag alapj\u00e1n finom\u00edtsa az adagol\u00e1st.<\/p>\n\n\n\n<h3 class=\"wp-block-heading\">Haszn\u00e1lhatom ezt a term\u00e9ket dekorat\u00edv betonfel\u00fcletekhez?<\/h3>\n\n\n<p class=\"wp-block-paragraph\">Igen, a retarder\u00fcnk el\u00e9g sokoldal\u00fa ahhoz, hogy mind szerkezeti beton\u00f6nt\u00e9sekhez, mind dekorat\u00edv alkalmaz\u00e1sokhoz, p\u00e9ld\u00e1ul l\u00e1tsz\u00f3 kavicsos vagy mint\u00e1zott betonfel\u00fcletekhez is haszn\u00e1lhat\u00f3 legyen.<\/p>\n\n\n\n<h3 class=\"wp-block-heading\">Mi van, ha nem vagyok el\u00e9gedett a term\u00e9kkel?<\/h3>\n\n\n<p class=\"wp-block-paragraph\">A Ferber Painting el\u00e9gedetts\u00e9gi garanci\u00e1t v\u00e1llal erre a term\u00e9kre. Ha nem vagy el\u00e9gedett az eredm\u00e9nyekkel, fordulj hozz\u00e1nk, \u00e9s teljes visszat\u00e9r\u00edt\u00e9st kapsz.<\/p>\n\n\n\n<h3 class=\"wp-block-heading\">Milyen gyorsan kapom meg a rendel\u00e9sem?<\/h3>\n\n\n<p class=\"wp-block-paragraph\">Megb\u00edzhat\u00f3 nemzetk\u00f6zi fut\u00e1rh\u00e1l\u00f3zaton kereszt\u00fcl vil\u00e1gszerte sz\u00e1ll\u00edtunk, \u00edgy a tart\u00f3zkod\u00e1si hely\u00e9t\u0151l f\u00fcggetlen\u00fcl gyors kisz\u00e1ll\u00edt\u00e1st biztos\u00edtunk.<\/p>\n\n\n\n<h3 class=\"wp-block-heading\">Haszn\u00e1lhatj\u00e1k ezt a lass\u00edt\u00f3t kezd\u0151k, akiknek nincs el\u0151zetes tapasztalatuk?<\/h3>\n\n\n<p class=\"wp-block-paragraph\">Igen. M\u00edg a profi kivitelez\u0151k \u00e9rt\u00e9kelni fogj\u00e1k a formula kisz\u00e1m\u00edthat\u00f3s\u00e1g\u00e1t \u00e9s sokoldal\u00fas\u00e1g\u00e1t, a term\u00e9k a DIY (csin\u00e1ld magad) felhaszn\u00e1l\u00f3k sz\u00e1m\u00e1ra is el\u00e9g egyszer\u0171 ahhoz, hogy az aj\u00e1nlott adagol\u00e1si \u00fatmutat\u00f3 betart\u00e1s\u00e1val \u00e9s egy kis adagon t\u00f6rt\u00e9n\u0151 el\u0151zetes tesztel\u00e9ssel sikeresen alkalmazz\u00e1k.<\/p>\n\n\n\n<h3 class=\"wp-block-heading\">V\u00e1ltoztatja-e a k\u00e9sleltet\u0151 a megszil\u00e1rdult beton sz\u00edn\u00e9t vagy megjelen\u00e9s\u00e9t?<\/h3>\n\n\n<p class=\"wp-block-paragraph\">Nem. Kever\u00e9k\u00fcnket \u00fagy tervezt\u00fck, hogy csak a beton k\u00f6t\u00e9si idej\u00e9t befoly\u00e1solja, a v\u00e9gs\u0151 megjelen\u00e9s\u00e9t, sz\u00edn\u00e9t vagy text\u00far\u00e1j\u00e1t nem, \u00edgy biztons\u00e1gosan haszn\u00e1lhat\u00f3 ak\u00e1r dekorat\u00edv \u00e9s \u00e9p\u00edt\u00e9szeti betonprojekteken is, ahol a vizu\u00e1lis egys\u00e9gess\u00e9g kulcsfontoss\u00e1g\u00fa.<\/p>\n\n\n\n<h2 class=\"wp-block-heading\">K\u00f6vetkeztet\u00e9s<\/h2>\n\n\n\n<p class=\"wp-block-paragraph\">A beton k\u00f6t\u00e9s\u00e9nek k\u00e9sleltet\u00e9se pontos tudom\u00e1ny, amely nagyban f\u00fcgg a megb\u00edzhat\u00f3, j\u00f3l \u00f6ssze\u00e1ll\u00edtott k\u00e9sleltet\u0151 szer haszn\u00e1lat\u00e1t\u00f3l. Az olcs\u00f3 vagy rosszul tesztelt alternat\u00edv\u00e1k k\u00f6vetkezetlen eredm\u00e9nyekhez, elpazarolt anyagokhoz \u00e9s felesleges stresszhez vezethetnek az \u00e9p\u00edtkez\u00e9sen. Az \u00fatmutat\u00f3ban felv\u00e1zolt l\u00e9p\u00e9sek k\u00f6vet\u00e9s\u00e9vel \u00e9s egy bizony\u00edtott term\u00e9k haszn\u00e1lat\u00e1val magabiztosan meghosszabb\u00edthatja a munkaid\u0151t an\u00e9lk\u00fcl, hogy fel\u00e1ldozn\u00e1 a k\u00e9sz beton szil\u00e1rds\u00e1g\u00e1t vagy min\u0151s\u00e9g\u00e9t.<\/p>\n\n\n\n<p class=\"wp-block-paragraph\">A hidrat\u00e1ci\u00f3 m\u00f6g\u00f6ttes k\u00e9mi\u00e1j\u00e1nak meg\u00e9rt\u00e9s\u00e9t\u0151l a megfelel\u0151 adagol\u00e1s kisz\u00e1m\u00edt\u00e1s\u00e1n \u00e1t a sim\u00edt\u00e1si munk\u00e1k megn\u00f6velt id\u0151kereten bel\u00fcli elv\u00e9gz\u00e9s\u00e9\u00e9rt minden egyes l\u00e9p\u00e9s sz\u00e1m\u00edt. A gondos tervez\u00e9s kihagy\u00e1sa vagy egy megb\u00edzhatatlan term\u00e9k haszn\u00e1lata a sima \u00f6nt\u00e9snek \u00edg\u00e9rkez\u0151 folyamatot k\u00f6lts\u00e9ges \u00e9s frusztr\u00e1l\u00f3 \u00e9lm\u00e9nny\u00e9 v\u00e1ltoztathatja. Ha r\u00e1sz\u00e1nja az id\u0151t az adagol\u00e1s tesztel\u00e9s\u00e9re, a k\u00f6rnyezeti felt\u00e9telek monitoroz\u00e1s\u00e1ra \u00e9s egy bev\u00e1lt formula kiv\u00e1laszt\u00e1s\u00e1ra, az k\u00f6vetkezetesen biztos\u00edtani fogja a v\u00e1rt eredm\u00e9nyeket, f\u00fcggetlen\u00fcl att\u00f3l, hogy nagy kereskedelmi projektet ir\u00e1ny\u00edt vagy egy kisebb saj\u00e1t fel\u00faj\u00edt\u00e1st v\u00e9gez.<\/p>\n\n\n\n<p class=\"wp-block-paragraph\"><a href=\"https:\/\/www.ferberpainting.com\/hu\/products\/concrete-and-cement-retarder\/\">Rendelje meg m\u00e9g ma az Ferber Painting beton- \u00e9s cementlass\u00edt\u00f3t, \u00e9s pr\u00f3b\u00e1lja ki a piacon az egyetlen olyan betonlass\u00edt\u00f3t, amelyre teljes \u201eel\u00e9gedetts\u00e9gi garancia\u201d vonatkozik \u2013 ha nem el\u00e9gedett, visszat\u00e9r\u00edtj\u00fck a v\u00e9tel\u00e1rat.<\/a><\/p>","protected":false},"excerpt":{"rendered":"<p>Anyone who has worked with concrete knows that timing is everything. Whether you are a professional contractor pouring a large slab or a weekend DIY enthusiast finishing a decorative patio, the moment concrete begins to set, your working window starts closing fast. This is where a reliable concrete retarder becomes essential. But not all retarders [&hellip;]<\/p>\n","protected":false},"author":1,"featured_media":286027,"comment_status":"","ping_status":"open","sticky":false,"template":"","format":"standard","meta":{"_uag_custom_page_level_css":"","site-sidebar-layout":"default","site-content-layout":"","ast-site-content-layout":"default","site-content-style":"default","site-sidebar-style":"default","ast-global-header-display":"","ast-banner-title-visibility":"","ast-main-header-display":"","ast-hfb-above-header-display":"","ast-hfb-below-header-display":"","ast-hfb-mobile-header-display":"","site-post-title":"","ast-breadcrumbs-content":"","ast-featured-img":"","footer-sml-layout":"","ast-disable-related-posts":"","theme-transparent-header-meta":"","adv-header-id-meta":"","stick-header-meta":"","header-above-stick-meta":"","header-main-stick-meta":"","header-below-stick-meta":"","astra-migrate-meta-layouts":"default","ast-page-background-enabled":"default","ast-page-background-meta":{"desktop":{"background-color":"var(--ast-global-color-4)","background-image":"","background-repeat":"repeat","background-position":"center center","background-size":"auto","background-attachment":"scroll","background-type":"","background-media":"","overlay-type":"","overlay-color":"","overlay-opacity":"","overlay-gradient":""},"tablet":{"background-color":"","background-image":"","background-repeat":"repeat","background-position":"center center","background-size":"auto","background-attachment":"scroll","background-type":"","background-media":"","overlay-type":"","overlay-color":"","overlay-opacity":"","overlay-gradient":""},"mobile":{"background-color":"","background-image":"","background-repeat":"repeat","background-position":"center center","background-size":"auto","background-attachment":"scroll","background-type":"","background-media":"","overlay-type":"","overlay-color":"","overlay-opacity":"","overlay-gradient":""}},"ast-content-background-meta":{"desktop":{"background-color":"var(--ast-global-color-5)","background-image":"","background-repeat":"repeat","background-position":"center center","background-size":"auto","background-attachment":"scroll","background-type":"","background-media":"","overlay-type":"","overlay-color":"","overlay-opacity":"","overlay-gradient":""},"tablet":{"background-color":"var(--ast-global-color-5)","background-image":"","background-repeat":"repeat","background-position":"center center","background-size":"auto","background-attachment":"scroll","background-type":"","background-media":"","overlay-type":"","overlay-color":"","overlay-opacity":"","overlay-gradient":""},"mobile":{"background-color":"var(--ast-global-color-5)","background-image":"","background-repeat":"repeat","background-position":"center center","background-size":"auto","background-attachment":"scroll","background-type":"","background-media":"","overlay-type":"","overlay-color":"","overlay-opacity":"","overlay-gradient":""}},"footnotes":""},"categories":[1],"tags":[],"class_list":["post-286028","post","type-post","status-publish","format-standard","has-post-thumbnail","hentry","category-general"],"spectra_custom_meta":{"_uagb_previous_block_counts":["a:90:{s:21:\"uagb\/advanced-heading\";i:0;s:15:\"uagb\/blockquote\";i:0;s:12:\"uagb\/buttons\";i:0;s:18:\"uagb\/buttons-child\";i:0;s:19:\"uagb\/call-to-action\";i:0;s:15:\"uagb\/cf7-styler\";i:0;s:11:\"uagb\/column\";i:0;s:12:\"uagb\/columns\";i:0;s:14:\"uagb\/container\";i:0;s:21:\"uagb\/content-timeline\";i:0;s:27:\"uagb\/content-timeline-child\";i:0;s:14:\"uagb\/countdown\";i:0;s:12:\"uagb\/counter\";i:0;s:8:\"uagb\/faq\";i:0;s:14:\"uagb\/faq-child\";i:0;s:10:\"uagb\/forms\";i:0;s:17:\"uagb\/forms-accept\";i:0;s:19:\"uagb\/forms-checkbox\";i:0;s:15:\"uagb\/forms-date\";i:0;s:16:\"uagb\/forms-email\";i:0;s:17:\"uagb\/forms-hidden\";i:0;s:15:\"uagb\/forms-name\";i:0;s:16:\"uagb\/forms-phone\";i:0;s:16:\"uagb\/forms-radio\";i:0;s:17:\"uagb\/forms-select\";i:0;s:19:\"uagb\/forms-textarea\";i:0;s:17:\"uagb\/forms-toggle\";i:0;s:14:\"uagb\/forms-url\";i:0;s:14:\"uagb\/gf-styler\";i:0;s:15:\"uagb\/google-map\";i:0;s:11:\"uagb\/how-to\";i:0;s:16:\"uagb\/how-to-step\";i:0;s:9:\"uagb\/icon\";i:0;s:14:\"uagb\/icon-list\";i:0;s:20:\"uagb\/icon-list-child\";i:0;s:10:\"uagb\/image\";i:0;s:18:\"uagb\/image-gallery\";i:0;s:13:\"uagb\/info-box\";i:0;s:18:\"uagb\/inline-notice\";i:0;s:11:\"uagb\/lottie\";i:0;s:21:\"uagb\/marketing-button\";i:0;s:10:\"uagb\/modal\";i:0;s:18:\"uagb\/popup-builder\";i:0;s:16:\"uagb\/post-button\";i:0;s:18:\"uagb\/post-carousel\";i:0;s:17:\"uagb\/post-excerpt\";i:0;s:14:\"uagb\/post-grid\";i:0;s:15:\"uagb\/post-image\";i:0;s:17:\"uagb\/post-masonry\";i:0;s:14:\"uagb\/post-meta\";i:0;s:18:\"uagb\/post-taxonomy\";i:0;s:18:\"uagb\/post-timeline\";i:0;s:15:\"uagb\/post-title\";i:0;s:20:\"uagb\/restaurant-menu\";i:0;s:26:\"uagb\/restaurant-menu-child\";i:0;s:11:\"uagb\/review\";i:0;s:12:\"uagb\/section\";i:0;s:14:\"uagb\/separator\";i:0;s:11:\"uagb\/slider\";i:0;s:17:\"uagb\/slider-child\";i:0;s:17:\"uagb\/social-share\";i:0;s:23:\"uagb\/social-share-child\";i:0;s:16:\"uagb\/star-rating\";i:0;s:23:\"uagb\/sure-cart-checkout\";i:0;s:22:\"uagb\/sure-cart-product\";i:0;s:15:\"uagb\/sure-forms\";i:0;s:22:\"uagb\/table-of-contents\";i:0;s:9:\"uagb\/tabs\";i:0;s:15:\"uagb\/tabs-child\";i:0;s:18:\"uagb\/taxonomy-list\";i:0;s:9:\"uagb\/team\";i:0;s:16:\"uagb\/testimonial\";i:0;s:14:\"uagb\/wp-search\";i:0;s:19:\"uagb\/instagram-feed\";i:0;s:10:\"uagb\/login\";i:0;s:17:\"uagb\/loop-builder\";i:0;s:18:\"uagb\/loop-category\";i:0;s:20:\"uagb\/loop-pagination\";i:0;s:15:\"uagb\/loop-reset\";i:0;s:16:\"uagb\/loop-search\";i:0;s:14:\"uagb\/loop-sort\";i:0;s:17:\"uagb\/loop-wrapper\";i:0;s:13:\"uagb\/register\";i:0;s:19:\"uagb\/register-email\";i:0;s:24:\"uagb\/register-first-name\";i:0;s:23:\"uagb\/register-last-name\";i:0;s:22:\"uagb\/register-password\";i:0;s:30:\"uagb\/register-reenter-password\";i:0;s:19:\"uagb\/register-terms\";i:0;s:22:\"uagb\/register-username\";i:0;}"],"_thumbnail_id":["286027"],"_uag_css_file_name":["uag-css-286028.css"],"_elementor_page_assets":["a:0:{}"]},"uagb_featured_image_src":{"full":["https:\/\/www.ferberpainting.com\/wp-content\/uploads\/2026\/09\/comment-retarder-la-prise-du-b-ton.jpg",940,529,false],"thumbnail":["https:\/\/www.ferberpainting.com\/wp-content\/uploads\/2026\/09\/comment-retarder-la-prise-du-b-ton-150x150.jpg",150,150,true],"medium":["https:\/\/www.ferberpainting.com\/wp-content\/uploads\/2026\/09\/comment-retarder-la-prise-du-b-ton-300x169.jpg",300,169,true],"medium_large":["https:\/\/www.ferberpainting.com\/wp-content\/uploads\/2026\/09\/comment-retarder-la-prise-du-b-ton-768x432.jpg",768,432,true],"large":["https:\/\/www.ferberpainting.com\/wp-content\/uploads\/2026\/09\/comment-retarder-la-prise-du-b-ton.jpg",940,529,false],"1536x1536":["https:\/\/www.ferberpainting.com\/wp-content\/uploads\/2026\/09\/comment-retarder-la-prise-du-b-ton.jpg",940,529,false],"2048x2048":["https:\/\/www.ferberpainting.com\/wp-content\/uploads\/2026\/09\/comment-retarder-la-prise-du-b-ton.jpg",940,529,false],"trp-custom-language-flag":["https:\/\/www.ferberpainting.com\/wp-content\/uploads\/2026\/09\/comment-retarder-la-prise-du-b-ton-18x10.jpg",18,10,true],"woocommerce_thumbnail":["https:\/\/www.ferberpainting.com\/wp-content\/uploads\/2026\/09\/comment-retarder-la-prise-du-b-ton-300x300.jpg",300,300,true],"woocommerce_single":["https:\/\/www.ferberpainting.com\/wp-content\/uploads\/2026\/09\/comment-retarder-la-prise-du-b-ton-600x338.jpg",600,338,true],"woocommerce_gallery_thumbnail":["https:\/\/www.ferberpainting.com\/wp-content\/uploads\/2026\/09\/comment-retarder-la-prise-du-b-ton-100x100.jpg",100,100,true]},"uagb_author_info":{"display_name":"admin","author_link":"https:\/\/www.ferberpainting.com\/hu\/blog\/author\/admin2721\/"},"uagb_comment_info":0,"uagb_excerpt":"Anyone who has worked with concrete knows that timing is everything. Whether you are a professional contractor pouring a large slab or a weekend DIY enthusiast finishing a decorative patio, the moment concrete begins to set, your working window starts closing fast. This is where a reliable concrete retarder becomes essential. But not all retarders&hellip;","_links":{"self":[{"href":"https:\/\/www.ferberpainting.com\/hu\/wp-json\/wp\/v2\/posts\/286028","targetHints":{"allow":["GET"]}}],"collection":[{"href":"https:\/\/www.ferberpainting.com\/hu\/wp-json\/wp\/v2\/posts"}],"about":[{"href":"https:\/\/www.ferberpainting.com\/hu\/wp-json\/wp\/v2\/types\/post"}],"author":[{"embeddable":true,"href":"https:\/\/www.ferberpainting.com\/hu\/wp-json\/wp\/v2\/users\/1"}],"replies":[{"embeddable":true,"href":"https:\/\/www.ferberpainting.com\/hu\/wp-json\/wp\/v2\/comments?post=286028"}],"version-history":[{"count":0,"href":"https:\/\/www.ferberpainting.com\/hu\/wp-json\/wp\/v2\/posts\/286028\/revisions"}],"wp:featuredmedia":[{"embeddable":true,"href":"https:\/\/www.ferberpainting.com\/hu\/wp-json\/wp\/v2\/media\/286027"}],"wp:attachment":[{"href":"https:\/\/www.ferberpainting.com\/hu\/wp-json\/wp\/v2\/media?parent=286028"}],"wp:term":[{"taxonomy":"category","embeddable":true,"href":"https:\/\/www.ferberpainting.com\/hu\/wp-json\/wp\/v2\/categories?post=286028"},{"taxonomy":"post_tag","embeddable":true,"href":"https:\/\/www.ferberpainting.com\/hu\/wp-json\/wp\/v2\/tags?post=286028"}],"curies":[{"name":"wp","href":"https:\/\/api.w.org\/{rel}","templated":true}]}}