{"id":286026,"date":"2026-09-02T01:17:10","date_gmt":"2026-09-01T22:17:10","guid":{"rendered":"https:\/\/www.ferberpainting.com\/ie\/blog\/how-to-accelerate-concrete-hardening-the-complete-guide\/"},"modified":"2026-09-02T01:17:10","modified_gmt":"2026-09-01T22:17:10","slug":"how-to-accelerate-concrete-hardening-the-complete-guide","status":"publish","type":"post","link":"https:\/\/www.ferberpainting.com\/hu\/blog\/how-to-accelerate-concrete-hardening-the-complete-guide\/","title":{"rendered":"A beton k\u00f6t\u00e9s\u00e9nek gyors\u00edt\u00e1sa: A teljes \u00fatmutat\u00f3"},"content":{"rendered":"<p class=\"wp-block-paragraph\">A beton k\u00f6t\u00e9s\u00e9nek felgyors\u00edt\u00e1s\u00e1t illet\u0151en minden a megfelel\u0151 term\u00e9k kiv\u00e1laszt\u00e1s\u00e1n m\u00falik. Nem minden betonkem\u00e9ny\u00edt\u0151 egyforma, \u00e9s egy alacsony min\u0151s\u00e9g\u0171 vagy rosszul \u00f6ssze\u00e1ll\u00edtott gyors\u00edt\u00f3 haszn\u00e1lata reped\u00e9sekhez, egyenetlen k\u00f6t\u00e9shez \u00e9s szerkezeti gyenges\u00e9gekhez vezethet, amelyek h\u00f3napokkal vagy ak\u00e1r \u00e9vekkel k\u00e9s\u0151bb is megjelenhetnek. \u00c9ppen ez\u00e9rt b\u00edznak vil\u00e1gszerte oly sok szakember \u00e9s bark\u00e1csol\u00f3 a Ferber Painting beton- \u00e9s cementkem\u00e9ny\u00edt\u0151j\u00e9ben. A term\u00e9k \u00fagy lett kifejlesztve, hogy felgyors\u00edtsa a k\u00f6t\u00e9si folyamatot, mik\u00f6zben meger\u0151s\u00edti a beton szerkezeti integrit\u00e1s\u00e1t, \u00e9s olyan el\u0151nnyel j\u00e1r, amelyet a piacon egyetlen m\u00e1s m\u00e1rka sem k\u00edn\u00e1l: teljes el\u00e9gedetts\u00e9gi garanci\u00e1val vagy p\u00e9nz-visszafizet\u00e9si garanci\u00e1val. Ha nem vagy teljesen el\u00e9gedett az eredm\u00e9nnyel, visszakapod a p\u00e9nzed, minden tov\u00e1bbi k\u00e9rd\u00e9s n\u00e9lk\u00fcl. Ilyen m\u00e9rt\u00e9k\u0171 bizalom egy term\u00e9k ir\u00e1nt ritkas\u00e1gnak sz\u00e1m\u00edt, \u00e9s ez az egyik oka annak, hogy \u00fcgyfeleink \u00fajra \u00e9s \u00fajra visszat\u00e9rnek hozz\u00e1nk.<\/p>\n\n\n\n<p class=\"wp-block-paragraph\">Ebben az \u00fatmutat\u00f3ban v\u00e9gigvezetj\u00fck \u00d6nt mindazon, amit a beton kem\u00e9nyed\u00e9s\u00e9nek felgyors\u00edt\u00e1s\u00e1r\u00f3l tudnia kell \u2013 a kikem\u00e9nyed\u00e9si folyamat m\u00f6g\u00f6tt \u00e1ll\u00f3 tudom\u00e1nyos alapokt\u00f3l kezdve eg\u00e9szen azokig a gyakorlati l\u00e9p\u00e9sekig, amelyeket m\u00e1r ma megtehet a gyorsabb \u00e9s er\u0151sebb eredm\u00e9nyek el\u00e9r\u00e9se \u00e9rdek\u00e9ben. Emellett elmagyar\u00e1zzuk, mi\u00e9rt teljes\u00edt a Ferber Painting beton- \u00e9s cementkem\u00e9ny\u00edt\u0151je k\u00f6vetkezetesen jobban, mint a versenyt\u00e1rsak term\u00e9kei, \u00e9s megv\u00e1laszoljuk azokat a leggyakrabban feltett k\u00e9rd\u00e9seket, amelyeket \u00fcgyfeleink a v\u00e1s\u00e1rl\u00e1s el\u0151tt tesznek fel. Ak\u00e1r t\u00f6bb \u00e9p\u00edtkez\u00e9st ir\u00e1ny\u00edt\u00f3 kivitelez\u0151, ak\u00e1r h\u00e9tv\u00e9gi gar\u00e1zsbe\u00e1ll\u00f3-projektet v\u00e9gz\u0151 h\u00e1ztulajdonos, ak\u00e1r a rakt\u00e1r le\u00e1ll\u00e1si idej\u00e9t minimaliz\u00e1lni k\u00edv\u00e1n\u00f3 l\u00e9tes\u00edtm\u00e9nykezel\u0151, az al\u00e1bbi inform\u00e1ci\u00f3k c\u00e9lja, hogy seg\u00edtsenek \u00d6nnek gyorsabb, okosabb \u00e9s tart\u00f3sabb d\u00f6nt\u00e9seket hozni a betonmunk\u00e1kkal kapcsolatban.<\/p>\n\n\n\n<h2 class=\"wp-block-heading\">Mi\u00e9rt a megfelel\u0151 term\u00e9k tesz mindent k\u00fcl\u00f6nbb\u00e9<\/h2>\n\n\n\n<p class=\"wp-block-paragraph\">A beton kem\u00e9nyed\u00e9se egy k\u00e9miai folyamat, nem csup\u00e1n a v\u00edz elp\u00e1rolg\u00e1s\u00e1nak kiv\u00e1r\u00e1sa. Ahogy a cement v\u00edzzel reag\u00e1l a hidrat\u00e1ci\u00f3 nev\u0171 folyamatban, kalcium-szilik\u00e1t-hidr\u00e1t krist\u00e1lyokat k\u00e9pez, amelyek biztos\u00edtj\u00e1k a beton szil\u00e1rds\u00e1g\u00e1t. Ez a folyamat term\u00e9szetesen hetekig tart, am\u00edg teljesen lezajlik, \u00e9s a standard beton a ki\u00f6nt\u00e9st k\u00f6vet\u0151 28. nap k\u00f6rny\u00e9k\u00e9n \u00e9ri el a teljes szil\u00e1rds\u00e1g\u00e1t. Sz\u00e1mos projekt azonban egyszer\u0171en nem engedheti meg mag\u00e1nak ezt a hossz\u00fa v\u00e1rakoz\u00e1si id\u0151t, legyen sz\u00f3 egy felj\u00e1r\u00f3r\u00f3l, amelyet napokon bel\u00fcl haszn\u00e1lni kell, egy ipari padl\u00f3r\u00f3l, amelynek hamarosan neh\u00e9z g\u00e9peket kell b\u00edrnia, vagy egy jav\u00edt\u00e1si munk\u00e1r\u00f3l, amelyet az id\u0151j\u00e1r\u00e1si viszonyok v\u00e1ltoz\u00e1sa el\u0151tt el kell v\u00e9gezni.<\/p>\n\n\n\n<p class=\"wp-block-paragraph\">Itt j\u00f6nnek a k\u00e9pbe a betonkem\u00e9ny\u00edt\u0151k \u00e9s -k\u00f6t\u00e9sgyors\u00edt\u00f3k. De itt a csavar: nem minden piacon l\u00e9v\u0151 term\u00e9k teszi azt, amit \u00e1ll\u00edt. N\u00e9h\u00e1ny olcs\u00f3 k\u00f6t\u00e9sgyors\u00edt\u00f3 felgyors\u00edtja a fel\u00fcleti kem\u00e9nyed\u00e9st, mik\u00f6zben a beton belsej\u00e9t gyeng\u00e9n \u00e9s por\u00f3zusan hagyja. M\u00e1sok olyan vegyszereket juttatnak be, amelyek elsz\u00ednez\u0151d\u00e9st, vir\u00e1gz\u00e1st vagy a lemez hossz\u00fa t\u00e1v\u00fa k\u00e1rosod\u00e1s\u00e1t okozhatj\u00e1k. A rosszul megv\u00e1lasztott term\u00e9k v\u00e9g\u00fcl sokkal t\u00f6bbe ker\u00fclhet a jav\u00edt\u00e1sok miatt, mint amennyit a munka elkapkod\u00e1s\u00e1val megsp\u00f3roltak.<\/p>\n\n\n\n<p class=\"wp-block-paragraph\">Gondoljunk egy gyakori val\u00f3s helyzetre. Egy v\u00e1llalkoz\u00f3 sz\u0171k hat\u00e1rid\u0151vel le\u00f6nt egy kereskedelmi parkol\u00f3t, \u00e9s egy ismeretlen gyors\u00edt\u00f3szert alkalmaz, amelyet egyszer\u0171en az\u00e9rt v\u00e1s\u00e1rolt, mert az volt a legolcs\u00f3bb opci\u00f3 a helyi t\u00fcz\u00e9pen. A felzet egy napon bel\u00fcl kem\u00e9nynek t\u0171nik, ez\u00e9rt a brig\u00e1d szinte azonnal megnyitja a ter\u00fcletet a k\u00f6nny\u0171 g\u00e9pj\u00e1rm\u0171-forgalom el\u0151tt. N\u00e9h\u00e1ny h\u00f3napon bel\u00fcl azonban apr\u00f3 p\u00f3kh\u00e1l\u00f3s reped\u00e9sek kezdenek megjelenni a betonlapon, \u00e9s a k\u00f6vetkez\u0151 t\u00e9lig a fel\u00fclet r\u00e9szei leh\u00e1mlanak \u00e9s t\u00f6redezni kezdenek a fagy-olvad\u00e1s ciklusok stressze alatt. Ami els\u0151re id\u0151megtakar\u00edt\u00e1snak t\u0171nt, v\u00e9g\u00fcl ezer doll\u00e1ros jav\u00edt\u00e1si k\u00f6lts\u00e9gekbe torkollik, r\u00e1ad\u00e1sul egy el\u00e9gedetlen \u00fcgyf\u00e9l miatti h\u00edrn\u00e9vrombol\u00e1ssal is j\u00e1r. Ez a fajta eredm\u00e9ny sokkal gyakoribb, mint azt az emberek gondoln\u00e1k, \u00e9s szinte mindig ugyanarra a gy\u00f6k\u00e9rokra vezethet\u0151 vissza: egy olyan k\u00f6t\u00e9sgyors\u00edt\u00f3 term\u00e9kre, amelyet kiz\u00e1r\u00f3lag az \u00e1r, nem pedig a teljes\u00edtm\u00e9ny \u00e9s a megb\u00edzhat\u00f3s\u00e1g alapj\u00e1n v\u00e1lasztottak ki.<\/p>\n\n\n\n<p class=\"wp-block-paragraph\">Pontosan ez\u00e9rt olyan fontos a megfelel\u0151 term\u00e9k kiv\u00e1laszt\u00e1sa. Egy j\u00f3l \u00f6ssze\u00e1ll\u00edtott kem\u00e9ny\u00edt\u0151, mint p\u00e9ld\u00e1ul az Ferber Painting beton- \u00e9s cementkem\u00e9ny\u00edt\u0151je, m\u00e9lyen behatol a beton szerkezet\u00e9be, bel\u00fclr\u0151l kifel\u00e9 meger\u0151s\u00edtve azt, mik\u00f6zben felgyors\u00edtja a fel\u00fcleti k\u00f6t\u00e9st is. Az eredm\u00e9ny egy olyan betonlap, amely nemcsak hamarabb t\u0171nik k\u00e9sznek, hanem hossz\u00fa t\u00e1von val\u00f3ban er\u0151sebb, kop\u00e1s\u00e1ll\u00f3bb \u00e9s v\u00edzhatol\u00e1snak jobban ellen\u00e1ll\u00f3 is.<\/p>\n\n\n\n<p class=\"wp-block-paragraph\">\u00cdme egy gyors \u00e1ttekint\u00e9s azokr\u00f3l a kulcsfontoss\u00e1g\u00fa t\u00e9nyez\u0151kr\u0151l, amelyeket a m\u00e1rka megv\u00e1laszt\u00e1s\u00e1t\u00f3l f\u00fcggetlen\u00fcl mindig \u00e9rdemes figyelembe vennie betonkem\u00e9ny\u00edt\u0151 kiv\u00e1laszt\u00e1sa el\u0151tt:<\/p>\n\n\n\n<ul class=\"wp-block-list\">\n<li>Behatol\u00e1si m\u00e9lys\u00e9g a betonfel\u00fcletbe<\/li>\n<li>Kompatibilit\u00e1s k\u00fcl\u00f6nb\u00f6z\u0151 t\u00edpus\u00fa cement- \u00e9s adal\u00e9kanyag-kever\u00e9kekkel<\/li>\n<li>K\u00f6t\u00e9si id\u0151 cs\u00f6kkent\u00e9se (h\u00e1ny napot vagy \u00f3r\u00e1t takar\u00edt meg t\u00e9nylegesen)<\/li>\n<li>Ellen\u00e1ll\u00e1s az id\u0151j\u00e1r\u00e1si viszonyoknak a felhord\u00e1s sor\u00e1n<\/li>\n<li>Hossz\u00fa t\u00e1v\u00fa tart\u00f3ss\u00e1g \u00e9s reped\u00e9s\u00e1ll\u00f3s\u00e1g<\/li>\n<li>K\u00f6nny\u0171 felhord\u00e1s (ecsettel, hengerrel vagy sz\u00f3r\u00f3pisztollyal)<\/li>\n<li>Egyval\u00f3di el\u00e9gedetts\u00e9gi garancia el\u00e9rhet\u0151s\u00e9ge<\/li>\n<li>Sz\u00e1ll\u00edt\u00e1si sebess\u00e9g \u00e9s megb\u00edzhat\u00f3s\u00e1g, k\u00fcl\u00f6n\u00f6sen az id\u0151\u00e9rz\u00e9keny projektek eset\u00e9ben<\/li>\n<\/ul>\n\n\n\n<p class=\"wp-block-paragraph\">Az Ferber Painting beton- \u00e9s cementkem\u00e9ny\u00edt\u0151je mindegyik k\u00f6vetelm\u00e9nynek megfelel, ez\u00e9rt v\u00e1lt az \u00e9p\u00edt\u0151ipari v\u00e1llalkoz\u00f3k, a saj\u00e1t kez\u0171leg fel\u00faj\u00edt\u00f3k \u00e9s az ipari alkalmaz\u00e1sok sz\u00e1m\u00e1ra egyar\u00e1nt els\u0151 sz\u00e1m\u00fa megold\u00e1ss\u00e1. \u00c9rdemes megjegyezni, hogy sok v\u00e1s\u00e1rl\u00f3 csak akkor gondol ezekre a t\u00e9nyez\u0151kre, amikor a projekt m\u00e1r rosszul s\u00fclt el. Ha sz\u00e1n egy kis id\u0151t arra, hogy a term\u00e9ket e lista alapj\u00e1n \u00e9rt\u00e9kelje, miel\u0151tt egyetlen zs\u00e1k cementet is ki\u00f6ntene, azzal k\u00e9s\u0151bb jelent\u0151s id\u0151t, p\u00e9nzt \u00e9s bossz\u00fas\u00e1got takar\u00edthat meg.<\/p>\n\n\n\n<h2 class=\"wp-block-heading\">Mi\u00e9rt kiemelked\u0151 a Ferber Painting beton- \u00e9s cementkem\u00e9ny\u00edt\u0151je?<\/h2>\n\n\n\n<p class=\"wp-block-paragraph\">Az interneten \u00e9s a bark\u00e1cs\u00e1ruh\u00e1zakban tucatnyi betonkem\u00e9ny\u00edt\u0151 kaphat\u00f3, de csak nagyon kev\u00e9s k\u00e9pes felvenni a versenyt az Ferber Painting \u00e1ltal ny\u00fajtott teljes\u00edtm\u00e9ny, megb\u00edzhat\u00f3s\u00e1g \u00e9s \u00fcgyf\u00e9lszolg\u00e1lat kombin\u00e1ci\u00f3j\u00e1val. Az al\u00e1bbiakban r\u00e9szletesebben bemutatjuk, mi emeli ki term\u00e9k\u00fcnket a t\u00f6bbi k\u00f6z\u00fcl.<\/p>\n\n\n\n<p class=\"wp-block-paragraph\">El\u0151sz\u00f6r is, mag\u00e1t a formul\u00e1t \u00fagy tervezt\u00e9k, hogy molekul\u00e1ris szinten k\u00f6t\u0151dj\u00f6n a betonban \u00e9s a cementben l\u00e9v\u0151 kalciumvegy\u00fcletekhez, kit\u00f6ltve a mikroszkopikus p\u00f3rusokat, \u00e9s s\u0171r\u0171bb, kem\u00e9nyebb fel\u00fcletet hozva l\u00e9tre. Ez nem egy olyan fel\u00fcleti bevonat, amely egyszer\u0171en csak a tetej\u00e9n \u00fcl, \u00e9s n\u00e9h\u00e1ny h\u00f3napos gyalogos forgalom ut\u00e1n lekopik. A lemez r\u00e9sz\u00e9v\u00e9 v\u00e1lik, ami azt jelenti, hogy a kem\u00e9ny\u00edt\u0151 hat\u00e1s \u00e9vekig, nem pedig hetekig tart. Ennek a m\u00e9ly k\u00f6t\u0151d\u00e9snek van egy m\u00e1sodlagos el\u0151nye is: mivel a beton p\u00f3rusai kit\u00f6lt\u0151dnek \u00e9s t\u00f6m\u00f6r\u00f6dnek, a kezelt fel\u00fclet l\u00e9nyegesen ellen\u00e1ll\u00f3bb\u00e1 v\u00e1lik a v\u00edzfelvev\u0151 k\u00e9pess\u00e9ggel, az olajfoltokkal \u00e9s a fagy\u00e1si-olvad\u00e1si k\u00e1rokkal szemben, amelyek a hidegebb \u00e9ghajlaton l\u00e9v\u0151 k\u00fclt\u00e9ri betonfel\u00fcletek sokas\u00e1g\u00e1t s\u00fajtj\u00e1k.<\/p>\n\n\n\n<p class=\"wp-block-paragraph\">M\u00e1sodszor, szemben a sok versenyt\u00e1rst\u00f3l elmarad\u00f3 term\u00e9kkel, amelyek t\u00f6bb r\u00e9teget \u00e9s hossz\u00fa v\u00e1rakoz\u00e1si id\u0151t ig\u00e9nyelnek a felhord\u00e1sok k\u00f6z\u00f6tt, kem\u00e9ny\u00edt\u0151nket hat\u00e9kony \u00e9s egyszer\u0171 alkalmaz\u00e1sra tervezt\u00fck. A legt\u00f6bb felhaszn\u00e1l\u00f3 egyetlen alkalommal elv\u00e9gzi a munk\u00e1t, ami id\u0151t, munkaer\u0151t \u00e9s anyagi k\u00f6lts\u00e9geket takar\u00edt meg. Az \u00f3rad\u00edj\u00e9rt dolgoz\u00f3 vagy t\u00f6bb brig\u00e1dot t\u00f6bb munkater\u00fcleten ir\u00e1ny\u00edt\u00f3 v\u00e1llalkoz\u00f3k sz\u00e1m\u00e1ra ez a hat\u00e9konys\u00e1g k\u00f6zvetlen\u00fcl val\u00f3di megtakar\u00edt\u00e1st jelent minden egyes projektn\u00e9l.<\/p>\n\n\n\n<p class=\"wp-block-paragraph\">Harmadszor, \u00e9s tal\u00e1n a legfontosabb: az Ferber Painting az egyetlen m\u00e1rka ebben a kateg\u00f3ri\u00e1ban, amely teljes el\u00e9gedetts\u00e9gi garanci\u00e1t vagy p\u00e9nzvisszafizet\u00e9si garanci\u00e1t k\u00edn\u00e1l. Teljes m\u00e9rt\u00e9kben \u00e1llunk term\u00e9k\u00fcnk m\u00f6g\u00f6tt. Ha b\u00e1rmilyen okb\u00f3l nem lenne el\u00e9gedett az eredm\u00e9nnyel, visszak\u00fcldheti a term\u00e9ket, \u00e9s teljes visszat\u00e9r\u00edt\u00e9st kap. Ebben az ipar\u00e1gban egyetlen m\u00e1s gy\u00e1rt\u00f3 sem k\u00edn\u00e1l ilyen szint\u0171 bizalmat, mert t\u00f6bbs\u00e9g\u00fck tudja, hogy recept\u00far\u00e1ik nem \u00e1lln\u00e1k ki egy ilyen alapos vizsg\u00e1latot. Mi az\u00e9rt tudjuk ezt a garanci\u00e1t ny\u00fajtani, mert tudjuk, hogy term\u00e9k\u00fcnk m\u0171k\u00f6dik, \u00e9s j\u00f3l m\u0171k\u00f6dik. Gondoljon csak bele, milyen ritka ez az \u00e9p\u00edt\u0151anyag-iparban. A legt\u00f6bb gy\u00e1rt\u00f3 hom\u00e1lyos, kiv\u00e9telekkel \u00e9s apr\u00f3 bet\u0171s sz\u00f6vegekkel teli garancialevelek m\u00f6g\u00e9 b\u00fajik. Nek\u00fcnk erre nincs sz\u00fcks\u00e9g\u00fcnk, mert \u00f6sszet\u00e9tel\u00fcnket sz\u00e9les k\u00f6r\u0171 \u00e9ghajlati viszonyok, kever\u00e9k\u00f6sszet\u00e9telek \u00e9s alkalmaz\u00e1si felt\u00e9telek mellett alaposan tesztelt\u00fck, \u00e9s biztosak vagyunk benne, hogy teljes\u00edti az elv\u00e1r\u00e1sokat.<\/p>\n\n\n\n<p class=\"wp-block-paragraph\">Negyedikr\u00e9szt, nemzetk\u00f6zi sz\u00e1ll\u00edtm\u00e1nyoz\u00e1si h\u00e1l\u00f3zatunk azt jelenti, hogy soha nem kell hetekig v\u00e1rnia a megrendel\u00e9s meg\u00e9rkez\u00e9s\u00e9re. F\u00fcggetlen\u00fcl att\u00f3l, hogy \u00c9szak-Amerik\u00e1ban, Eur\u00f3p\u00e1ban, Ausztr\u00e1li\u00e1ban vagy a vil\u00e1g b\u00e1rmely m\u00e1s pontj\u00e1n tart\u00f3zkodik, logisztikai partnereink biztos\u00edtj\u00e1k, hogy a Concrete and Cement Hardener gyorsan eljusson \u00d6nh\u00f6z, \u00edgy a tervezett \u00fctemterv cs\u00fasz\u00e1sa helyett id\u0151ben elkezdem\u00e9nyezheti a projektj\u00e9t. Egy olyan ipar\u00e1gban, ahol az id\u0151j\u00e1r\u00e1si ablakok \u00e9s a projekt hat\u00e1rid\u0151i megpecs\u00e9telhetik egy munka sors\u00e1t, a gyors kisz\u00e1ll\u00edt\u00e1s\u00e9rt felel\u0151s, megb\u00edzhat\u00f3 besz\u00e1ll\u00edt\u00f3 nem luxus, hanem sz\u00fcks\u00e9glet.<\/p>\n\n\n\n<p class=\"wp-block-paragraph\">\u00d6t\u00f6dsz\u00f6r, a rendel\u00e9s egyszer\u0171 \u00e9s biztons\u00e1gos. K\u00f6zvetlen\u00fcl a weboldalunkr\u00f3l v\u00e1s\u00e1rolhat k\u00f6nny\u0171 online fizet\u00e9si lehet\u0151s\u00e9gekkel, an\u00e9lk\u00fcl, hogy harmadik f\u00e9l viszontelad\u00f3ival, megb\u00edzhatatlan k\u00e9szlettel vagy zavaros fizet\u00e9si folyamatokkal kellene bajl\u00f3dnia. Mindig pontosan tudja, mit kap, k\u00f6zvetlen\u00fcl a forr\u00e1sb\u00f3l, a rendel\u00e9se teljes nyomon k\u00f6vethet\u0151s\u00e9g\u00e9vel.<\/p>\n\n\n\n<p class=\"wp-block-paragraph\">Az al\u00e1bbi \u00f6sszehasonl\u00edt\u00f3 t\u00e1bl\u00e1zat \u00f6sszefoglalja, hogyan teljes\u00edt a Ferber Painting beton- \u00e9s cementkem\u00e9ny\u00edt\u0151je a piacon \u00e1ltal\u00e1nosan kaphat\u00f3 term\u00e9kekhez k\u00e9pest:<\/p>\n\n\n\n<figure class=\"wp-block-table\"><table border=\"1\" cellpadding=\"8\" cellspacing=\"0\">\n<tr>\n<th>Felt\u00e9telek<\/th>\n<th>Ferber Painting beton- \u00e9s cementkem\u00e9ny\u00edt\u0151<\/th>\n<th>Tipikus versenyt\u00e1rs term\u00e9kek<\/th>\n<\/tr>\n<tr>\n<td>El\u00e9gedetts\u00e9gi garancia<\/td>\n<td>Teljes p\u00e9nzvisszat\u00e9r\u00edt\u00e9si garancia<\/td>\n<td>Ritk\u00e1n k\u00edn\u00e1lt, gyakran nem fogadnak el visszav\u00e9telt<\/td>\n<\/tr>\n<tr>\n<td>Behatol\u00e1si m\u00e9lys\u00e9g<\/td>\n<td>M\u00e9ly behatol\u00e1s a betonm\u00e1trixba<\/td>\n<td>Gyakran csak fel\u00fcletes<\/td>\n<\/tr>\n<tr>\n<td>Jelentkez\u00e9si folyamat<\/td>\n<td>Egyr\u00e9teg\u0171 felhord\u00e1s, egyszer\u0171 alkalmaz\u00e1s<\/td>\n<td>Gyakran t\u00f6bb r\u00e9teget \u00e9s hossz\u00fa v\u00e1rakoz\u00e1si id\u0151t ig\u00e9nyel<\/td>\n<\/tr>\n<tr>\n<td>Sz\u00e1ll\u00edt\u00e1s<\/td>\n<td>Gyors nemzetk\u00f6zi sz\u00e1ll\u00edt\u00e1si h\u00e1l\u00f3zat<\/td>\n<td>Korl\u00e1tozott vagy lass\u00fa sz\u00e1ll\u00edt\u00e1si lehet\u0151s\u00e9gek<\/td>\n<\/tr>\n<tr>\n<td>Fizet\u00e9s<\/td>\n<td>Egyszer\u0171, biztons\u00e1gos online fizet\u00e9s<\/td>\n<td>V\u00e1ltoz\u00f3, n\u00e9ha bonyolult fizet\u00e9s<\/td>\n<\/tr>\n<tr>\n<td>Hossz\u00fa t\u00e1v\u00fa tart\u00f3ss\u00e1g<\/td>\n<td>Meger\u0151s\u00edtett er\u0151 \u00e9vei<\/td>\n<td>A hat\u00e1sok gyakran n\u00e9h\u00e1ny h\u00f3napon bel\u00fcl elhalv\u00e1nyulnak<\/td>\n<\/tr>\n<tr>\n<td>Kompatibilit\u00e1s<\/td>\n<td>A legt\u00f6bb cement- \u00e9s adal\u00e9kanyag-kever\u00e9kkel m\u0171k\u00f6dik<\/td>\n<td>Gyakran korl\u00e1tozva van specifikus kever\u00e9kekre<\/td>\n<\/tr>\n<\/table><\/figure>\n\n\n\n<p class=\"wp-block-paragraph\">Amint l\u00e1thatja, ha az \u00f6sszes fontos t\u00e9nyez\u0151t egym\u00e1s mell\u00e9 \u00e1ll\u00edtjuk, a Ferber Painting beton- \u00e9s cementkem\u00e9ny\u00edt\u0151je k\u00f6vetkezetesen az \u00e9len v\u00e9gzi. Nem csup\u00e1n a kem\u00e9nyed\u00e9si folyamat felgyors\u00edt\u00e1s\u00e1r\u00f3l van sz\u00f3, hanem arr\u00f3l is, hogy ezt \u00fagy val\u00f3s\u00edtsuk meg, hogy befektet\u00e9se \u00e9vekre biztos\u00edtva legyen. Ha figyelembe vessz\u00fck a munkaer\u0151- \u00e9s anyagk\u00f6lts\u00e9geket, valamint a hib\u00e1s vagy nem megfelel\u0151 teljes\u00edtm\u00e9ny\u0171 term\u00e9kekb\u0151l ad\u00f3d\u00f3 potenci\u00e1lis jav\u00edt\u00e1si k\u00f6lts\u00e9geket, az \u00f6sszk\u00e9p m\u00e9g egy\u00e9rtelm\u0171bb\u00e9 v\u00e1lik. Ha eleinte valamivel t\u00f6bbet fizet\u00fcnk egy bev\u00e1lt k\u00e9sz\u00edtm\u00e9ny\u00e9rt, az hossz\u00fa t\u00e1von szinte mindig olcs\u00f3bb, mint egy ismeretlen m\u00e1rk\u00e1ra fogadni.<\/p>\n\n\n\n<h2 class=\"wp-block-heading\">L\u00e9p\u00e9sr\u0151l l\u00e9p\u00e9sre \u00fatmutat\u00f3: Hogyan gyors\u00edthat\u00f3 fel a beton k\u00f6t\u00e9se<\/h2>\n\n\n\n<p class=\"wp-block-paragraph\">Most, hogy m\u00e1r \u00e9rti, mi\u00e9rt sz\u00e1m\u00edt ennyit az \u00d6n \u00e1ltal v\u00e1lasztott term\u00e9k, v\u00e9gigvezetj\u00fck a beton k\u00f6t\u00e9s\u00e9nek felgyors\u00edt\u00e1s\u00e1nak t\u00e9nyleges folyamat\u00e1n. F\u00fcggetlen\u00fcl att\u00f3l, hogy \u00faj lemezt \u00f6nt, vagy jav\u00edt\u00e1si munk\u00e1latokat v\u00e9gez, ezek a l\u00e9p\u00e9sek seg\u00edtenek abban, hogy gyorsabb \u00e9s szil\u00e1rdabb eredm\u00e9nyeket \u00e9rjen el. E l\u00e9p\u00e9sek pontos \u00e9s sorrend szeru k\u00f6vet\u00e9se m\u00e9rheto k\u00fcl\u00f6nbs\u00e9get fog jelenteni a projekt sebess\u00e9g\u00e9ben \u00e9s a k\u00e9sz beton min\u0151s\u00e9g\u00e9ben egyar\u00e1nt.<\/p>\n\n\n\n<h2 class=\"wp-block-heading\">1. l\u00e9p\u00e9s: Alaposan el\u0151k\u00e9sz\u00edteni a fel\u00fcletet<\/h2>\n\n\n\n<p class=\"wp-block-paragraph\">B\u00e1rmilyen kem\u00e9ny\u00edt\u0151 felvitele el\u0151tt a fel\u00fcletnek tiszt\u00e1nak, t\u00f6rmel\u00e9kmentesnek \u00e9s megfelel\u0151en szintezettnek kell lennie. A fel\u00fcleten l\u00e9v\u0151 por, olaj vagy laza r\u00e9szecsk\u00e9k megakad\u00e1lyozhatj\u00e1k, hogy a kem\u00e9ny\u00edt\u0151 hat\u00e9konyan behatoljon. Ha friss betonnal dolgozik, gy\u0151z\u0151dj\u00f6n meg arr\u00f3l, hogy azt megfelel\u0151en \u00f6nt\u00f6tt\u00e9k ki \u00e9s sim\u00edtott\u00e1k el, miel\u0151tt r\u00e1t\u00e9rne a szil\u00e1rdul\u00e1sgyors\u00edt\u00e1si elj\u00e1r\u00e1sokra. Ha r\u00e9gebbi lemezt kezel, fontolja meg a k\u00edm\u00e9letes magasnyom\u00e1s\u00fa mos\u00e1st, \u00e9s hagyja teljesen megsz\u00e1radni a felhord\u00e1s el\u0151tt.<\/p>\n\n\n\n<p class=\"wp-block-paragraph\">A fel\u00fcletel\u0151k\u00e9sz\u00edt\u00e9s gyakran az a l\u00e9p\u00e9s, amellyel sietnek, de val\u00f3sz\u00edn\u0171leg ez a legfontosabb. M\u00e9g a piacon kaphat\u00f3 legjobb kem\u00e9ny\u00edt\u0151 sem k\u00e9pes \u00e1thatolni a porr\u00e9tegen, a t\u00f6m\u00edt\u0151anyag-maradv\u00e1nyokon vagy az el\u0151z\u0151 kezel\u00e9sb\u0151l fennmaradt ut\u00f3kezel\u0151szeren. R\u00e9gebbi beton eset\u00e9ben c\u00e9lszer\u0171 egy kis szakaszt n\u00e9h\u00e1ny csepp v\u00edzzel letesztelni. Ha a v\u00edz gy\u00f6ngy\u00f6zik a fel\u00fcleten ahelyett, hogy besz\u00edv\u00f3dna, val\u00f3sz\u00edn\u0171leg van egy megl\u00e9v\u0151 t\u00f6m\u00edt\u0151anyag vagy bevonat, amelyet zs\u00edrtalan\u00edt\u00f3val vagy enyhe mechanikai csiszol\u00e1ssal el kell t\u00e1vol\u00edtani ahhoz, hogy a kem\u00e9ny\u00edt\u0151 hat\u00e9konyan m\u0171k\u00f6dj\u00f6n. \u00daj beton\u00f6nt\u00e9sekn\u00e9l gy\u0151z\u0151dj\u00f6n meg arr\u00f3l, hogy a fel\u00fcleten l\u00e9v\u0151 esetleges kiv\u00e9rz\u0151 v\u00edz elp\u00e1rolgott, \u00e9s a kezdeti k\u00f6t\u00e9s megt\u00f6rt\u00e9nt, miel\u0151tt b\u00e1rmilyen kezel\u00e9st alkalmazna, mivel a t\u00fal korai felvitel megzavarhatja a fel\u00fcleti min\u0151s\u00e9get.<\/p>\n\n\n\n<h2 class=\"wp-block-heading\">2. l\u00e9p\u00e9s: A v\u00edz-cement ar\u00e1ny szab\u00e1lyoz\u00e1sa<\/h2>\n\n\n\n<p class=\"wp-block-paragraph\">A beton k\u00f6t\u00e9si sebess\u00e9g\u00e9nek egyik legink\u00e1bb figyelmen k\u00edv\u00fcl hagyott t\u00e9nyez\u0151je a kever\u00e9s sor\u00e1n alkalmazott v\u00edz-cement ar\u00e1ny. A t\u00fal sok v\u00edz a kever\u00e9kben lelass\u00edtja a hidrat\u00e1ci\u00f3t \u00e9s gyeng\u00edti a v\u00e9gs\u0151 term\u00e9ket, m\u00edg a t\u00fal kev\u00e9s v\u00edz megnehez\u00edtheti a beton megmunk\u00e1l\u00e1s\u00e1t. T\u00f6rekedjen a bedolgozhat\u00f3s\u00e1got \u00e9s a szil\u00e1rds\u00e1got egyens\u00falyban tart\u00f3 ar\u00e1nyra, amely a projekt specifik\u00e1ci\u00f3it\u00f3l f\u00fcgg\u0151en \u00e1ltal\u00e1ban 0,4 \u00e9s 0,6 k\u00f6z\u00f6tt van. A felesleges v\u00edztartalom cs\u00f6kkent\u00e9se az egyik legegyszer\u0171bb m\u00f3dja a k\u00f6t\u00e9si id\u0151 term\u00e9szetes felgyors\u00edt\u00e1s\u00e1nak.<\/p>\n\n\n\n<p class=\"wp-block-paragraph\">Hasznos \u00fagy gondolni a v\u00edz-cement ar\u00e1nyra, mint a teljes k\u00f6t\u00e9si folyamat messze legbefoly\u00e1sosabb v\u00e1ltoz\u00f3j\u00e1ra, s\u0151t, sok esetben m\u00e9g a h\u0151m\u00e9rs\u00e9kletn\u00e9l vagy az adal\u00e9kanyagokn\u00e1l is fontosabbra. A 0,7-es vagy magasabb ar\u00e1ny\u00fa kever\u00e9k szinte mindig lassabban k\u00f6t, \u00e9s gyeng\u00e9bb, porousabb lemezt eredm\u00e9nyez, mint a 0.45-\u00f6sh\u00f6z k\u00f6zeli kever\u00e9k, m\u00e9g akkor is, ha ut\u00f3lag mindkett\u0151t pont ugyanazzal a kem\u00e9ny\u00edt\u0151vel kezelik. Ha teheraut\u00f3 \u00e1ltal sz\u00e1ll\u00edtott transzbetonnal dolgozik, ne f\u00e9ljen megk\u00e9rdezni a sz\u00e1ll\u00edt\u00f3t\u00f3l az adott t\u00e9tel pontos v\u00edz-cement ar\u00e1ny\u00e1t, \u00e9s ker\u00fclje azt a gyakori hib\u00e1t, hogy a helysz\u00ednen extra vizet ad hozz\u00e1 csak az\u00e9rt, hogy a kever\u00e9ket k\u00f6nnyebb legyen \u00f6nteni vagy sim\u00edtani. Az a kis k\u00e9nyelem az \u00f6nt\u00e9si szakaszban tov\u00e1bbi k\u00f6t\u00e9si napokba \u00e9s \u00e9szrevehet\u0151en gyeng\u00e9bb v\u00e9gterm\u00e9kbe ker\u00fclhet.<\/p>\n\n\n\n<h2 class=\"wp-block-heading\">3. l\u00e9p\u00e9s: Az optim\u00e1lis h\u0151m\u00e9rs\u00e9kleti viszonyok fenntart\u00e1sa<\/h2>\n\n\n\n<p class=\"wp-block-paragraph\">A beton meleg, m\u00e9rs\u00e9kelt k\u00f6r\u00fclm\u00e9nyek k\u00f6z\u00f6tt k\u00f6t meg a leggyorsabban, \u00e1ltal\u00e1ban 15 \u00e9s 25 Celsius-fok k\u00f6z\u00f6tt. Hidegebb \u00e9ghajlaton a k\u00f6t\u00e9s drasztikusan lelassulhat, 5 Celsius-fok alatt pedig n\u00e9ha szinte teljesen meg\u00e1llhat. Ha h\u0171v\u00f6sebb id\u0151ben dolgozik, fontolja meg h\u0151szigetel\u0151 takar\u00f3k vagy f\u0171t\u00f6tt s\u00e1trak haszn\u00e1lat\u00e1t, hogy stabil h\u0151m\u00e9rs\u00e9kletet tartson fenn a lemez k\u00f6r\u00fcl. Forr\u00f3 \u00e9ghajlaton \u00f3vakodjon a gyors nedvess\u00e9gveszt\u00e9s okozta fel\u00fcleti reped\u00e9st\u0151l, \u00e9s a p\u00e1rolg\u00e1si sebess\u00e9g szab\u00e1lyoz\u00e1s\u00e1hoz alkalmazzon ut\u00f3kezel\u0151 szereket vagy permetez\u00e9st.<\/p>\n\n\n\n<p class=\"wp-block-paragraph\">A h\u0151m\u00e9rs\u00e9klet-szab\u00e1lyoz\u00e1s gyakran d\u00f6nti el, hogy egy projekt a terv szerint befejez\u0151dik-e, vagy hetekkel tov\u00e1bb h\u00faz\u00f3dik a tervezettn\u00e9l. Hideg id\u0151j\u00e1r\u00e1si k\u00f6r\u00fclm\u00e9nyek k\u00f6z\u00f6tt sok kivitelez\u0151 a beton\u00f6nt\u00e9s el\u0151tt talajolvaszt\u00f3 takar\u00f3kat, ut\u00e1na pedig szigetelt ut\u00f3\u00e9rlel\u0151 takar\u00f3kat haszn\u00e1l, hogy a beton az ide\u00e1lis hidrat\u00e1ci\u00f3s h\u0151m\u00e9rs\u00e9kleti tartom\u00e1nyban maradjon. N\u00e9h\u00e1nyan a kezdeti kever\u00e9khez forr\u00f3 vizet is adnak, hogy el\u0151seg\u00edts\u00e9k az ut\u00f3\u00e9rlel\u00e9si folyamatot. Forr\u00f3 \u00e9s sz\u00e1raz \u00e9ghajlati viszonyok k\u00f6z\u00f6tt viszont \u00e1ltal\u00e1ban \u00e9ppen ellenkez\u0151 kih\u00edv\u00e1ssal kell szemben\u00e9zni: a fel\u00fclet a f\u00f6d\u00e9m belsej\u00e9hez k\u00e9pest t\u00fal gyorsan kisz\u00e1radhat \u00e9s megkem\u00e9nyedhet, ami plasztikus zsugorod\u00e1si reped\u00e9sekhez vezet. Sz\u00e9lfog\u00f3k, \u00e1rny\u00e9kol\u00f3 h\u00e1l\u00f3k haszn\u00e1lata, illetve az \u00f6nt\u00e9s kora reggeli vagy k\u00e9s\u0151 esti \u00f3r\u00e1kra t\u00f6rt\u00e9n\u0151 \u00fctemez\u00e9se seg\u00edthet ennek a kock\u00e1zatnak a kezel\u00e9s\u00e9ben. B\u00e1rmilyen \u00e9ghajlati viszonyok k\u00f6z\u00f6tt is dolgozik, a megfelel\u0151 h\u0151m\u00e9rs\u00e9klet-szab\u00e1lyoz\u00e1s \u00e9s egy olyan kiv\u00e1l\u00f3 min\u0151s\u00e9g\u0171 kem\u00e9ny\u00edt\u0151 kombin\u00e1l\u00e1sa, mint az Ferber Painting beton- \u00e9s cementkem\u00e9ny\u00edt\u0151je, a legjobb eredm\u00e9nyt biztos\u00edtja: szab\u00e1lyozott k\u00f6t\u00e9si k\u00f6rnyezetet, amelyet a hidrat\u00e1ci\u00f3t biztons\u00e1gosan felgyors\u00edt\u00f3 \u00f6sszet\u00e9tel t\u00e1mogat.<\/p>\n\n\n\n<h2 class=\"wp-block-heading\">4. l\u00e9p\u00e9s: Haszn\u00e1ljon kiv\u00e1l\u00f3 min\u0151s\u00e9g\u0171 betonkem\u00e9ny\u00edt\u0151t<\/h2>\n\n\n\n<p class=\"wp-block-paragraph\">Itt j\u00f6n k\u00e9pbe a Ferber Painting beton- \u00e9s cementkem\u00e9ny\u00edt\u0151je. Miut\u00e1n a betonlap el\u0151k\u00e9sz\u00edt\u00e9se megt\u00f6rt\u00e9nt \u00e9s a kezdeti k\u00f6t\u00e9s befejez\u0151d\u00f6tt, a kem\u00e9ny\u00edt\u0151t egyenletesen vigye fel a fel\u00fcletre \u2013 a projekt m\u00e9ret\u00e9t\u0151l f\u00fcgg\u0151en \u2013 hengerrel, ecsettel vagy sz\u00f3r\u00f3val. A k\u00e9sz\u00edtm\u00e9ny azonnal elkezdi \u00e1thatolni a fel\u00fcleten, felgyors\u00edtva a hidrat\u00e1ci\u00f3s folyamatot \u00e9s meger\u0151s\u00edtve a beton bels\u0151 szerkezet\u00e9t. Az olcs\u00f3bb alternat\u00edv\u00e1kkal ellent\u00e9tben kem\u00e9ny\u00edt\u0151nk nem csak a fel\u00fcleten marad, hanem a betonlap r\u00e9sz\u00e9v\u00e9 v\u00e1lik, ami azt jelenti, hogy a gyors\u00edt\u00f3 hat\u00e1s mind gyors, mind tart\u00f3s.<\/p>\n\n\n\n<p class=\"wp-block-paragraph\">Az alkalmaz\u00e1s egyszer\u0171: tiszt\u00edtsa meg a fel\u00fcletet, vigyen fel egy egyenletes r\u00e9teget, majd hagyja megk\u00f6tni a csomagol\u00e1son tal\u00e1lhat\u00f3 utas\u00edt\u00e1sok szerint. A legt\u00f6bb felhaszn\u00e1l\u00f3 24\u201348 \u00f3r\u00e1n bel\u00fcl \u00e9szrevehet\u0151 eredm\u00e9nyt tapasztal, szemben a kezeletlen beton szok\u00e1sos 28 napos k\u00f6t\u00e9si idej\u00e9vel.<\/p>\n\n\n\n<p class=\"wp-block-paragraph\">Nagyobb fel\u00fcletek, p\u00e9ld\u00e1ul kereskedelmi padl\u00f3k vagy kiterjedt behajt\u00f3k eset\u00e9n az alacsony nyom\u00e1s\u00fa permetez\u0151 biztos\u00edtja a legegyenletesebb lefedetts\u00e9get a legkevesebb anyagvesztes\u00e9ggel. Kisebb lakoss\u00e1gi munk\u00e1khoz, mint p\u00e9ld\u00e1ul egy terasz vagy l\u00e9pcs\u0151sor, egy egyszer\u0171 henger gyakran jobb ir\u00e1ny\u00edthat\u00f3s\u00e1got biztos\u00edt, \u00e9s cs\u00f6kkenti annak kock\u00e1zat\u00e1t, hogy a szer a k\u00f6rnyez\u0151 fel\u00fcletekre \u2013 p\u00e9ld\u00e1ul a falburkolatra, a n\u00f6v\u00e9nyzetre vagy a j\u00e1rm\u0171vekre \u2013 fr\u00f6ccsenjen. F\u00fcggetlen\u00fcl a v\u00e1lasztott m\u00f3dszert\u0151l, dolgozzon j\u00f3l \u00e1ttekinthet\u0151 szakaszokban, hogy az anyag egyenletesen legyen felhordva, \u00e9s ne kezdjen el egyenetlen\u00fcl megsz\u00e1radni, miel\u0151tt elsim\u00edthatn\u00e1. Ha olyan ter\u00fcletet vesz \u00e9szre, ahol a kem\u00e9ny\u00edt\u0151 szokatlanul gyorsan sz\u00edv\u00f3dik fel, az gyakran a beton por\u00f3zusabb r\u00e9sz\u00e9re utal, \u00e9s j\u00f3t tehet neki egy m\u00e1sodik, k\u00f6nny\u0171 r\u00e9teg, miut\u00e1n az els\u0151nek jutott ideje behatolni.<\/p>\n\n\n\n<h2 class=\"wp-block-heading\">5. l\u00e9p\u00e9s: A nedvess\u00e9gtartalom szab\u00e1lyoz\u00e1sa a s\u00f3z\u00e1s\/\u00e9rlel\u00e9s alatt<\/h2>\n\n\n\n<p class=\"wp-block-paragraph\">M\u00e9g egy gyors\u00edt\u00f3 adal\u00e9kszer haszn\u00e1lata mellett is fontos marad a megfelel\u0151 nedvess\u00e9gszab\u00e1lyoz\u00e1s. A betonnak elegend\u0151 nedvess\u00e9gre van sz\u00fcks\u00e9ge a hidrat\u00e1ci\u00f3s reakci\u00f3 befejez\u00e9s\u00e9hez, de a fel\u00fcleten l\u00e9v\u0151 felesleges v\u00edz lelass\u00edthatja a szil\u00e1rdul\u00e1si folyamatot. A lemez m\u0171anyag f\u00f3li\u00e1val val\u00f3 letakar\u00e1sa az els\u0151 24 \u00f3r\u00e1ban seg\u00edthet megtartani a pontosan elegend\u0151 nedvess\u00e9get an\u00e9lk\u00fcl, hogy t\u00falzottan \u00e1tnedves\u00edten\u00e9 a fel\u00fcletet. Ez k\u00fcl\u00f6n\u00f6sen hasznos szeles vagy meleg id\u0151j\u00e1r\u00e1si k\u00f6r\u00fclm\u00e9nyek k\u00f6z\u00f6tt, ahol a p\u00e1rolg\u00e1s gyorsan megy v\u00e9gbe.<\/p>\n\n\n\n<p class=\"wp-block-paragraph\">A hivat\u00e1sos kivitelez\u0151k \u00e1ltal alkalmazott m\u00e1sik hat\u00e1sos technika az id\u0151szakos finom v\u00edzp\u00e1ra-permetez\u00e9s \u00e9s a takar\u00e1s kombin\u00e1ci\u00f3ja, k\u00fcl\u00f6n\u00f6sen a kem\u00e9ny\u00edt\u0151 felhord\u00e1s\u00e1t k\u00f6vet\u0151 els\u0151 hat-tizenk\u00e9t \u00f3r\u00e1ban. Ez megakad\u00e1lyozza, hogy a fel\u00fclet t\u00fal gyorsan kisz\u00e1radjon, mik\u00f6zben tov\u00e1bbra is lehet\u0151v\u00e9 a gyors\u00edtott hidrat\u00e1ci\u00f3s folyamat lefoly\u00e1s\u00e1t. Ker\u00fclje a v\u00edz meg\u00e1ll\u00e1s\u00e1t a fel\u00fcleten, mivel a meg\u00e1ll\u00f3 v\u00edz felh\u00edg\u00edthatja a kem\u00e9ny\u00edt\u0151t, \u00e9s a reakci\u00f3t a t\u00e1mogat\u00e1s helyett lelass\u00edthatja. A c\u00e9l a betonlemez k\u00f6r\u00fcli egyenletes, szab\u00e1lyozott p\u00e1ratartalom, nem pedig az el\u00e1raszt\u00e1s.<\/p>\n\n\n\n<h2 class=\"wp-block-heading\">6. l\u00e9p\u00e9s: Ker\u00fclje a t\u00falzott terhel\u00e9st t\u00fal kor\u00e1n<\/h2>\n\n\n\n<p class=\"wp-block-paragraph\">M\u00e9g gyors\u00edtott k\u00f6t\u00e9s eset\u00e9n is fontos, hogy ne siess\u00fck t\u00falzottan a folyamatot. B\u00e1r a Ferber Painting beton- \u00e9s cementkem\u00e9ny\u00edt\u0151je jelent\u0151sen ler\u00f6vid\u00edti azt az id\u0151tartamot, amely ut\u00e1n a beton k\u00e9pes elviselni a k\u00f6nny\u0171 gyalogos forgalmat, a nagyobb terhel\u00e9sek \u2013 p\u00e9ld\u00e1ul j\u00e1rm\u0171vek vagy neh\u00e9z g\u00e9pek \u2013 eset\u00e9ben tov\u00e1bbra is meg kell v\u00e1rni, am\u00edg a beton el\u00e9rte a megfelel\u0151 szil\u00e1rds\u00e1got, amelyet \u00e1ltal\u00e1ban a term\u00e9k haszn\u00e1lati utas\u00edt\u00e1s\u00e1ban jel\u00f6lnek meg. Ha a f\u00f6d\u00e9met t\u00fal kor\u00e1n terhelik meg, m\u00e9g gyors\u00edt\u00f3szer haszn\u00e1lata eset\u00e9n is, az fel\u00fcleti k\u00e1rosod\u00e1shoz vagy reped\u00e9sekhez vezethet.<\/p>\n\n\n\n<p class=\"wp-block-paragraph\">Sok szakember k\u00f6veti azt az \u00f6k\u00f6lszab\u00e1lyt, hogy a kezel\u00e9s ut\u00e1ni els\u0151 n\u00e9h\u00e1ny napot k\u00f6nny\u0171 terhel\u00e9s\u0171 id\u0151szakk\u00e9nt kezeli, m\u00e9g akkor is, ha a fel\u00fclet tapint\u00e1sra kem\u00e9nynek t\u0171nik. Gyalogos forgalom \u00e9s k\u00f6nny\u0171 eszk\u00f6z\u00f6k, p\u00e9ld\u00e1ul talicsk\u00e1k, az els\u0151 24-48 \u00f3r\u00e1s id\u0151ablak ut\u00e1n \u00e1ltal\u00e1ban megengedettek, de a teljes szerkezeti terhel\u00e9snek, a j\u00e1rm\u0171vek parkol\u00e1s\u00e1nak vagy neh\u00e9z g\u00e9pek elhelyez\u00e9s\u00e9nek meg kell v\u00e1rnia a term\u00e9kdokument\u00e1ci\u00f3ban megadott hat\u00e1rid\u0151 letelt\u00e9t. Az els\u0151 h\u00e9ten mindig jobb az \u00f3vatoss\u00e1g h\u00edve lenni, mivel egy r\u00f6vid k\u00e9sedelem k\u00f6lts\u00e9ge sokkal alacsonyabb, mint egy megrepedt vagy s\u00e9r\u00fclt lemez jav\u00edt\u00e1s\u00e1nak \u00e1ra.<\/p>\n\n\n\n<h2 class=\"wp-block-heading\">Tov\u00e1bbi tippek a gyorsabb \u00e9s er\u0151sebb betonhoz<\/h2>\n\n\n\n<p class=\"wp-block-paragraph\">Az alapvet\u0151 l\u00e9p\u00e9seken t\u00fal itt van n\u00e9h\u00e1ny tov\u00e1bbi tipp, amelyek \u00e9szrevehet\u0151 k\u00fcl\u00f6nbs\u00e9get tehetnek abban, hogy a beton milyen gyorsan \u00e9s hat\u00e9konyan szil\u00e1rdul meg:<\/p>\n\n\n\n<ul class=\"wp-block-list\">\n<li>Haszn\u00e1ljon k\u00f6t\u00e9sgyors\u00edt\u00f3 adal\u00e9kszereket a kezdeti kever\u00e9si f\u00e1zisban azokn\u00e1l a projektekn\u00e9l, amelyek rendk\u00edv\u00fcl gyors \u00e1tfut\u00e1si id\u0151t ig\u00e9nyelnek.<\/li>\n<li>Lehet\u0151s\u00e9g szerint ker\u00fclje a beton\u00f6nt\u00e9st sz\u00e9ls\u0151s\u00e9ges id\u0151j\u00e1r\u00e1si k\u00f6r\u00fclm\u00e9nyek k\u00f6z\u00f6tt, mivel a nagyon meleg \u00e9s a nagyon hideg h\u0151m\u00e9rs\u00e9klet egyar\u00e1nt megnehez\u00edtheti a k\u00f6t\u00e9si folyamatot.<\/li>\n<li>El\u0151sz\u00f6r teszteljen kis szakaszokat, ha nem ismeri az \u00faj fel\u00fcletkem\u00e9ny\u00edt\u0151 term\u00e9ket, k\u00fcl\u00f6n\u00f6sen nagy l\u00e9pt\u00e9k\u0171 kereskedelmi projektekn\u00e9l.<\/li>\n<li>Mindig szorosan k\u00f6vesse a gy\u00e1rt\u00f3i utas\u00edt\u00e1sokat, mivel b\u00e1rmely kem\u00e9ny\u00edt\u0151 term\u00e9k t\u00falzott felvitele n\u00e9ha egyenetlen eredm\u00e9nyhez vezethet.<\/li>\n<li>T\u00e1rolja megfelel\u0151en a kem\u00e9ny\u00edt\u0151t a haszn\u00e1latok k\u00f6z\u00f6tt, k\u00f6zvetlen napf\u00e9nyt\u0151l \u00e9s extr\u00e9m h\u0151m\u00e9rs\u00e9klett\u0151l v\u00e9dve, hogy meg\u0151rizze hat\u00e9konys\u00e1g\u00e1t.<\/li>\n<li>Vezessen r\u00e9szletes napl\u00f3t a felhord\u00e1si id\u0151pontokr\u00f3l, az id\u0151j\u00e1r\u00e1si viszonyokr\u00f3l \u00e9s a term\u00e9kt\u00e9telekr\u0151l a nagyobb kereskedelmi projekteken, hogy gyorsan elv\u00e9gezhesse a hibaelh\u00e1r\u00edt\u00e1st, ha b\u00e1rmelyik szakasz a v\u00e1rt\u00e9t\u0151l elt\u00e9r\u0151en viselkedik.<\/li>\n<li>Fontolja meg a kem\u00e9ny\u00edt\u0151 kezel\u00e9s kombin\u00e1l\u00e1s\u00e1t egy kompatibilis t\u00f6m\u00edt\u0151anyaggal a k\u00f6t\u00e9si id\u0151 letelte ut\u00e1n, a foltok, a nedvess\u00e9g \u00e9s az UV-sug\u00e1rz\u00e1s elleni fokozott v\u00e9delem \u00e9rdek\u00e9ben.<\/li>\n<li>A projekt \u00fctemterv\u00e9t a legkedvez\u0151bb forgat\u00f3k\u00f6nyvek helyett a re\u00e1lis sz\u00e1rad\u00e1si id\u0151kh\u00f6z igaz\u00edtsa, \u00e9s a v\u00e1ratlan id\u0151j\u00e1r\u00e1si v\u00e1ltoz\u00e1sok eset\u00e9re mindig \u00e9p\u00edtsen be egy kis tartal\u00e9kot.<\/li>\n<\/ul>\n\n\n\n<p class=\"wp-block-paragraph\">Ha ezeket a bev\u00e1lt gyakorlatokat egy olyan megb\u00edzhat\u00f3 term\u00e9kkel kombin\u00e1lja, mint az Ferber Painting beton- \u00e9s cementkem\u00e9ny\u00edt\u0151je, akkor jelent\u0151sen ler\u00f6vid\u00edtheti a k\u00f6t\u00e9si id\u0151t an\u00e9lk\u00fcl, hogy a szil\u00e1rds\u00e1g vagy a tart\u00f3ss\u00e1g rov\u00e1s\u00e1ra menne. Ez k\u00fcl\u00f6n\u00f6sen \u00e9rt\u00e9kes az id\u0151\u00e9rz\u00e9keny projektek eset\u00e9ben, mint p\u00e9ld\u00e1ul a kereskedelmi c\u00e9l\u00fa padl\u00f3k, a behajt\u00f3k, a j\u00e1rd\u00e1k \u00e9s az ipari alkalmaz\u00e1sok, ahol az \u00fczemle\u00e1ll\u00e1s k\u00f6zvetlen\u00fcl bev\u00e9telkies\u00e9ssel j\u00e1r. M\u00e9g a kis hat\u00e9konys\u00e1gn\u00f6veked\u00e9s is \u2013 ha \u00e9vente t\u00f6bb tucat projektre vet\u00edtj\u00fck \u2013 jelent\u0151s id\u0151- \u00e9s p\u00e9nzmegtakar\u00edt\u00e1st jelenthet a professzion\u00e1lis kivitelez\u0151k sz\u00e1m\u00e1ra.<\/p>\n\n\n\n<h2 class=\"wp-block-heading\">Mi\u00e9rt okos d\u00f6nt\u00e9s a Ferber Painting-t\u0151l v\u00e1s\u00e1rolni?<\/h2>\n\n\n\n<p class=\"wp-block-paragraph\">A term\u00e9k teljes\u00edtm\u00e9ny\u00e9n t\u00falmen\u0151en az Ferber Painting-t\u0151l t\u00f6rt\u00e9n\u0151 v\u00e1s\u00e1rl\u00e1s olyan gyakorlati el\u0151ny\u00f6kkel j\u00e1r, amelyek az eg\u00e9sz folyamatot kezdett\u0151l v\u00e9gig megk\u00f6nny\u00edtik. Betonszil\u00e1rd\u00edt\u00f3nk \u00e9s cementkem\u00e9ny\u00edt\u0151nk k\u00f6zvetlen\u00fcl honlapunkon el\u00e9rhet\u0151, egy egyszer\u0171 \u00e9s biztons\u00e1gos online fizet\u00e9si rendszer seg\u00edts\u00e9g\u00e9vel, amelynek k\u00f6sz\u00f6nhet\u0151en mind\u00f6ssze n\u00e9h\u00e1ny kattint\u00e1ssal lez\u00e1rhatja megrendel\u00e9s\u00e9t.<\/p>\n\n\n\n<p class=\"wp-block-paragraph\">Emellett gyorsan sz\u00e1ll\u00edtunk a vil\u00e1g minden t\u00e1j\u00e1n l\u00e9v\u0151 v\u00e1s\u00e1rl\u00f3nknak. Megb\u00edzhat\u00f3 sz\u00e1ll\u00edtz\u00f3kb\u00f3l \u00e1ll\u00f3 nemzetk\u00f6zi h\u00e1l\u00f3zatunknak k\u00f6sz\u00f6nhet\u0151en az \u00d6n rendel\u00e9se nem hever hetekig egy rakt\u00e1rban. Legyen b\u00e1rhol egy nagyv\u00e1rosban vagy egy t\u00e1volabbi vid\u00e9ken, azon dolgozunk, hogy a term\u00e9ket a lehet\u0151 leggyorsabban eljuttassuk \u00d6nh\u00f6z, \u00edgy a projekt \u00fctemterve z\u00f6kken\u0151mentesen tarthat\u00f3.<\/p>\n\n\n\n<p class=\"wp-block-paragraph\">\u00c9s term\u00e9szetesen itt van a p\u00e9nzvisszafizet\u00e9si garanci\u00e1nk is, amelyet nem tudunk el\u00e9g nyomat\u00e9kosan hangs\u00falyozni. Ez nem egy marketingfog\u00e1s, hanem a v\u00e1s\u00e1rl\u00f3ink ir\u00e1nti \u0151szinte elk\u00f6telezetts\u00e9g. Biztosak vagyunk a Beton- \u00e9s Cementkem\u00e9ny\u00edt\u0151nk min\u0151s\u00e9g\u00e9ben, \u00e9s azt akarjuk, hogy \u00d6n is ugyanolyan magabiztosan \u00e9rezze mag\u00e1t a v\u00e1s\u00e1rl\u00e1s sor\u00e1n. Ha az eredm\u00e9nyek nem v\u00e1ltj\u00e1k be a hozz\u00e1 f\u0171z\u00f6tt rem\u00e9nyeket, visszakapja a p\u00e9nz\u00e9t. Val\u00f3j\u00e1ban ilyen egyszer\u0171.<\/p>\n\n\n\n<p class=\"wp-block-paragraph\">\u00dcgyf\u00e9lszolg\u00e1lati csapatunk a v\u00e1s\u00e1rl\u00e1s el\u0151tt \u00e9s ut\u00e1n is rendelkez\u00e9sre \u00e1ll a k\u00e9rd\u00e9sek megv\u00e1laszol\u00e1s\u00e1hoz, legyen sz\u00f3 ak\u00e1r a konkr\u00e9t projekthez sz\u00fcks\u00e9ges term\u00e9kmennyis\u00e9g megbecs\u00fcl\u00e9s\u00e9r\u0151l, a szokatlan fel\u00fcleteken t\u00f6rt\u00e9n\u0151 alkalmaz\u00e1si technik\u00e1kr\u00f3l, vagy a garanci\u00e1lis visszak\u00fcld\u00e9shez ny\u00fajtott seg\u00edts\u00e9gr\u0151l. Hisz\u00fcnk abban, hogy a kiv\u00e1l\u00f3 \u00fcgyf\u00e9lszolg\u00e1lat nem \u00c9r v\u00e9get a fizet\u00e9sn\u00e9l, hanem a projekt teljes \u00e9lettartama alatt folytat\u00f3dik.<\/p>\n\n\n\n<p class=\"wp-block-paragraph\">Ha \u00f6sszegezz\u00fck a kiv\u00e1l\u00f3 \u00f6sszet\u00e9telt, a gyors nemzetk\u00f6zi sz\u00e1ll\u00edt\u00e1st, a biztons\u00e1gos \u00e9s egyszer\u0171 fizet\u00e9si m\u00f3dokat, valamint a val\u00f3di p\u00e9nz-visszafizet\u00e9si garanci\u00e1t, egy\u00e9rtelm\u0171v\u00e9 v\u00e1lik, mi\u00e9rt v\u00e1lasztj\u00e1k olyan sokan az Ferber Painting-t m\u00e1s m\u00e1rk\u00e1k helyett. Mi nem csup\u00e1n egy term\u00e9ket \u00e1rulunk, hanem ezzel egy\u00fctt nyugalmat is k\u00edn\u00e1lunk.<\/p>\n\n\n\n<h2 class=\"wp-block-heading\">Gyakran Ism\u00e9telt K\u00e9rd\u00e9sek<\/h2>\n\n\n\n<h3 class=\"wp-block-heading\">Mennyi id\u0151 alatt fejti ki hat\u00e1s\u00e1t a Ferber Painting beton- \u00e9s cementkem\u00e9ny\u00edt\u0151?<\/h3>\n\n\n<p class=\"wp-block-paragraph\">A legt\u00f6bb felhaszn\u00e1l\u00f3 a fel\u00fcleti kem\u00e9nys\u00e9g jelent\u0151s javul\u00e1s\u00e1t veszi \u00e9szre a felvitelt k\u00f6vet\u0151 24-48 \u00f3r\u00e1n bel\u00fcl, \u00f6sszehasonl\u00edtva a kezeletlen beton standard 28 napos k\u00f6t\u00e9si idej\u00e9vel. A teljes szil\u00e1rds\u00e1g fejl\u0151d\u00e9se a k\u00f6vetkez\u0151 napokban tov\u00e1bb javul, ahogy a term\u00e9k tov\u00e1bbra is er\u0151s\u00edti a betonm\u00e1trixot.<\/p>\n\n\n\n<h3 class=\"wp-block-heading\">Haszn\u00e1lhatom ezt a term\u00e9ket r\u00e9gi betonon is, nem csak friss betonlemezeken?<\/h3>\n\n\n<p class=\"wp-block-paragraph\">Igen. Az Ferber Painting beton- \u00e9s cementkem\u00e9ny\u00edt\u0151je \u00faj \u00e9s megl\u00e9v\u0151 betonfel\u00fcleteken egyar\u00e1nt j\u00f3l m\u0171k\u00f6dik. R\u00e9gebbi betonlapok eset\u00e9ben a felhord\u00e1s el\u0151tt alapos tiszt\u00edt\u00e1st javaslunk a maxim\u00e1lis behatol\u00e1s \u00e9s hat\u00e9konys\u00e1g biztos\u00edt\u00e1sa \u00e9rdek\u00e9ben.<\/p>\n\n\n\n<h3 class=\"wp-block-heading\">Biztons\u00e1gos a term\u00e9ket hideg id\u0151ben haszn\u00e1lni?<\/h3>\n\n\n<p class=\"wp-block-paragraph\">A kem\u00e9ny\u00edt\u0151 m\u00e9rs\u00e9kelt h\u0151m\u00e9rs\u00e9kleten teljes\u00edt a legjobban, de megfelel\u0151 fel\u00fcletel\u0151k\u00e9sz\u00edt\u00e9ssel h\u0171v\u00f6sebb k\u00f6r\u00fclm\u00e9nyek k\u00f6z\u00f6tt is haszn\u00e1lhat\u00f3. Hidegebb \u00e9ghajlaton a legjobb eredm\u00e9ny el\u00e9r\u00e9se \u00e9rdek\u00e9ben fontolja meg szigetelt takar\u00f3k haszn\u00e1lat\u00e1t a kezdeti k\u00f6t\u00e9si f\u00e1zisban.<\/p>\n\n\n\n<h3 class=\"wp-block-heading\">Mi t\u00f6rt\u00e9nik, ha nem vagyok el\u00e9gedett az eredm\u00e9nnyel?<\/h3>\n\n\n<p class=\"wp-block-paragraph\">Egyszer\u0171en l\u00e9pjen kapcsolatba \u00fcgyf\u00e9lszolg\u00e1latunkkal. A p\u00e9nzvisszafizet\u00e9si garanci\u00e1nknak k\u00f6sz\u00f6nhet\u0151en visszak\u00fcldheti a term\u00e9ket, \u00e9s teljes visszat\u00e9r\u00edt\u00e9st kap, ha az nem v\u00e1ltja be a hozz\u00e1 f\u0171z\u00f6tt rem\u00e9nyeket. Mi vagyunk az jedin m\u00e1rka ebben a kateg\u00f3ri\u00e1ban, amely ilyen szint\u0171 magabiztoss\u00e1got k\u00edn\u00e1l.<\/p>\n\n\n\n<h3 class=\"wp-block-heading\">Mi\u00e9rt k\u00fcl\u00f6nb\u00f6zik ez egy sima betonimpregn\u00e1l\u00f3t\u00f3l?<\/h3>\n\n\n<p class=\"wp-block-paragraph\">Egy t\u00f6m\u00edt\u0151anyag a betonfel\u00fclet tetej\u00e9n helyezkedik el, \u00e9s els\u0151sorban nedvess\u00e9g \u00e9s foltok ellen v\u00e9di azt, m\u00edg a kem\u00e9ny\u00edt\u0151nk m\u00e9lyen behatol az anyagba, hogy felgyors\u00edtsa a k\u00f6t\u00e9st \u00e9s bel\u00fclr\u0151l er\u0151s\u00edtse a szerkezeti szil\u00e1rds\u00e1got. Sok \u00fcgyf\u00e9l a maxim\u00e1lis v\u00e9delem \u00e9s teljes\u00edtm\u00e9ny \u00e9rdek\u00e9ben mindk\u00e9t term\u00e9ket egy\u00fctt haszn\u00e1lja.<\/p>\n\n\n\n<h3 class=\"wp-block-heading\">K\u00fclf\u00f6ldre is sz\u00e1ll\u00edtanak?<\/h3>\n\n\n<p class=\"wp-block-paragraph\">Igen, a Ferber Painting term\u00e9ket megb\u00edzhat\u00f3 sz\u00e1ll\u00edtm\u00e1nyoz\u00f3kb\u00f3l \u00e1ll\u00f3 nemzetk\u00f6zi h\u00e1l\u00f3zatunkon kereszt\u00fcl sz\u00e1ll\u00edtjuk ki \u00fcgyfeleinknek vil\u00e1gszerte, \u00edgy gyors \u00e9s biztons\u00e1gos k\u00e9zbes\u00edt\u00e9st garant\u00e1lunk, f\u00fcggetlen\u00fcl att\u00f3l, hogy hol tal\u00e1lhat\u00f3 a projektje.<\/p>\n\n\n\n<h2 class=\"wp-block-heading\">K\u00f6vetkeztet\u00e9s<\/h2>\n\n\n\n<p class=\"wp-block-paragraph\">A beton k\u00f6t\u00e9s\u00e9nek felgyors\u00edt\u00e1s\u00e1nak nem kell a min\u0151s\u00e9g vagy a hossz\u00fa t\u00e1v\u00fa tart\u00f3ss\u00e1g k\u00e1r\u00e1ra mennie. A fel\u00fclet megfelel\u0151 el\u0151k\u00e9sz\u00edt\u00e9s\u00e9vel, a v\u00edztartalom \u00e9s a h\u0151m\u00e9rs\u00e9klet szab\u00e1lyoz\u00e1s\u00e1val, valamint egy megb\u00edzhat\u00f3, nagy teljes\u00edtm\u00e9ny\u0171 term\u00e9k alkalmaz\u00e1s\u00e1val jelent\u0151sen cs\u00f6kkentheti a k\u00f6t\u00e9si id\u0151t, mik\u00f6zben val\u00f3j\u00e1ban \u00e9vekre meger\u0151s\u00edti a betont. A kulcs \u2013 amint azt m\u00e1r a legelej\u00e9n eml\u00edtett\u00fck \u2013 a megfelel\u0151 term\u00e9k kiv\u00e1laszt\u00e1sa a kezdetekt\u0151l fogva. \u00datmutat\u00f3nk minden egyes l\u00e9p\u00e9se, a fel\u00fclet el\u0151k\u00e9sz\u00edt\u00e9s\u00e9t\u0151l a nedvess\u00e9gkezel\u00e9sen \u00e1t a terhel\u00e9s id\u0151z\u00edt\u00e9s\u00e9ig, egy\u00fctt dolgozik azon, hogy gyorsabb \u00e9s er\u0151sebb eredm\u00e9nyt \u00e9rjen el, de semmi sem sz\u00e1m\u00edt annyira, mint a v\u00e1lasztott kem\u00e9ny\u00edt\u0151 szer min\u0151s\u00e9ge.<\/p>\n\n\n\n<p class=\"wp-block-paragraph\"><a href=\"https:\/\/www.ferberpainting.com\/hu\/products\/concrete-and-cement-hardener\/\">Fedezze fel m\u00e9g ma az Ferber Painting beton- \u00e9s cementkem\u00e9ny\u00edt\u0151j\u00e9t, \u00e9s tapasztalja meg a k\u00fcl\u00f6nbs\u00e9get egy olyan term\u00e9kkel, amelyre teljes el\u00e9gedetts\u00e9gi garancia vagy p\u00e9nz-visszafizet\u00e9si \u00edg\u00e9ret vonatkozik, gyors vil\u00e1gszint\u0171 sz\u00e1ll\u00edt\u00e1ssal, valamint olyan \u00f6sszet\u00e9tellel, amelyben a szakemberek \u00e9s a lak\u00e1stulajdonosok egyar\u00e1nt megb\u00edznak.<\/a><\/p>","protected":false},"excerpt":{"rendered":"<p>When it comes to accelerating concrete hardening, everything depends on choosing the right product. Not all concrete hardeners are created equal, and using a low quality or poorly formulated accelerator can lead to cracking, uneven curing, and structural weaknesses that show up months or even years later. That is why so many professionals and DIY [&hellip;]<\/p>\n","protected":false},"author":1,"featured_media":286025,"comment_status":"","ping_status":"open","sticky":false,"template":"","format":"standard","meta":{"_uag_custom_page_level_css":"","site-sidebar-layout":"default","site-content-layout":"","ast-site-content-layout":"default","site-content-style":"default","site-sidebar-style":"default","ast-global-header-display":"","ast-banner-title-visibility":"","ast-main-header-display":"","ast-hfb-above-header-display":"","ast-hfb-below-header-display":"","ast-hfb-mobile-header-display":"","site-post-title":"","ast-breadcrumbs-content":"","ast-featured-img":"","footer-sml-layout":"","ast-disable-related-posts":"","theme-transparent-header-meta":"","adv-header-id-meta":"","stick-header-meta":"","header-above-stick-meta":"","header-main-stick-meta":"","header-below-stick-meta":"","astra-migrate-meta-layouts":"default","ast-page-background-enabled":"default","ast-page-background-meta":{"desktop":{"background-color":"var(--ast-global-color-4)","background-image":"","background-repeat":"repeat","background-position":"center center","background-size":"auto","background-attachment":"scroll","background-type":"","background-media":"","overlay-type":"","overlay-color":"","overlay-opacity":"","overlay-gradient":""},"tablet":{"background-color":"","background-image":"","background-repeat":"repeat","background-position":"center center","background-size":"auto","background-attachment":"scroll","background-type":"","background-media":"","overlay-type":"","overlay-color":"","overlay-opacity":"","overlay-gradient":""},"mobile":{"background-color":"","background-image":"","background-repeat":"repeat","background-position":"center center","background-size":"auto","background-attachment":"scroll","background-type":"","background-media":"","overlay-type":"","overlay-color":"","overlay-opacity":"","overlay-gradient":""}},"ast-content-background-meta":{"desktop":{"background-color":"var(--ast-global-color-5)","background-image":"","background-repeat":"repeat","background-position":"center center","background-size":"auto","background-attachment":"scroll","background-type":"","background-media":"","overlay-type":"","overlay-color":"","overlay-opacity":"","overlay-gradient":""},"tablet":{"background-color":"var(--ast-global-color-5)","background-image":"","background-repeat":"repeat","background-position":"center center","background-size":"auto","background-attachment":"scroll","background-type":"","background-media":"","overlay-type":"","overlay-color":"","overlay-opacity":"","overlay-gradient":""},"mobile":{"background-color":"var(--ast-global-color-5)","background-image":"","background-repeat":"repeat","background-position":"center center","background-size":"auto","background-attachment":"scroll","background-type":"","background-media":"","overlay-type":"","overlay-color":"","overlay-opacity":"","overlay-gradient":""}},"footnotes":""},"categories":[1],"tags":[],"class_list":["post-286026","post","type-post","status-publish","format-standard","has-post-thumbnail","hentry","category-general"],"spectra_custom_meta":{"_uagb_previous_block_counts":["a:90:{s:21:\"uagb\/advanced-heading\";i:0;s:15:\"uagb\/blockquote\";i:0;s:12:\"uagb\/buttons\";i:0;s:18:\"uagb\/buttons-child\";i:0;s:19:\"uagb\/call-to-action\";i:0;s:15:\"uagb\/cf7-styler\";i:0;s:11:\"uagb\/column\";i:0;s:12:\"uagb\/columns\";i:0;s:14:\"uagb\/container\";i:0;s:21:\"uagb\/content-timeline\";i:0;s:27:\"uagb\/content-timeline-child\";i:0;s:14:\"uagb\/countdown\";i:0;s:12:\"uagb\/counter\";i:0;s:8:\"uagb\/faq\";i:0;s:14:\"uagb\/faq-child\";i:0;s:10:\"uagb\/forms\";i:0;s:17:\"uagb\/forms-accept\";i:0;s:19:\"uagb\/forms-checkbox\";i:0;s:15:\"uagb\/forms-date\";i:0;s:16:\"uagb\/forms-email\";i:0;s:17:\"uagb\/forms-hidden\";i:0;s:15:\"uagb\/forms-name\";i:0;s:16:\"uagb\/forms-phone\";i:0;s:16:\"uagb\/forms-radio\";i:0;s:17:\"uagb\/forms-select\";i:0;s:19:\"uagb\/forms-textarea\";i:0;s:17:\"uagb\/forms-toggle\";i:0;s:14:\"uagb\/forms-url\";i:0;s:14:\"uagb\/gf-styler\";i:0;s:15:\"uagb\/google-map\";i:0;s:11:\"uagb\/how-to\";i:0;s:16:\"uagb\/how-to-step\";i:0;s:9:\"uagb\/icon\";i:0;s:14:\"uagb\/icon-list\";i:0;s:20:\"uagb\/icon-list-child\";i:0;s:10:\"uagb\/image\";i:0;s:18:\"uagb\/image-gallery\";i:0;s:13:\"uagb\/info-box\";i:0;s:18:\"uagb\/inline-notice\";i:0;s:11:\"uagb\/lottie\";i:0;s:21:\"uagb\/marketing-button\";i:0;s:10:\"uagb\/modal\";i:0;s:18:\"uagb\/popup-builder\";i:0;s:16:\"uagb\/post-button\";i:0;s:18:\"uagb\/post-carousel\";i:0;s:17:\"uagb\/post-excerpt\";i:0;s:14:\"uagb\/post-grid\";i:0;s:15:\"uagb\/post-image\";i:0;s:17:\"uagb\/post-masonry\";i:0;s:14:\"uagb\/post-meta\";i:0;s:18:\"uagb\/post-taxonomy\";i:0;s:18:\"uagb\/post-timeline\";i:0;s:15:\"uagb\/post-title\";i:0;s:20:\"uagb\/restaurant-menu\";i:0;s:26:\"uagb\/restaurant-menu-child\";i:0;s:11:\"uagb\/review\";i:0;s:12:\"uagb\/section\";i:0;s:14:\"uagb\/separator\";i:0;s:11:\"uagb\/slider\";i:0;s:17:\"uagb\/slider-child\";i:0;s:17:\"uagb\/social-share\";i:0;s:23:\"uagb\/social-share-child\";i:0;s:16:\"uagb\/star-rating\";i:0;s:23:\"uagb\/sure-cart-checkout\";i:0;s:22:\"uagb\/sure-cart-product\";i:0;s:15:\"uagb\/sure-forms\";i:0;s:22:\"uagb\/table-of-contents\";i:0;s:9:\"uagb\/tabs\";i:0;s:15:\"uagb\/tabs-child\";i:0;s:18:\"uagb\/taxonomy-list\";i:0;s:9:\"uagb\/team\";i:0;s:16:\"uagb\/testimonial\";i:0;s:14:\"uagb\/wp-search\";i:0;s:19:\"uagb\/instagram-feed\";i:0;s:10:\"uagb\/login\";i:0;s:17:\"uagb\/loop-builder\";i:0;s:18:\"uagb\/loop-category\";i:0;s:20:\"uagb\/loop-pagination\";i:0;s:15:\"uagb\/loop-reset\";i:0;s:16:\"uagb\/loop-search\";i:0;s:14:\"uagb\/loop-sort\";i:0;s:17:\"uagb\/loop-wrapper\";i:0;s:13:\"uagb\/register\";i:0;s:19:\"uagb\/register-email\";i:0;s:24:\"uagb\/register-first-name\";i:0;s:23:\"uagb\/register-last-name\";i:0;s:22:\"uagb\/register-password\";i:0;s:30:\"uagb\/register-reenter-password\";i:0;s:19:\"uagb\/register-terms\";i:0;s:22:\"uagb\/register-username\";i:0;}"],"_thumbnail_id":["286025"],"_uag_css_file_name":["uag-css-286026.css"],"_elementor_page_assets":["a:0:{}"]},"uagb_featured_image_src":{"full":["https:\/\/www.ferberpainting.com\/wp-content\/uploads\/2026\/09\/comment-acc-l-rer-le-durcissement-du-b-ton.jpg",940,628,false],"thumbnail":["https:\/\/www.ferberpainting.com\/wp-content\/uploads\/2026\/09\/comment-acc-l-rer-le-durcissement-du-b-ton-150x150.jpg",150,150,true],"medium":["https:\/\/www.ferberpainting.com\/wp-content\/uploads\/2026\/09\/comment-acc-l-rer-le-durcissement-du-b-ton-300x200.jpg",300,200,true],"medium_large":["https:\/\/www.ferberpainting.com\/wp-content\/uploads\/2026\/09\/comment-acc-l-rer-le-durcissement-du-b-ton-768x513.jpg",768,513,true],"large":["https:\/\/www.ferberpainting.com\/wp-content\/uploads\/2026\/09\/comment-acc-l-rer-le-durcissement-du-b-ton.jpg",940,628,false],"1536x1536":["https:\/\/www.ferberpainting.com\/wp-content\/uploads\/2026\/09\/comment-acc-l-rer-le-durcissement-du-b-ton.jpg",940,628,false],"2048x2048":["https:\/\/www.ferberpainting.com\/wp-content\/uploads\/2026\/09\/comment-acc-l-rer-le-durcissement-du-b-ton.jpg",940,628,false],"trp-custom-language-flag":["https:\/\/www.ferberpainting.com\/wp-content\/uploads\/2026\/09\/comment-acc-l-rer-le-durcissement-du-b-ton-18x12.jpg",18,12,true],"woocommerce_thumbnail":["https:\/\/www.ferberpainting.com\/wp-content\/uploads\/2026\/09\/comment-acc-l-rer-le-durcissement-du-b-ton-300x300.jpg",300,300,true],"woocommerce_single":["https:\/\/www.ferberpainting.com\/wp-content\/uploads\/2026\/09\/comment-acc-l-rer-le-durcissement-du-b-ton-600x401.jpg",600,401,true],"woocommerce_gallery_thumbnail":["https:\/\/www.ferberpainting.com\/wp-content\/uploads\/2026\/09\/comment-acc-l-rer-le-durcissement-du-b-ton-100x100.jpg",100,100,true]},"uagb_author_info":{"display_name":"admin","author_link":"https:\/\/www.ferberpainting.com\/hu\/blog\/author\/admin2721\/"},"uagb_comment_info":0,"uagb_excerpt":"When it comes to accelerating concrete hardening, everything depends on choosing the right product. Not all concrete hardeners are created equal, and using a low quality or poorly formulated accelerator can lead to cracking, uneven curing, and structural weaknesses that show up months or even years later. That is why so many professionals and DIY&hellip;","_links":{"self":[{"href":"https:\/\/www.ferberpainting.com\/hu\/wp-json\/wp\/v2\/posts\/286026","targetHints":{"allow":["GET"]}}],"collection":[{"href":"https:\/\/www.ferberpainting.com\/hu\/wp-json\/wp\/v2\/posts"}],"about":[{"href":"https:\/\/www.ferberpainting.com\/hu\/wp-json\/wp\/v2\/types\/post"}],"author":[{"embeddable":true,"href":"https:\/\/www.ferberpainting.com\/hu\/wp-json\/wp\/v2\/users\/1"}],"replies":[{"embeddable":true,"href":"https:\/\/www.ferberpainting.com\/hu\/wp-json\/wp\/v2\/comments?post=286026"}],"version-history":[{"count":0,"href":"https:\/\/www.ferberpainting.com\/hu\/wp-json\/wp\/v2\/posts\/286026\/revisions"}],"wp:featuredmedia":[{"embeddable":true,"href":"https:\/\/www.ferberpainting.com\/hu\/wp-json\/wp\/v2\/media\/286025"}],"wp:attachment":[{"href":"https:\/\/www.ferberpainting.com\/hu\/wp-json\/wp\/v2\/media?parent=286026"}],"wp:term":[{"taxonomy":"category","embeddable":true,"href":"https:\/\/www.ferberpainting.com\/hu\/wp-json\/wp\/v2\/categories?post=286026"},{"taxonomy":"post_tag","embeddable":true,"href":"https:\/\/www.ferberpainting.com\/hu\/wp-json\/wp\/v2\/tags?post=286026"}],"curies":[{"name":"wp","href":"https:\/\/api.w.org\/{rel}","templated":true}]}}