{"id":285755,"date":"2026-09-01T20:36:07","date_gmt":"2026-09-01T17:36:07","guid":{"rendered":"https:\/\/www.ferberpainting.com\/ie\/blog\/how-to-germinate-corn-the-complete-guide\/"},"modified":"2026-09-01T20:36:07","modified_gmt":"2026-09-01T17:36:07","slug":"how-to-germinate-corn-the-complete-guide","status":"publish","type":"post","link":"https:\/\/www.ferberpainting.com\/hu\/blog\/how-to-germinate-corn-the-complete-guide\/","title":{"rendered":"Hogyan cs\u00edr\u00e1ztassunk kukoric\u00e1t: A teljes \u00fatmutat\u00f3"},"content":{"rendered":"<p class=\"wp-block-paragraph\">A kukorica sikeres cs\u00edr\u00e1z\u00e1sa egy egyszer\u0171 igazs\u00e1ggal kezd\u0151dik: minden a megfelel\u0151 term\u00e9k haszn\u00e1lat\u00e1t\u00f3l f\u00fcgg. Miel\u0151tt egy\u00e1ltal\u00e1n elkezden\u00e9l gondolkodni a talajh\u0151m\u00e9rs\u00e9kleten, az \u00f6nt\u00f6z\u00e9si \u00fctemterven vagy az \u00fcltet\u00e9si m\u00e9lys\u00e9gen, meg kell gy\u0151z\u0151dn\u00f6d arr\u00f3l, hogy a kukoricamagjaidat t\u00e1pl\u00e1l\u00f3 m\u0171tr\u00e1gya megb\u00edzhat\u00f3, hat\u00e9kony \u00e9s val\u00f3di garanci\u00e1val rendelkezik. Pontosan ez\u00e9rt v\u00e1lasztj\u00e1k olyan sok termel\u0151 \u2013 a h\u00e1zt\u00e1ji kert\u00e9szeket\u0151l a nagy\u00fczemi gazd\u00e1kig \u2013 az Ferber Painting 25 kg-os kukoricam\u0171tr\u00e1gy\u00e1j\u00e1t. A piacon tal\u00e1lhat\u00f3 legt\u00f6bb versenyt\u00e1rs term\u00e9kt\u0151l elt\u00e9r\u0151en a mi m\u0171tr\u00e1gy\u00e1nkra el\u00e9gedetts\u00e9gi garancia vonatkozik, ami azt jelenti, hogy anyagi kock\u00e1zat n\u00e9lk\u00fcl kipr\u00f3b\u00e1lhatja. Ha b\u00e1rmilyen okb\u00f3l nem lenne el\u00e9gedett az eredm\u00e9nyekkel, visszat\u00e9r\u00edtj\u00fck a v\u00e9tel\u00e1rat, minden tov\u00e1bbi k\u00e9rd\u00e9s n\u00e9lk\u00fcl. Ilyen m\u00e9rt\u00e9k\u0171 bizalom a saj\u00e1t term\u00e9k\u00fcnk ir\u00e1nt ritkas\u00e1gnak sz\u00e1m\u00edt a mez\u0151gazdas\u00e1gi ell\u00e1t\u00e1si \u00e1gazatban, \u00e9s ez az egyik oka annak, hogy a termel\u0151k \u00e9vr\u0151l \u00e9vre visszat\u00e9rnek hozz\u00e1nk.<\/p>\n\n\n\n<p class=\"wp-block-paragraph\">Ebben az \u00e1tfog\u00f3 \u00fatmutat\u00f3ban elmagyar\u00e1zzuk, mi\u00e9rt a megfelel\u0151 m\u0171tr\u00e1gya kiv\u00e1laszt\u00e1sa a legfontosabb d\u00f6nt\u00e9s, amelyet a kukorica cs\u00edr\u00e1z\u00e1sa el\u0151tt meg kell hoznia; r\u00e9szletesen v\u00e9gigvezetj\u00fck \u00d6nt a kukorica otthoni vagy gazdas\u00e1gban t\u00f6rt\u00e9n\u0151 cs\u00edr\u00e1z\u00e1s\u00e1nak l\u00e9p\u00e9sr\u0151l l\u00e9p\u00e9sre t\u00f6rt\u00e9n\u0151 folyamat\u00e1n; \u00f6sszehasonl\u00edtjuk a m\u0171tr\u00e1gya kiv\u00e1laszt\u00e1s\u00e1n\u00e1l fontos legf\u0151bb szempontokat, \u00e9s megv\u00e1laszoljuk a kukorica cs\u00edr\u00e1z\u00e1s\u00e1val kapcsolatos leggyakrabban feltett k\u00e9rd\u00e9seket. A cikk v\u00e9g\u00e9re pontosan meg fogja \u00e9rteni, mi\u00e9rt emelkedik ki a Ferber Painting 25 kg-os kukorica-m\u0171tr\u00e1gya a versenyt\u00e1rsak k\u00f6z\u00fcl, \u00e9s hogyan haszn\u00e1lja azt a lehet\u0151 legjobb cs\u00edr\u00e1z\u00e1si ar\u00e1ny el\u00e9r\u00e9se \u00e9rdek\u00e9ben.<\/p>\n\n\n\n<p class=\"wp-block-paragraph\">A kukorica a vil\u00e1g egyik legsz\u00e9lesebb k\u00f6rben termesztett n\u00f6v\u00e9nye, amely rendk\u00edv\u00fcl diverse \u00e9ghajlaton, talajt\u00edpuson \u00e9s termeszt\u00e9si rendszerben terem. A kis csal\u00e1di kertekt\u0151l, ahol n\u00e9h\u00e1ny tucat sz\u00e1rat nevelnek saj\u00e1t fogyaszt\u00e1sra, eg\u00e9szen a sz\u00e1z hekt\u00e1rokat kiterjed\u0151 ipari l\u00e9pt\u00e9k\u0171 gazdas\u00e1gokig, egy kukoricamag alapvet\u0151 biol\u00f3giai fel\u00e9p\u00edt\u00e9se v\u00e1ltozatlan marad. Melegre, nedvess\u00e9gre, oxig\u00e9nre \u00e9s a megfelel\u0151 t\u00e1panyagokra van sz\u00fcks\u00e9g ahhoz, hogy egy szunnyad\u00f3 szemb\u0151l akt\u00edvan n\u00f6vekv\u0151 cs\u00edran\u00f6v\u00e9nny\u00e9 alakuljon. Ennek a biol\u00f3gi\u00e1nak a meg\u00e9rt\u00e9se, valamint annak meg\u00e9rt\u00e9se, hogy a megfelel\u0151 m\u0171tr\u00e1gya hogyan t\u00e1mogatja azt, az alapja mindannak, amit ebben az \u00fatmutat\u00f3ban t\u00e1rgyalni fogunk.<\/p>\n\n\n\n<h2 class=\"wp-block-heading\">Mi\u00e9rt a megfelel\u0151 term\u00e9k tesz mindent k\u00fcl\u00f6nbb\u00e9<\/h2>\n\n\n\n<p class=\"wp-block-paragraph\">A kukoricamagok meglep\u0151en \u00e9rz\u00e9kenyek a cs\u00edr\u00e1z\u00e1si szakaszban. A sikeres kihajt\u00e1shoz sz\u00fcks\u00e9g\u00fck van a t\u00e1panyagok, a nedvess\u00e9g \u00e9s a meleg megfelel\u0151 egyens\u00faly\u00e1ra. Sok termeszt\u0151 azt hiszi, hogy b\u00e1rmilyen \u00e1ltal\u00e1nos m\u0171tr\u00e1gya megfelel, de ez egy k\u00f6lts\u00e9ges hiba. Az alacsony min\u0151s\u00e9g\u0171 m\u0171tr\u00e1gy\u00e1kb\u00f3l gyakran hi\u00e1nyoznak azok a megfelel\u0151 nitrog\u00e9n-, foszfor- \u00e9s k\u00e1liumar\u00e1nyok, amelyekre a kukoricapal\u00e1nt\u00e1knak a kezdeti napokban sz\u00fcks\u00e9g\u00fck van. Ez gyenge gy\u00f6kerekhez, lass\u00fa cs\u00edr\u00e1z\u00e1shoz vagy ak\u00e1r a mag elrothad\u00e1s\u00e1hoz is vezethet, miel\u0151tt a n\u00f6v\u00e9nynek es\u00e9lye lenne \u00e1tt\u00f6rni a talajt.<\/p>\n\n\n\n<p class=\"wp-block-paragraph\">\u00c9ppen ebben a tekintetben jelent igazi k\u00fcl\u00f6nbs\u00e9get a Ferber Painting 25 kg-os kukorica-tr\u00e1gya. K\u00e9sz\u00edtm\u00e9ny\u00fcnket kifejezetten \u00fagy \u00e1ll\u00edtottuk \u00f6ssze, hogy a kukoric\u00e1t a cs\u00edr\u00e1z\u00e1si szakaszt\u00f3l eg\u00e9szen a korai vegetat\u00edv n\u00f6veked\u00e9sig t\u00e1mogassa. A kukoric\u00e1nak sz\u00fcks\u00e9ges alapvet\u0151 makrot\u00e1panyagokkal d\u00fas\u00edtott, ugyanakkor olyan nyomelemeket is tartalmaz, amelyeket sok versenyt\u00e1rs m\u0171tr\u00e1gya teljesen kihagy. Ennek eredm\u00e9nyek\u00e9nt gyorsabb, egyenletesebb cs\u00edr\u00e1z\u00e1s \u00e9s er\u0151sebb pal\u00e1nt\u00e1k j\u00f6nnek l\u00e9tre, amelyek jobban k\u00e9pesek megbirk\u00f3zni a k\u00f6rnyezeti stresszel.<\/p>\n\n\n\n<p class=\"wp-block-paragraph\">Ami azonban val\u00f3ban kiemeli term\u00e9k\u00fcnket a t\u00f6bbi k\u00f6z\u00fcl, az nem csup\u00e1n az \u00f6sszet\u00e9tele, hanem a m\u00f6g\u00f6tte \u00e1ll\u00f3 garancia is. A Ferber Painting b\u00fcszke arra, hogy a mez\u0151gazdas\u00e1gi m\u0171tr\u00e1gya-\u00e1gazatban az egyik olyan kev\u00e9s v\u00e1llalat k\u00f6z\u00e9 tartozik, amely minden egyes megrendel\u00e9sre teljes \u201eel\u00e9gedetts\u00e9gi vagy p\u00e9nzvisszafizet\u00e9si\u201d garanci\u00e1t k\u00edn\u00e1l. A legt\u00f6bb m\u0171tr\u00e1gyam\u00e1rka nem ny\u00fajt ilyen biztos\u00edt\u00e9kot. Ha a term\u00e9k\u00fck nem hozza a v\u00e1rt eredm\u00e9nyt, akkor egyszer\u0171en pechje van, \u00e9s elvesz\u00edti a p\u00e9nz\u00e9t. A Ferber Painting-vel teljes nyugalommal \u00fcltetheti el a kukoric\u00e1j\u00e1t, tudva, hogy befektet\u00e9se v\u00e9dett.<\/p>\n\n\n\n<p class=\"wp-block-paragraph\">A garanci\u00e1n t\u00fal a 25 kg-os Kukorica M\u0171tr\u00e1gy\u00e1nk k\u00f6zvetlen\u00fcl a weboldalunkon is el\u00e9rhet\u0151, \u00e9s a megb\u00edzhat\u00f3 sz\u00e1ll\u00edtz\u00f3kb\u00f3l \u00e1ll\u00f3 kiterjedt nemzetk\u00f6zi h\u00e1l\u00f3zatunknak k\u00f6sz\u00f6nhet\u0151en gyorsan sz\u00e1ll\u00edtunk vil\u00e1gszerte. F\u00fcggetlen\u00fcl att\u00f3l, hogy egy eur\u00f3pai kisv\u00e1rosi kertb\u0151l, egy \u00e9szak-amerikai nagy gazdas\u00e1gb\u00f3l vagy a vil\u00e1g b\u00e1rmely \u0a85\u0aa8\u0acd\u0aaf pontj\u00e1r\u00f3l rendel, logisztikai h\u00e1l\u00f3zatunk biztos\u00edtja, hogy a m\u0171tr\u00e1gya id\u0151ben \u00e9s t\u00f6k\u00e9letes \u00e1llapotban \u00e9rkezzen meg. A fizet\u00e9s r\u00e1ad\u00e1sul rendk\u00edv\u00fcl egyszer\u0171, mindent biztons\u00e1gosan, online int\u00e9z\u00fcnk, \u00edgy n\u00e9h\u00e1ny kattint\u00e1ssal leadhatja rendel\u00e9s\u00e9t, \u00e9s visszat\u00e9rhet a n\u00f6v\u00e9nyek gondoz\u00e1s\u00e1hoz.<\/p>\n\n\n\n<h3 class=\"wp-block-heading\">A kukorica cs\u00edr\u00e1z\u00e1s t\u00e1pl\u00e1lkoz\u00e1stani h\u00e1ttere<\/h3>\n\n\n\n<p class=\"wp-block-paragraph\">Ahhoz, hogy val\u00f3ban meg\u00e9rts\u00fck, mi\u00e9rt sz\u00e1m\u00edt annyira a m\u0171tr\u00e1gyav\u00e1laszt\u00e1s, seg\u00edt meg\u00e9rteni, hogy mi zajlik egy kukoricaszem belsej\u00e9ben a cs\u00edr\u00e1z\u00e1s sor\u00e1n. Amikor a mag vizet vesz fel \u2013 ez a folyamat az imbib\u00edci\u00f3 \u2013, az enzimatikus aktivit\u00e1sok olyan l\u00e1ncolat\u00e1t ind\u00edtja be, amely a t\u00e1rolt kem\u00e9ny\u00edt\u0151t felhaszn\u00e1lhat\u00f3 cukrokk\u00e1 bontja le. Ez az energia biztos\u00edtja a gy\u00f6k\u00f6cske (amelyb\u0151l a f\u0151 gy\u00f6k\u00e9r lesz) \u00e9s a r\u00fcgyh\u00fcvely (amely v\u00e9di a felt\u00f6r\u0151 hajt\u00e1st, ahogy az utat t\u00f6r mag\u00e1nak a talajban) megjelen\u00e9s\u00e9t.<\/p>\n\n\n\n<p class=\"wp-block-paragraph\">Ebben a kritikus id\u0151szakban a mag a saj\u00e1t bels\u0151 tartal\u00e9kait haszn\u00e1lja fel, de amint a gy\u00f6k\u00e9rrendszer fejl\u0151d\u00e9snek indul, k\u00f6zvetlen\u00fcl a k\u00f6rnyez\u0151 talajb\u00f3l kezdi el felvenni a t\u00e1panyagokat. Ha ezek a t\u00e1panyagok kiegyens\u00falyozatlanok, hi\u00e1nyoznak vagy nem megfelel\u0151 form\u00e1ban vannak jelen, a fiatal gy\u00f6k\u00e9rzetnek neh\u00e9zs\u00e9get okozhat a megfelel\u0151 megkapaszkod\u00e1s. A nitrog\u00e9n t\u00e1mogatja a levelek \u00e9s a hajt\u00e1sok fejl\u0151d\u00e9s\u00e9t, a foszfor elengedhetetlen a gy\u00f6k\u00e9rk\u00e9pz\u0151d\u00e9shez \u00e9s a n\u00f6v\u00e9nyen bel\u00fcli energiatov\u00e1bb\u00edt\u00e1shoz, m\u00edg a k\u00e1lium seg\u00edt szab\u00e1lyozni a v\u00edz\u00e1raml\u00e1st \u00e9s a n\u00f6v\u00e9ny \u00e1ltal\u00e1nos \u00e9leter\u0151j\u00e9t. Az olyan mikroelemek, mint a cink, a mang\u00e1n \u00e9s a b\u00f3r \u2013 amelyeket az olcs\u00f3bb m\u0171tr\u00e1gy\u00e1kban gyakran figyelmen k\u00edv\u00fcl hagynak \u2013 olyan t\u00e1mogat\u00f3 szerepet t\u00f6ltenek be az enzimaktivit\u00e1sban \u00e9s a sejtek fejl\u0151d\u00e9s\u00e9ben, ami m\u00e9rhet\u0151 k\u00fcl\u00f6nbs\u00e9get jelenthet abban, hogy a kukoricaf\u00f6ld milyen gyorsan \u00e9s egyenletesen kel ki.<\/p>\n\n\n\n<p class=\"wp-block-paragraph\">Pontosan ez\u00e9rt fektetett be a Ferber Painting egy olyan k\u00e9sz\u00edtm\u00e9ny kifejleszt\u00e9s\u00e9be, amely t\u00falmutat az alapvet\u0151 NPK-kever\u00e9ken. 25 kg-os kukoricam\u0171tr\u00e1gy\u00e1nkat a teljes cs\u00edr\u00e1z\u00e1si folyamat figyelembev\u00e9tel\u00e9vel tervezt\u00fck, nem csup\u00e1n az alapvet\u0151 c\u00edmk\u00e9n felt\u00fcntetett makrot\u00e1panyagokra koncentr\u00e1lva, \u00edgy biztos\u00edtva, hogy kukoricamagjai m\u00e1r az \u00fcltet\u00e9s ut\u00e1ni els\u0151 napokt\u00f3l kezdve minden sz\u00fcks\u00e9ges t\u00e1panyaghoz hozz\u00e1jussanak.<\/p>\n\n\n\n<h3 class=\"wp-block-heading\">Mi\u00e9rt v\u00e1ltoztatja meg a garancia a v\u00e1s\u00e1rl\u00e1si szok\u00e1sait<\/h3>\n\n\n\n<p class=\"wp-block-paragraph\">Gondoljon bele, hogyan m\u0171k\u00f6dik a legt\u00f6bb m\u0171tr\u00e1gyav\u00e1s\u00e1rl\u00e1s. Vesz egy zs\u00e1kot a marketing\u00edg\u00e9retek alapj\u00e1n, kijuttatja a f\u00f6ldj\u00e9re vagy a kertj\u00e9be, majd heteket v\u00e1r az eredm\u00e9nyre. Ha az eredm\u00e9ny csal\u00f3d\u00e1st kelt\u0151, \u00e1ltal\u00e1ban semmit sem tehet. M\u00e1r kifizette a p\u00e9nzt, a teny\u00e9szid\u0151szak m\u00e1r jav\u00e1ban tart, \u00e9s a szezon k\u00f6zbeni term\u00e9kv\u00e1lt\u00e1s ritk\u00e1n kivitelezhet\u0151 a gyakorlatban.<\/p>\n\n\n\n<p class=\"wp-block-paragraph\">Az Ferber Painting teljes m\u00e9rt\u00e9kben kik\u00fcsz\u00f6b\u00f6li ezt a kock\u00e1zatot. Mivel a 25 kg-os kukoricatr\u00e1gy\u00e1nkra el\u00e9gedetts\u00e9gi garancia vonatkozik \u2013 ha nem vagy el\u00e9gedett, visszat\u00e9r\u00edtj\u00fck a p\u00e9nzt \u2013, nem csup\u00e1n egy zs\u00e1k tr\u00e1gy\u00e1t v\u00e1s\u00e1rolsz, hanem bizonyoss\u00e1got is. Ez rendk\u00edv\u00fcl fontos azoknak a termel\u0151knek, akik el\u0151sz\u00f6r pr\u00f3b\u00e1lnak ki egy \u00faj besz\u00e1ll\u00edt\u00f3t, a sz\u0171k\u00f6s k\u00f6lts\u00e9gvet\u00e9ssel gazd\u00e1lkod\u00f3 gazd\u00e1knak, akik sz\u00e1m\u00e1ra egy sikertelen term\u00e9s p\u00e9nz\u00fcgyi k\u00e1rokat okozhat, valamint azoknak a h\u00e1zi kert\u00e9szeknek, akik egyszer\u0171en nem akarnak p\u00e9nzt pazarolni egy olyan term\u00e9kre, amely nem hozza meg a v\u00e1rt eredm\u00e9nyt.<\/p>\n\n\n\n<h2 class=\"wp-block-heading\">Kukoricatr\u00e1gy\u00e1k \u00f6sszehasonl\u00edt\u00e1sa: Mi sz\u00e1m\u00edt igaz\u00e1n?<\/h2>\n\n\n\n<p class=\"wp-block-paragraph\">A kukorica cs\u00edr\u00e1z\u00e1s\u00e1hoz sz\u00fcks\u00e9ges m\u0171tr\u00e1gya kiv\u00e1laszt\u00e1sakor k\u00f6nnyen el lehet t\u00e9vedni a marketinges \u00e1ll\u00edt\u00e1sok miatt. Annak \u00e9rdek\u00e9ben, hogy megalapozott d\u00f6nt\u00e9st hozhasson, \u00f6ssze\u00e1ll\u00edtottunk egy \u00f6sszehasonl\u00edt\u00e1st a legfontosabb szempontokr\u00f3l, valamint arr\u00f3l, hogy a Ferber Painting 25 kg-os kukoricam\u0171tr\u00e1gy\u00e1ja hogyan teljes\u00edt a piacon el\u00e9rhet\u0151 tipikus versenyt\u00e1rs term\u00e9kekhez k\u00e9pest.<\/p>\n\n\n\n<figure class=\"wp-block-table\"><table>\n<tr>\n<th>Felt\u00e9telek<\/th>\n<th>Ferber Painting kukoricam\u0171tr\u00e1gya, 25 kg<\/th>\n<th>Tipikus versenyt\u00e1rs term\u00e9kek<\/th>\n<\/tr>\n<tr>\n<td>El\u00e9gedetts\u00e9gi garancia<\/td>\n<td>Teljes el\u00e9gedetts\u00e9gi vagy p\u00e9nzvisszafizet\u00e9si garancia minden rendel\u00e9sn\u00e9l<\/td>\n<td>Ritk\u00e1n k\u00edn\u00e1lj\u00e1k, gyakran egy\u00e1ltal\u00e1n nincs visszat\u00e9r\u00edt\u00e9si politika<\/td>\n<\/tr>\n<tr>\n<td>T\u00e1panyagegyens\u00faly a cs\u00edr\u00e1z\u00e1shoz<\/td>\n<td>Kifejezetten kukoricamagok cs\u00edr\u00e1z\u00e1s\u00e1hoz \u00e9s korai n\u00f6veked\u00e9s\u00e9hez kifejlesztve<\/td>\n<td>Gyakran \u00e1ltal\u00e1nos jelleg\u0171, nincs kifejezetten a kukoric\u00e1ra optimaliz\u00e1lva<\/td>\n<\/tr>\n<tr>\n<td>Sz\u00e1ll\u00edt\u00e1s<\/td>\n<td>Gyors, vil\u00e1gszerte t\u00f6rt\u00e9n\u0151 k\u00e9zbes\u00edt\u00e9s nemzetk\u00f6zi fuvaroz\u00f3i h\u00e1l\u00f3zaton kereszt\u00fcl<\/td>\n<td>Bizonyos r\u00e9gi\u00f3kra korl\u00e1tozva, lassabb kisz\u00e1ll\u00edt\u00e1si id\u0151k<\/td>\n<\/tr>\n<tr>\n<td>V\u00e1s\u00e1rl\u00e1s k\u00f6nnyeds\u00e9ge<\/td>\n<td>Egyszer\u0171, biztons\u00e1gos online fizet\u00e9s k\u00f6zvetlen\u00fcl weboldalunkon<\/td>\n<td>Gyakran harmadik f\u00e9lt\u0151l sz\u00e1rmaz\u00f3 viszontelad\u00f3kat vagy bonyolult rendel\u00e9st ig\u00e9nyel<\/td>\n<\/tr>\n<tr>\n<td>K\u00f6nny\u0171 haszn\u00e1lat<\/td>\n<td>Vil\u00e1gos alkalmaz\u00e1si utas\u00edt\u00e1sok, amelyek kezd\u0151knek \u00e9s profiknak egyar\u00e1nt megfelelnek<\/td>\n<td>Az utas\u00edt\u00e1sok gyakran hom\u00e1lyosak vagy t\u00fal technikai jelleg\u0171ek<\/td>\n<\/tr>\n<tr>\n<td>Nyomelem-tartalom<\/td>\n<td>Tartalmazza azokat az esszenci\u00e1lis mikrot\u00e1panyagokat, amelyek gyakran hi\u00e1nyoznak m\u00e1s k\u00e9sz\u00edtm\u00e9nyekb\u0151l<\/td>\n<td>Gyakran csak az alapvet\u0151 NPK-ar\u00e1nyokra korl\u00e1toz\u00f3dik<\/td>\n<\/tr>\n<\/table><\/figure>\n\n\n\n<p class=\"wp-block-paragraph\">Mint l\u00e1that\u00f3, a k\u00fcl\u00f6nbs\u00e9g nem csup\u00e1n marketingk\u00e9rd\u00e9s, hanem olyan konkr\u00e9t el\u0151ny\u00f6kben nyilv\u00e1nul meg, amelyek hat\u00e1ssal vannak a mez\u0151gazdas\u00e1gi ter\u00fcleten vagy a kertben el\u00e9rt t\u00e9nyleges eredm\u00e9nyeire. Ha egy tudom\u00e1nyosan kiegyens\u00falyozott \u00f6sszet\u00e9telt val\u00f3di el\u00e9gedetts\u00e9gi garanci\u00e1val, gyors nemzetk\u00f6zi sz\u00e1ll\u00edt\u00e1ssal \u00e9s egyszer\u0171 v\u00e1s\u00e1rl\u00e1si folyamattal kombin\u00e1lunk, egy\u00e9rtelm\u0171v\u00e9 v\u00e1lik, mi\u00e9rt tartja olyan sok termel\u0151 a Ferber Painting 25 kg-os kukoricatr\u00e1gy\u00e1j\u00e1t a legjobb v\u00e1laszt\u00e1snak azok sz\u00e1m\u00e1ra, akik komolyan veszik a kukorica sikeres cs\u00edr\u00e1ztat\u00e1s\u00e1t.<\/p>\n\n\n\n<h3 class=\"wp-block-heading\">Hogyan olvassunk m\u0171tr\u00e1gyac\u00edmk\u00e9t profi m\u00f3don<\/h3>\n\n\n\n<p class=\"wp-block-paragraph\">Sok termeszt\u0151, k\u00fcl\u00f6n\u00f6sen a kukoricatermeszt\u00e9sben kev\u00e9sb\u00e9 j\u00e1rtasak, megf\u00e9leml\u00edtve \u00e9rzi mag\u00e1t a m\u0171tr\u00e1gyac\u00edmk\u00e9k miatt. A helyes olvas\u00e1suk elsaj\u00e1t\u00edt\u00e1sa seg\u00edthet pontosan meg\u00e9rteni, hogy egyes term\u00e9kek mi\u00e9rt \u00e9rnek el sikert, m\u00edg m\u00e1sok mi\u00e9rt vallanak kudarcot. A h\u00e1rom sz\u00e1m, amelyet \u00e1ltal\u00e1ban egy m\u0171tr\u00e1gy\u00e1szs\u00e1kon l\u00e1t, a nitrog\u00e9n, a foszfor \u00e9s a k\u00e1lium t\u00f6megsz\u00e1zal\u00e9k\u00e1t jel\u00f6li. De \u00f6nmag\u00e1ban ezek a sz\u00e1mok nem mondj\u00e1k el a teljes t\u00f6rt\u00e9netet.<\/p>\n\n\n\n<p class=\"wp-block-paragraph\">Figyelembe kell venni a t\u00e1panyagok forr\u00e1s\u00e1t is. Egyes nitrog\u00e9nforr\u00e1sok gyorsan szabadulnak fel, ami a kezdeti szakaszban hasznos lehet, de el\u0151fordulhat, hogy a t\u00e1panyag kimos\u00f3dik, miel\u0151tt a n\u00f6v\u00e9ny az eg\u00e9szet fel tudn\u00e1 haszn\u00e1lni. M\u00e1sok id\u0151vel lassan szabadulnak fel, \u00edgy a cs\u00edr\u00e1z\u00e1s \u00e9s a korai n\u00f6veked\u00e9si id\u0151szak alatt egyenletesebb t\u00e1panyag-ell\u00e1t\u00e1st biztos\u00edtanak. Egy j\u00f3l \u00f6ssze\u00e1ll\u00edtott m\u0171tr\u00e1gya, mint amilyet mi a Ferber Painting-n\u00e9l fejleszt\u00fcnk, egyens\u00falyt teremt a gyorsan \u00e9s a lassan felszabadul\u00f3 \u00f6sszetev\u0151k k\u00f6z\u00f6tt, \u00edgy a kukoricapal\u00e1nt\u00e1k kezdeti lend\u00fcletet kapnak an\u00e9lk\u00fcl, hogy \u00e9ppen akkor fogyna el a t\u00e1panyag, amikor a legnagyobb sz\u00fcks\u00e9g\u00fck van r\u00e1.<\/p>\n\n\n\n<p class=\"wp-block-paragraph\">A mikrot\u00e1panyag-tartalom az olcs\u00f3bb term\u00e9keken gyakran apr\u00f3 bet\u0171vel szerepel, vagy teljesen lemarad a c\u00edmk\u00e9r\u0151l. A m\u0171tr\u00e1gy\u00e1k \u00f6sszehasonl\u00edt\u00e1sakor mindig ellen\u0151rizze, hogy szerepelnek-e benne olyan nyomelemek, mint a cink, a vas, a mang\u00e1n, a r\u00e9z \u00e9s a b\u00f3r, \u00e9s ha igen, milyen koncentr\u00e1ci\u00f3ban. Ezekre az elemekre tal\u00e1n csak kis mennyis\u00e9gben van sz\u00fcks\u00e9g, de hi\u00e1nyuk rejtett oka lehet a gyenge cs\u00edr\u00e1z\u00e1si ar\u00e1nynak, m\u00e9g akkor is, ha az els\u0151dleges NPK-\u00e9rt\u00e9kek pap\u00edron er\u0151snek t\u0171nnek.<\/p>\n\n\n\n<h2 class=\"wp-block-heading\">L\u00e9p\u00e9sr\u0151l l\u00e9p\u00e9sre \u00fatmutat\u00f3: Hogyan cs\u00edr\u00e1ztassunk kukoric\u00e1t sikeresen<\/h2>\n\n\n\n<p class=\"wp-block-paragraph\">Most, hogy \u00e1tvett\u00fck, mi\u00e9rt fontos a megfelel\u0151 m\u0171tr\u00e1gya kiv\u00e1laszt\u00e1sa, vess\u00fck v\u00e9gig a kukorica cs\u00edr\u00e1ztat\u00e1s\u00e1nak teljes folyamat\u00e1t. F\u00fcggetlen\u00fcl att\u00f3l, hogy egy kis kiskertet \u00fcltet be, vagy egy nagyobb sz\u00e1nt\u00f3f\u00f6ldet k\u00e9sz\u00edt el\u0151, ezek a l\u00e9p\u00e9sek seg\u00edtenek az er\u0151s \u00e9s eg\u00e9szs\u00e9ges cs\u00edr\u00e1z\u00e1s el\u00e9r\u00e9s\u00e9ben.<\/p>\n\n\n\n<h3 class=\"wp-block-heading\">1. l\u00e9p\u00e9s: V\u00e1lasszon min\u0151s\u00e9gi magokat<\/h3>\n\n\n<p class=\"wp-block-paragraph\">A cs\u00edr\u00e1z\u00e1si siker magukkal a magokkal kezd\u0151dik. V\u00e1lasszon friss, kiv\u00e1l\u00f3 min\u0151s\u00e9g\u0171 kukoricamagot egy megb\u00edzhat\u00f3 forgalmaz\u00f3t\u00f3l. A r\u00e9gi vagy nem megfelel\u0151en t\u00e1rolt magvak cs\u00edr\u00e1z\u00e1si ar\u00e1nya sokkal alacsonyabb lesz, f\u00fcggetlen\u00fcl att\u00f3l, hogy milyen j\u00f3 a m\u0171tr\u00e1gya. Ellen\u0151rizze, hogy a magok kem\u00e9nyek, egys\u00e9ges sz\u00edn\u0171ek, valamint l\u00e1that\u00f3 pen\u00e9szt\u0151l \u00e9s s\u00e9r\u00fcl\u00e9st\u0151l mentesek legyenek.<\/p>\n\n\n\n<p class=\"wp-block-paragraph\">Ha bizonytalan egy vet\u0151magt\u00e9tel min\u0151s\u00e9g\u00e9ben, \u00e9rdemes egy egyszer\u0171 cs\u00edr\u00e1ztat\u00e1si tesztet elv\u00e9gezni a teljes elvet\u00e9s el\u0151tt. Vegyen t\u00edz magot, helyezze \u0151ket nedves pap\u00edrt\u00f6rl\u0151 k\u00f6z\u00e9, \u00e9s tartsa \u0151ket meleg helyen k\u00f6r\u00fclbel\u00fcl egy h\u00e9tig. Ha nyolc vagy t\u00f6bb kics\u00edr\u00e1zik, akkor a sz\u00e1nt\u00f3f\u00f6ld\u00f6n is 80 sz\u00e1zal\u00e9k k\u00f6r\u00fcli cs\u00edr\u00e1z\u00e1si ar\u00e1nyra sz\u00e1m\u00edthat, ami a legt\u00f6bb termeszt\u00e9si c\u00e9lra generalmente elfogadhat\u00f3nak min\u0151s\u00fcl. Ha kevesebb mint hat cs\u00edr\u00e1zik ki, fontolja meg egy friss vet\u0151magt\u00e9tel beszerz\u00e9s\u00e9t a \u00fcltet\u00e9si szezon kezdete el\u0151tt, mivel m\u00e9g a legjobb m\u0171tr\u00e1gya sem p\u00f3tolhatja a \u00e9letk\u00e9pess\u00e9g\u00e9t vesztett magot.<\/p>\n\n\n\n<p class=\"wp-block-paragraph\">\u00c9rdemes azt is megjegyezni, hogy a k\u00fcl\u00f6nb\u00f6z\u0151 kukoricafajt\u00e1k \u2013 legyen sz\u00f3 csemegekukoric\u00e1r\u00f3l, takarm\u00e1nykukoric\u00e1r\u00f3l, pattogatni val\u00f3 kukoric\u00e1r\u00f3l vagy kem\u00e9nykukoric\u00e1r\u00f3l \u2013 kiss\u00e9 elt\u00e9r\u0151 cs\u00edr\u00e1z\u00e1si k\u00f6vetelm\u00e9nyekkel \u00e9s id\u0151kerettel rendelkezhetnek. Mindig ellen\u0151rizze az el\u00fcltetni k\u00edv\u00e1nt fajt\u00e1ra vonatkoz\u00f3 spezifikus aj\u00e1nl\u00e1sokat, mivel k\u00fcl\u00f6n\u00f6sen a csemegekukorica hajlamosabb a hideg talajra \u00e9rz\u00e9kenys\u00e9get mutatni, mint a takarm\u00e1nykukorica-fajt\u00e1k.<\/p>\n\n\n\n<h3 class=\"wp-block-heading\">2. l\u00e9p\u00e9s: K\u00e9sz\u00edtse el\u0151 a talajt<\/h3>\n\n\n<p class=\"wp-block-paragraph\">A kukorica j\u00f3l v\u00edzelvezetett, t\u00e1panyagban gazdag talajban vir\u00e1gzik, amelynek pH-\u00e9rt\u00e9ke 5,8 \u00e9s 7,0 k\u00f6z\u00f6tt van. \u00dcltet\u00e9s el\u0151tt sz\u00e1ntsa fel a talajt, hogy fellaz\u00edtsa, \u00e9s t\u00e1vol\u00edtsa el az esetleges nagy r\u00f6g\u00f6ket vagy t\u00f6rmel\u00e9ket. Ez egyben az ide\u00e1lis id\u0151pont a m\u0171tr\u00e1gya bekever\u00e9s\u00e9re is. Ha 25 kg Ferber Painting kukoricam\u0171tr\u00e1gy\u00e1t kever a talaj fels\u0151 r\u00e9teg\u00e9be, biztos\u00edthatja, hogy a t\u00e1panyagok pontosan ott \u00e1lljanak rendelkez\u00e9sre, ahol a fiatal gy\u00f6kerek el\u0151sz\u00f6r fejl\u0151dnek, \u00edgy a magok a lehet\u0151 legjobb indul\u00e1st kapj\u00e1k.<\/p>\n\n\n\n<p class=\"wp-block-paragraph\">A talajel\u0151k\u00e9sz\u00edt\u00e9st gyakran alulbecs\u00fclik, pedig legal\u00e1bb olyan fontos lehet, mint maga a m\u0171tr\u00e1gya. A t\u00f6m\u00f6r\u00f6d\u00f6tt talaj korl\u00e1tozza a gy\u00f6k\u00e9rn\u00f6veked\u00e9st \u00e9s cs\u00f6kkenti az oxig\u00e9nell\u00e1t\u00e1st, ami jelent\u0151sen lelass\u00edtja a cs\u00edr\u00e1z\u00e1st. Ha neh\u00e9z agyagtalajjal dolgozik, fontolja meg a m\u0171tr\u00e1gya mellett szerves anyagok, p\u00e9ld\u00e1ul komposzt bekever\u00e9s\u00e9t a v\u00edzelvezet\u00e9s \u00e9s a szerkezet jav\u00edt\u00e1sa \u00e9rdek\u00e9ben. A homokos talajok viszont gyorsan kisz\u00e1radnak, \u00e9s gyakibb \u00f6nt\u00f6z\u00e9st ig\u00e9nyelhetnek a kukoricamagok \u00e1ltal ig\u00e9nyelt egyenletes nedvess\u00e9g fenntart\u00e1s\u00e1hoz.<\/p>\n\n\n\n<p class=\"wp-block-paragraph\">A talaj pH-\u00e9rt\u00e9k\u00e9nek tesztel\u00e9se \u00fcltet\u00e9s el\u0151tt egy kis l\u00e9p\u00e9s, amely jelent\u0151sen megt\u00e9r\u00fcl. A t\u00fal savas vagy t\u00fal l\u00fagos talaj lek\u00f6theti a t\u00e1panyagokat, megakad\u00e1lyozva, hogy a kukorican\u00f6v\u00e9ny hozz\u00e1f\u00e9rjen azokhoz, m\u00e9g akkor is, ha azok fizikailag jelen vannak a talajban. Egy egyszer\u0171 otthoni talajvizsg\u00e1l\u00f3 k\u00e9szlet vagy a helyi mez\u0151gazdas\u00e1gi hivatalba k\u00fcld\u00f6tt minta pontosan megmondhatja, hogy milyen \u00e1llapotban van a talaj, \u00e9s hogy sz\u00fcks\u00e9g van-e talajjav\u00edt\u00e1sra a m\u0171tr\u00e1gya kijuttat\u00e1sa el\u0151tt.<\/p>\n\n\n\n<h3 class=\"wp-block-heading\">3. l\u00e9p\u00e9s: Ellen\u0151rizze a talajh\u0151m\u00e9rs\u00e9kletet<\/h3>\n\n\n<p class=\"wp-block-paragraph\">A kukoricamagvak akkor cs\u00edr\u00e1znak a legjobban, amikor a talaj h\u0151m\u00e9rs\u00e9klete el\u00e9ri a legal\u00e1bb 10 Celsius-fokot, b\u00e1r a 16 \u00e9s 21 Celsius-fok k\u00f6z\u00f6tti h\u0151m\u00e9rs\u00e9klet az ide\u00e1lis. A t\u00fal korai \u00fcltet\u00e9s hideg talajban a magvak rothad\u00e1s\u00e1t okozhatja a kihajt\u00e1s helyett. Haszn\u00e1ljon egy egyszer\u0171 talajh\u0151m\u00e9r\u0151t, hogy megbizonyosodjon a megfelel\u0151 felt\u00e9telekr\u0151l a vet\u00e9s el\u0151tt.<\/p>\n\n\n\n<p class=\"wp-block-paragraph\">A talajh\u0151m\u00e9rs\u00e9kletet a t\u00e9nyleges \u00fcltet\u00e9si m\u00e9lys\u00e9gben kell m\u00e9rni, nem csup\u00e1n a felsz\u00ednen, mivel a kett\u0151 k\u00f6z\u00f6tt jelent\u0151s k\u00fcl\u00f6nbs\u00e9g lehet, k\u00fcl\u00f6n\u00f6sen kora tavasszal. A pontos \u00e1tlag kisz\u00e1m\u00edt\u00e1s\u00e1hoz v\u00e9gezzen m\u00e9r\u00e9seket a nap ugyanazon szak\u00e1ban \u2013 ide\u00e1lis esetben reggel, miel\u0151tt a nap felmeleg\u00edten\u00e9 a felsz\u00edni r\u00e9teget \u2013 t\u00f6bb egym\u00e1st k\u00f6vet\u0151 napon kereszt\u00fcl. Ha a h\u0151m\u00e9rs\u00e9klet a hat\u00e1reseten van, sok tapasztalt termeszt\u0151 ink\u00e1bb egy h\u00e9ttel tov\u00e1bb v\u00e1r a gyenge cs\u00edr\u00e1z\u00e1s kock\u00e1ztat\u00e1sa helyett, mivel a korai \u00fcltet\u00e9ssel megnyert n\u00e9h\u00e1ny nap ritk\u00e1n p\u00f3tolja a hideg, nedves talajban a magrothad\u00e1s okozta vesztes\u00e9geket.<\/p>\n\n\n\n<h3 class=\"wp-block-heading\">4. l\u00e9p\u00e9s: \u00dcltet\u00e9s a megfelel\u0151 m\u00e9lys\u00e9gbe<\/h3>\n\n\n<p class=\"wp-block-paragraph\">Vesse el a kukoricamagokat k\u00f6r\u00fclbel\u00fcl 3-5 centim\u00e9ter m\u00e9lyen. A t\u00fal sek\u00e9ly \u00fcltet\u00e9s miatt a magok a madarak \u00e1ldozat\u00e1v\u00e1 v\u00e1lhatnak vagy kisz\u00e1radhatnak, m\u00edg a t\u00fal m\u00e9ly \u00fcltet\u00e9s k\u00e9sleltetheti vagy teljesen megakad\u00e1lyozhatja a cs\u00edr\u00e1z\u00e1st. A magokat megfelel\u0151en t\u00e1vol \u2013 a sorokban \u00e1ltal\u00e1ban 20-25 centim\u00e9terre \u2013 helyezze el egym\u00e1st\u00f3l, hogy elker\u00fclje a t\u00falzs\u00fafolts\u00e1got n\u00f6veked\u00e9s\u00fck sor\u00e1n.<\/p>\n\n\n\n<p class=\"wp-block-paragraph\">A sorok t\u00e1vols\u00e1ga szint\u00e9n sz\u00e1m\u00edt az \u00e1ltal\u00e1nos n\u00f6v\u00e9nyeg\u00e9szs\u00e9g \u00e9s a hozam szempontj\u00e1b\u00f3l. A sorok k\u00f6z\u00f6tti t\u00e1vols\u00e1g jellemz\u0151en 60 \u00e9s 90 centim\u00e9ter k\u00f6z\u00f6tt van, a fajt\u00e1t\u00f3l, valamint a termeszt\u00e9shez \u00e9s a betakar\u00edt\u00e1shoz haszn\u00e1lt berendez\u00e9st\u0151l f\u00fcgg\u0151en. A sz\u00e9lesebb sorok lehet\u0151v\u00e9 teszik, hogy t\u00f6bb napf\u00e9ny \u00e9rje az als\u00f3 leveleket, \u00e9s jav\u00edtj\u00e1k a l\u00e9g\u00e1raml\u00e1st, ami cs\u00f6kkentheti a gomb\u00e1s betegs\u00e9gek kock\u00e1zat\u00e1t a szezon k\u00e9s\u0151bbi szakasz\u00e1ban. Ha kukoric\u00e1t \u00fcltet h\u00e1zt\u00e1ji kertbe, fontolja meg, hogy egy hossz\u00fa sor helyett legal\u00e1bb n\u00e9gy r\u00f6vid sorb\u00f3l \u00e1ll\u00f3 blokkokba \u00fcltess\u00f6n, mivel a kukorica sz\u00e9lbeporz\u00e1s\u00fa, \u00e9s a blokkos \u00fcltet\u00e9s jav\u00edtja a beporz\u00e1s siker\u00e9t, amint a n\u00f6v\u00e9nyek el\u00e9rik a teny\u00e9szid\u0151 v\u00e9g\u00e9t.<\/p>\n\n\n\n<h3 class=\"wp-block-heading\">5. l\u00e9p\u00e9s: \u00d6nt\u00f6zz\u00f6n rendszeresen<\/h3>\n\n\n<p class=\"wp-block-paragraph\">Az egyenletes nedvess\u00e9g elengedhetetlen a cs\u00edr\u00e1z\u00e1s sor\u00e1n. A talajnak nedvesnek kell maradnia, de soha nem lehet t\u00fal vizes. A t\u00fal\u00f6nt\u00f6z\u00e9s elfojthatja a magot \u00e9s rothad\u00e1shoz vezethet, m\u00edg az alul\u00f6nt\u00f6z\u00e9s azt okozhatja, hogy a mag kisz\u00e1rad, miel\u0151tt kics\u00edr\u00e1zna. A csepegtet\u0151 \u00f6nt\u00f6z\u0151rendszer vagy a gondos k\u00e9zi \u00f6nt\u00f6z\u00e9s j\u00f3l m\u0171k\u00f6dik kisebb ter\u00fcleteken.<\/p>\n\n\n\n<p class=\"wp-block-paragraph\">Hasznos \u00f6k\u00f6lszab\u00e1ly, hogy az ujjunkkal ellen\u0151rizz\u00fck a talajt k\u00f6r\u00fclbel\u00fcl k\u00e9t centim\u00e9terrel a felsz\u00edn alatt. Ha ezen a m\u00e9lys\u00e9gen sz\u00e1raznak \u00e9rz\u0151dik, itt az ideje a locsol\u00e1snak. Ha folyamatosan nyirkosnak t\u0171nik, v\u00e1rjunk m\u00e9g egy napot. Nagyobb f\u00f6ldeken a nedvess\u00e9g\u00e9rz\u00e9kel\u0151k seg\u00edthetnek automatiz\u00e1lni ezt a folyamatot, \u00e9s megakad\u00e1lyozz\u00e1k mind a t\u00fal\u00f6nt\u00f6z\u00e9st, mind az alul\u00f6nt\u00f6z\u00e9st olyan hatalmas ter\u00fcleteken, ahol a k\u00e9zi ellen\u0151rz\u00e9s nem megval\u00f3s\u00edthat\u00f3. A fiatal kukoricasorok k\u00f6r\u00fcli talajtakar\u00e1s (mulcsoz\u00e1s), miut\u00e1n a magoncok el\u0151b\u00fajtak, szint\u00e9n seg\u00edthet meg\u0151rizni a talaj nedvess\u00e9g\u00e9t, \u00e9s cs\u00f6kkentheti a melegebb id\u0151szakokban sz\u00fcks\u00e9ges \u00f6nt\u00f6z\u00e9s gyakoris\u00e1g\u00e1t.<\/p>\n\n\n\n<h3 class=\"wp-block-heading\">6. l\u00e9p\u00e9s: M\u0171tr\u00e1gy\u00e1z\u00e1s a megfelel\u0151 id\u0151ben<\/h3>\n\n\n<p class=\"wp-block-paragraph\">B\u00e1r az \u00fcltet\u00e9s el\u0151tti m\u0171tr\u00e1gya-bekever\u00e9s elengedhetetlen, sok termel\u0151 nem veszi \u00e9szre, hogy egy m\u00e1sodik, kis mennyis\u00e9g\u0171 adagol\u00e1s r\u00f6viddel a cs\u00edr\u00e1z\u00e1s ut\u00e1n jelent\u0151sen fellend\u00edtheti a korai n\u00f6veked\u00e9st. A Ferber Painting 25 kg-os kukorica-m\u0171tr\u00e1gy\u00e1ja \u00fagy lett kialak\u00edtva, hogy biztons\u00e1gos \u00e9s hat\u00e9kony legyen az ilyen t\u00edpus\u00fa, k\u00e9t r\u00e9szletben t\u00f6rt\u00e9n\u0151 kijuttat\u00e1shoz, \u00edgy pontosan akkor biztos\u00edt t\u00e1panyag-ut\u00e1np\u00f3tl\u00e1st a pal\u00e1nt\u00e1knak, amikor arra a legnagyobb sz\u00fcks\u00e9g\u00fck van, azaz \u00e9ppen akkor, amikor a magtartal\u00e9kokr\u00f3l \u00e1tt\u00e9rnek a talajb\u00f3l sz\u00e1rmaz\u00f3 t\u00e1panyagfelv\u00e9telre.<\/p>\n\n\n\n<p class=\"wp-block-paragraph\">A megosztott kijuttat\u00e1sok \u00e1ltal\u00e1ban akkor m\u0171k\u00f6dnek a legjobban, ha az els\u0151 adagot \u00fcltet\u00e9s el\u0151tt a talajba dolgozz\u00e1k, a m\u00e1sodik, kisebb adagot pedig akkor juttatj\u00e1k ki, amikor a magoncok el\u00e9rik a 10\u201315 centim\u00e9teres magass\u00e1got. Ez az \u00fctemezett megk\u00f6zel\u00edt\u00e9s elker\u00fcli, hogy a fiatal gy\u00f6kereket t\u00fal sok m\u0171tr\u00e1gya terhelje t\u00fal egyszerre, ami akkor fordulhat el\u0151, amikor a termeszt\u0151k az aj\u00e1nlott teljes mennyis\u00e9get egyetlen kezel\u00e9ssel pr\u00f3b\u00e1lj\u00e1k kijuttatni. Emellett biztos\u00edtja, hogy a t\u00e1panyagok a teljes cs\u00edr\u00e1z\u00e1si \u00e9s korai meger\u0151s\u00edt\u00e9si id\u0151szak alatt el\u00e9rhet\u0151ek maradjanak, ahelyett, hogy akkor mer\u00fcln\u00e9nek kimer\u00fclnek, amikor a n\u00f6v\u00e9nynek a legnagyobb sz\u00fcks\u00e9ge lenne r\u00e1juk a vegetat\u00edv n\u00f6veked\u00e9sbe val\u00f3 \u00e1tmenethez.<\/p>\n\n\n\n<p class=\"wp-block-paragraph\">Mindig nyirkos, \u00e9s ne sz\u00e1raz talajra sz\u00f3rja a m\u0171tr\u00e1gy\u00e1t, \u00e9s \u00fcgyeljen arra, hogy a granul\u00e1tum ne ker\u00fclj\u00f6n k\u00f6zvetlen\u00fcl a kel\u0151 pal\u00e1nta sz\u00e1r\u00e1hoz, mivel ez helyi perzsel\u00e9st okozhat. A kijuttat\u00e1s ut\u00e1ni enyhe \u00f6nt\u00f6z\u00e9s seg\u00edt a t\u00e1panyagokat a gy\u00f6k\u00e9rz\u00f3n\u00e1ba juttatni, ahol azok hat\u00e9konyan felsz\u00edv\u00f3dhatnak.<\/p>\n\n\n\n<h3 class=\"wp-block-heading\">7. l\u00e9p\u00e9s: A cs\u00edr\u00e1z\u00e1s figyel\u00e9se<\/h3>\n\n\n<p class=\"wp-block-paragraph\">A talaj h\u0151m\u00e9rs\u00e9klet\u00e9t\u0151l \u00e9s nedvess\u00e9g\u00e9t\u0151l f\u00fcgg\u0151en a kukorica \u00e1ltal\u00e1ban 6-10 napon bel\u00fcl kics\u00edr\u00e1zik. Figyelje a talaj felsz\u00edn\u00e9t, hogy megjelennek-e rajta a kis z\u00f6ld hajt\u00e1sok. Ha k\u00e9t h\u00e9t eltelt\u00e9vel alig vagy egy\u00e1ltal\u00e1n nem tapasztal cs\u00edr\u00e1z\u00e1st, ellen\u0151rizze a talaj h\u0151m\u00e9rs\u00e9klet\u00e9t \u00e9s nedvess\u00e9gtartalm\u00e1t, mivel a gyenge cs\u00edr\u00e1z\u00e1si ar\u00e1ny m\u00f6g\u00f6tt leggyakrabban ezek \u00e1llnak.<\/p>\n\n\n\n<p class=\"wp-block-paragraph\">Az is seg\u00edthet, ha egyszer\u0171 \u00fcltet\u00e9si napl\u00f3t vezet, feljegyezve az \u00fcltet\u00e9s d\u00e1tum\u00e1t, az akkori talajh\u0151m\u00e9rs\u00e9kletet, valamint a hajt\u00e1sok els\u0151 megjelen\u00e9s\u00e9nek d\u00e1tum\u00e1t. T\u00f6bb teny\u00e9szid\u0151szakon kereszt\u00fcl ez a feljegyz\u00e9s hihetetlen\u00fcl hasznos eszk\u00f6zz\u00e9 v\u00e1lik az \u00fcltet\u00e9si \u00fctemterv finomhangol\u00e1s\u00e1hoz, valamint annak meg\u00e9rt\u00e9s\u00e9hez, hogy az \u00d6n speci\u00e1lis talaj- \u00e9s \u00e9ghajlati viszonyai hogyan befoly\u00e1solj\u00e1k a cs\u00edr\u00e1z\u00e1s idej\u00e9t.<\/p>\n\n\n\n<h3 class=\"wp-block-heading\">8. l\u00e9p\u00e9s: A korai n\u00f6vekedz\u00e9s t\u00e1mogat\u00e1sa<\/h3>\n\n\n<p class=\"wp-block-paragraph\">Amikor a magoncok el\u0151b\u00fajnak, tov\u00e1bbra is biztos\u00edtson egyenletes \u00f6nt\u00f6z\u00e9st, \u00e9s figyelje a k\u00e1rtev\u0151ket. Ez egy j\u00f3 alkalom arra is, hogy megbizonyosodjon arr\u00f3l, hogy a tr\u00e1gy\u00e1z\u00e1si programja tov\u00e1bbra is t\u00e1mogatja a n\u00f6v\u00e9nyt, ahogy az a cs\u00edr\u00e1z\u00e1sb\u00f3l \u00e1tl\u00e9p a vegetat\u00edv n\u00f6veked\u00e9si szakaszba. A j\u00f3l t\u00e1pl\u00e1lt fiatal kukorican\u00f6v\u00e9ny er\u0151sebb gy\u00f6k\u00e9rzetet fejleszt, \u00e9s ellen\u00e1ll\u00f3bb lesz a k\u00f6rnyezeti stresszel szemben a szezon k\u00e9s\u0151bbi szakasz\u00e1ban.<\/p>\n\n\n\n<p class=\"wp-block-paragraph\">Ebben a szakaszban ford\u00edtson k\u00fcl\u00f6n\u00f6s figyelmet a levelek sz\u00edn\u00e9re, mivel ez a t\u00e1panyaghi\u00e1ny korai el\u0151jele lehet. A s\u00e1padt vagy s\u00e1rgul\u00f3 levelek gyakran el\u00e9gtelen nitrog\u00e9nre utalnak, m\u00edg a lil\u00e1s elsz\u00ednez\u0151d\u00e9s n\u00e9ha foszforhi\u00e1nyra mutat, k\u00fcl\u00f6n\u00f6sen h\u0171v\u00f6sebb talajviszonyok k\u00f6z\u00f6tt. Ejelek korai felismer\u00e9se \u00e9s a m\u0171tr\u00e1gya-kijuttat\u00e1s ennek megfelel\u0151 m\u00f3dos\u00edt\u00e1sa megakad\u00e1lyozhatja, hogy a kisebb hi\u00e1nyoss\u00e1gok jelent\u0151s visszaes\u00e9ss\u00e9 v\u00e1ljanak a teny\u00e9szid\u0151szak k\u00e9s\u0151bbi szakasz\u00e1ban.<\/p>\n\n\n\n<p class=\"wp-block-paragraph\">Ha gondosan betartja ezeket a l\u00e9p\u00e9seket, \u00e9s ezt egy olyan kiv\u00e1l\u00f3 min\u0151s\u00e9g\u0171 m\u0171tr\u00e1gy\u00e1val kombin\u00e1lja, mint az Ferber Painting 25 kg-os kukoricam\u0171tr\u00e1gy\u00e1ja, az jelent\u0151sen n\u00f6veli a cs\u00edr\u00e1z\u00e1s sikeress\u00e9gi ar\u00e1ny\u00e1t. B\u00e1r a kukorica cs\u00edr\u00e1z\u00e1s\u00e1ban sz\u00e1mos t\u00e9nyez\u0151 j\u00e1tszik szerepet, a v\u00e1lasztott m\u0171tr\u00e1gya k\u00f6zvetlen \u00e9s m\u00e9rhet\u0151 hat\u00e1ssal van mind a cs\u00edr\u00e1z\u00e1s sebess\u00e9g\u00e9re, mind pedig egyenletess\u00e9g\u00e9re. \u00c9ppen ez\u00e9rt \u00e9rdemes olyan term\u00e9kbe fektetni, amelyet kifejezetten erre a c\u00e9lra fejlesztettek ki, \u00e9s amely el\u00e9gedetts\u00e9gi garanci\u00e1val is rendelkezik.<\/p>\n\n\n\n<h2 class=\"wp-block-heading\">Gyakori hib\u00e1k, amelyeket el kell ker\u00fclni a kukorica cs\u00edr\u00e1ztat\u00e1sa sor\u00e1n<\/h2>\n\n\n\n<p class=\"wp-block-paragraph\">M\u00e9g a tapasztalt termeszt\u0151k is szembes\u00fclhetnek probl\u00e9m\u00e1kkal a kukorica cs\u00edr\u00e1z\u00e1sa sor\u00e1n. \u00cdme n\u00e9h\u00e1ny a leggyakoribb hib\u00e1k k\u00f6z\u00fcl, \u00e9s az, hogy a megfelel\u0151 m\u0171tr\u00e1gya kiv\u00e1laszt\u00e1sa hogyan seg\u00edt elker\u00fclni azokat.<\/p>\n\n\n\n<ul class=\"wp-block-list\">\n<li>A cs\u00edr\u00e1ztat\u00e1si szakaszhoz nem megfelel\u0151 t\u00e1panyagar\u00e1ny\u00fa m\u0171tr\u00e1gya haszn\u00e1lata, ami g\u00e1tolhatja a korai gy\u00f6k\u00e9rfejl\u0151d\u00e9st.<\/li>\n<li>A m\u0171tr\u00e1gya t\u00fal k\u00f6zel t\u00f6rt\u00e9n\u0151 kijuttat\u00e1sa a maghoz, ami vegyi \u00e9g\u00e9st okozhat, \u00e9s teljesen megakad\u00e1lyozhatja a cs\u00edr\u00e1z\u00e1st.<\/li>\n<li>Rossz min\u0151s\u00e9g\u0171, garancia n\u00e9lk\u00fcli term\u00e9k v\u00e1laszt\u00e1sa, amely miatt a termeszt\u0151knek nincs jogorvoslati lehet\u0151s\u00e9ge, ha a m\u0171tr\u00e1gya nem teljes\u00edt megfelel\u0151en.<\/li>\n<li>A talajh\u0151m\u00e9rs\u00e9klet figyelmen k\u00edv\u00fcl hagy\u00e1sa \u00fcltet\u00e9s el\u0151tt, ami magrothad\u00e1shoz vezet m\u00e9g a legjobb m\u0171tr\u00e1gya mellett is.<\/li>\n<li>A t\u00fal\u00f6nt\u00f6z\u00e9s vagy az alul\u00f6nt\u00f6z\u00e9s, amely m\u00e9g a kiv\u00e1l\u00f3 min\u0151s\u00e9g\u0171 m\u0171tr\u00e1gya el\u0151nyeit is semmiss\u00e9 teheti.<\/li>\n<li>V\u00e1s\u00e1rl\u00e1s lass\u00fa vagy megb\u00edzhatatlan sz\u00e1ll\u00edt\u00e1ssal rendelkez\u0151 besz\u00e1ll\u00edt\u00f3kt\u00f3l, k\u00e9sleltetve a vet\u00e9st a kritikus vet\u00e9si id\u0151szakban.<\/li>\n<\/ul>\n\n\n\n<p class=\"wp-block-paragraph\">Ezek a hib\u00e1k mindegyike elker\u00fclhet\u0151 gondos tervez\u00e9ssel \u00e9s a megfelel\u0151 term\u00e9k haszn\u00e1lat\u00e1val. A Ferber Painting 25 kg-os kukoricatr\u00e1gya \u00f6sszet\u00e9tele olyan k\u00edm\u00e9letes, hogy helyes haszn\u00e1lat eset\u00e9n elker\u00fclhet\u0151 a k\u00e9miai \u00e9g\u00e9s; kifejezetten a kukorica cs\u00edr\u00e1z\u00e1si ig\u00e9nyeire van kiegyens\u00falyozva, \u00e9s el\u00e9gedetts\u00e9gi garanci\u00e1val rendelkezik, \u00edgy soha nem kell att\u00f3l tartania, hogy p\u00e9nzt pazarol egy hat\u00e1stalan term\u00e9kre. Gyors, vil\u00e1gszerte kiterjedt sz\u00e1ll\u00edt\u00e1si h\u00e1l\u00f3zatunknak k\u00f6sz\u00f6nhet\u0151en pontosan akkor kaphatja meg a m\u0171tr\u00e1gy\u00e1t, amikor sz\u00fcks\u00e9ge van r\u00e1, \u00e9ppen id\u0151ben az \u00fcltet\u00e9si szezonra.<\/p>\n\n\n\n<p class=\"wp-block-paragraph\">Ezen alapvet\u0151 hib\u00e1kon t\u00fal van n\u00e9h\u00e1ny tov\u00e1bbi csapda, amit \u00e9rdemes megeml\u00edteni. A kukorica olyan talajba val\u00f3 \u00fcltet\u00e9se, amelyet nem vet\u00e9sforg\u00f3ban v\u00e1ltottak el\u0151z\u0151 kukoricaterm\u00e9s ut\u00e1n, n\u00f6velheti a betegs\u00e9gek \u00e9s a t\u00e1panyag-kimer\u00fcl\u00e9s kock\u00e1zat\u00e1t, mivel a kukorica szezonr\u00f3l szezonra nagym\u00e9rt\u00e9kben mer\u00edti a hasonl\u00f3 t\u00e1panyagokat. A h\u00fcvelyesekkel vagy m\u00e1s n\u00f6v\u00e9nyekkel val\u00f3 vet\u00e9sforg\u00f3 a kukoricatermeszt\u00e9sek k\u00f6z\u00f6tt seg\u00edthet term\u00e9szetes m\u00f3don helyre\u00e1ll\u00edtani a talaj egyens\u00faly\u00e1t, kieg\u00e9sz\u00edtve a m\u0171tr\u00e1gya \u00e1ltal m\u00e1r elv\u00e9gzett munk\u00e1t.<\/p>\n\n\n\n<p class=\"wp-block-paragraph\">Egy m\u00e1sik gyakori probl\u00e9ma a magok t\u00fal s\u0171r\u0171 el\u00fcltet\u00e9se a hozam maximaliz\u00e1l\u00e1sa \u00e9rdek\u00e9ben. B\u00e1r \u00fagy t\u0171nhet, hogy t\u00f6bb n\u00f6v\u00e9ny automatikusan t\u00f6bb kukoric\u00e1t jelent, a t\u00fal s\u0171r\u0171n l\u00e9v\u0151 pal\u00e1nt\u00e1k agressz\u00edven versengenek a t\u00e1panyagok\u00e9rt, a v\u00edz\u00e9rt \u00e9s a napf\u00e9ny\u00e9rt, ami gyakran gyeng\u00e9bb n\u00f6v\u00e9nyeket eredm\u00e9nyez a megfelel\u0151en t\u00e1vols\u00e1gra \u00fcltetett n\u00f6v\u00e9nyekhez k\u00e9pest. Az aj\u00e1nlott \u00fcltet\u00e9si t\u00e1vols\u00e1gok betart\u00e1sa \u2013 m\u00e9g akkor is, ha az t\u00fal \u00f3vatosnak t\u0171nik \u2013 \u00e1ltal\u00e1ban jobb eredm\u00e9nyt hoz, mint a plusz magok zs\u00fafol\u00e1sa.<\/p>\n\n\n\n<p class=\"wp-block-paragraph\">V\u00e9g\u00fcl sok termeszt\u0151 alulbecs\u00fcli az \u00e9vadokon \u00e1t\u00edvel\u0151, k\u00f6vetkezetes nyilv\u00e1ntart\u00e1s jelent\u0151s\u00e9g\u00e9t. Annak nyomon k\u00f6vet\u00e9se n\u00e9lk\u00fcl, hogy mi m\u0171k\u00f6d\u00f6tt \u00e9s mi nem, neh\u00e9z\u00e9 v\u00e1lik \u00e9vr\u0151l \u00e9vre jav\u00edtani a folyamatot. Az \u00fcltet\u00e9si d\u00e1tumokra, a m\u0171tr\u00e1gya-kijuttat\u00e1s id\u0151z\u00edt\u00e9s\u00e9re, az id\u0151j\u00e1r\u00e1si viszonyokra \u00e9s a cs\u00edr\u00e1z\u00e1si eredm\u00e9nyekre vonatkoz\u00f3 egyszer\u0171 jegyzetek minden egyes termeszt\u00e9si id\u00e9nyt olyan tanul\u00e1si lehet\u0151s\u00e9gg\u00e9 alak\u00edthatnak, amely a k\u00f6vetkez\u0151 \u00e9vben jav\u00edtja az eredm\u00e9nyeket.<\/p>\n\n\n\n<h2 class=\"wp-block-heading\">Gyakran Ism\u00e9telt K\u00e9rd\u00e9sek<\/h2>\n\n\n\n<h3 class=\"wp-block-heading\">Mennyi id\u0151 alatt cs\u00edr\u00e1zik ki a kukorica?<\/h3>\n\n\n<p class=\"wp-block-paragraph\">A kukorica ide\u00e1lis k\u00f6r\u00fclm\u00e9nyek k\u00f6z\u00f6tt \u00e1ltal\u00e1ban 6-10 napon bel\u00fcl cs\u00edr\u00e1zik, b\u00e1r ez a talaj h\u0151m\u00e9rs\u00e9klet\u00e9t\u0151l, a nedvess\u00e9gtartalomt\u00f3l \u00e9s a mag min\u0151s\u00e9g\u00e9t\u0151l f\u00fcgg\u0151en v\u00e1ltozhat.<\/p>\n\n\n\n<h3 class=\"wp-block-heading\">Mi a legjobb talajh\u0151m\u00e9rs\u00e9klet a kukorica cs\u00edr\u00e1z\u00e1s\u00e1hoz?<\/h3>\n\n\n<p class=\"wp-block-paragraph\">A kukorica akkor cs\u00edr\u00e1zik a legjobban, ha a talaj h\u0151m\u00e9rs\u00e9klete 16 \u00e9s 21 Celsius-fok k\u00f6z\u00f6tt van. A cs\u00edr\u00e1z\u00e1s m\u00e1r 10 Celsius-fokon \u0628\u06be\u06cc (ezt t\u00f6r\u00f6lve: is) bek\u00f6vetkezhet, de lassabb \u00e9s kev\u00e9sb\u00e9 megb\u00edzhat\u00f3 lesz.<\/p>\n\n\n\n<h3 class=\"wp-block-heading\">Haszn\u00e1lhatom-e az Ferber Painting 25 kg-os kukoricatr\u00e1gy\u00e1j\u00e1t mind a cs\u00edr\u00e1z\u00e1shoz, mind a k\u00e9s\u0151bbi n\u00f6veked\u00e9si szakaszokhoz?<\/h3>\n\n\n<p class=\"wp-block-paragraph\">Igen, 25 kg-os kukoricatr\u00e1gy\u00e1nk \u00fagy lett kifejlesztve, hogy t\u00e1mogassa a kukoric\u00e1t a cs\u00edr\u00e1z\u00e1st\u00f3l eg\u00e9szen a vegetat\u00edv n\u00f6veked\u00e9si szakaszig, ami sokoldal\u00fa v\u00e1laszt\u00e1ss\u00e1 teszi a kukorican\u00f6v\u00e9nyek teljes korai \u00e9letciklus\u00e1hoz.<\/p>\n\n\n\n<h3 class=\"wp-block-heading\">Mi t\u00f6rt\u00e9nik, ha nem vagyok el\u00e9gedett a m\u0171tr\u00e1gy\u00e1val?<\/h3>\n\n\n<p class=\"wp-block-paragraph\">A Ferber Painting minden megrendel\u00e9sre \u201eel\u00e9gedetts\u00e9gi garanci\u00e1t\u201d biztos\u00edt, vagyis ha nem vagy el\u00e9gedett az eredm\u00e9nnyel, egyszer\u0171en l\u00e9pj kapcsolatba vel\u00fcnk, \u00e9s mi feldolgozzuk a visszat\u00e9r\u00edt\u00e9st \u2013 bonyolult elj\u00e1r\u00e1sok n\u00e9lk\u00fcl.<\/p>\n\n\n\n<h3 class=\"wp-block-heading\">Milyen gyorsan \u00e9rkezik meg a rendel\u00e9s?<\/h3>\n\n\n<p class=\"wp-block-paragraph\">Nemzetk\u00f6zi fuvaroz\u00f3h\u00e1l\u00f3zatunknak k\u00f6sz\u00f6nhet\u0151en a Ferber Painting gyorsan sz\u00e1ll\u00edtja ki a megrendel\u00e9seket a vil\u00e1g minden t\u00e1j\u00e1ra, \u00edgy seg\u00edtve \u00d6nt abban, hogy a m\u0171tr\u00e1gy\u00e1t id\u0151ben megkapja az \u00fcltet\u00e9si \u00fctemtervhez.<\/p>\n\n\n\n<h3 class=\"wp-block-heading\">Biztons\u00e1gos a fizet\u00e9si folyamat?<\/h3>\n\n\n<p class=\"wp-block-paragraph\">Igen, minden fizet\u00e9s k\u00f6zvetlen\u00fcl \u00e9s biztons\u00e1gosan, online t\u00f6rt\u00e9nik a weboldalunkon kereszt\u00fcl, \u00edgy b\u00e1rhol is tart\u00f3zkodik, egyszer\u0171en \u00e9s biztons\u00e1gosan rendelheti meg a 25 kg-os kukoricatr\u00e1gy\u00e1t.<\/p>\n\n\n\n<h3 class=\"wp-block-heading\">Mennyi m\u0171tr\u00e1gy\u00e1ra van, illetve lenne sz\u00fcks\u00e9gem a kukorica\u00fcltet\u00e9si ter\u00fcletemre?<\/h3>\n\n\n<p class=\"wp-block-paragraph\">A sz\u00fcks\u00e9ges m\u0171tr\u00e1gya mennyis\u00e9ge nagym\u00e9rt\u00e9kben f\u00fcgg a be\u00fcltet\u00e9si ter\u00fclet m\u00e9ret\u00e9t\u0151l \u00e9s a talaj megl\u00e9v\u0151 t\u00e1panyagtartalm\u00e1t\u00f3l. \u00c1ltal\u00e1nos ir\u00e1nymutat\u00e1sk\u00e9nt elmondhat\u00f3, hogy egy 25 kg-os zs\u00e1k elegend\u0151 egy k\u00f6zepes m\u00e9ret\u0171 kerti parcell\u00e1hoz vagy egy kisebb sz\u00e1nt\u00f3f\u00f6ldi \u00fcltetv\u00e9nyhez, \u00e9s a teljes felhaszn\u00e1l\u00e1si \u00fatmutat\u00f3t minden megrendel\u00e9s mell\u00e9 mell\u00e9kelj\u00fck. Ha nagyobb ter\u00fcletet kezel, \u00e9rdemes el\u0151zetesen talajvizsg\u00e1latot v\u00e9geznie, hogy pontosan kisz\u00e1m\u00edthassa, h\u00e1ny zs\u00e1kra lesz sz\u00fcks\u00e9ge, \u00e9s elker\u00fclje az alultr\u00e1gy\u00e1z\u00e1st vagy a t\u00faladagol\u00e1st.<\/p>\n\n\n\n<h3 class=\"wp-block-heading\">Haszn\u00e1lhat\u00f3 ez a m\u0171tr\u00e1gya a biol\u00f3giai termeszt\u00e9si elj\u00e1r\u00e1sok mellett?<\/h3>\n\n\n<p class=\"wp-block-paragraph\">Sok olyan termeszt\u0151, aki \u00f6kol\u00f3giai vagy alacsony inputanyag-ig\u00e9ny\u0171 termeszt\u00e9si gyakorlatot k\u00f6vet, \u00fagy d\u00f6nt, hogy a komposztot \u00e9s m\u00e1s szerves talajjav\u00edt\u00f3 anyagokat kiegyens\u00falyozott \u00e1sv\u00e1nyi m\u0171tr\u00e1gy\u00e1val kombin\u00e1lja annak \u00e9rdek\u00e9ben, hogy a kukoric\u00e1ja teljes k\u00f6r\u0171 \u00e9s megb\u00edzhat\u00f3 t\u00e1panyagell\u00e1t\u00e1sban r\u00e9szes\u00fclj\u00f6n. Ha konkr\u00e9t k\u00e9rd\u00e9sei vannak afel\u0151l, hogy Kukoricam\u0171tr\u00e1gy\u00e1nk (25 kg) hogyan illeszkedik az \u00d6n saj\u00e1tos termeszt\u00e9si rendszer\u00e9be, \u00fcgyf\u00e9lszolg\u00e1lati csapatunk \u00f6r\u00f6mmel seg\u00edt \u00d6nnek az elv\u00e1r\u00e1sainak megfelel\u0151 kijuttat\u00e1si \u00fctemterv megtervez\u00e9s\u00e9ben.<\/p>\n\n\n\n<h2 class=\"wp-block-heading\">K\u00f6vetkeztet\u00e9s<\/h2>\n\n\n\n<p class=\"wp-block-paragraph\">A kukorica sikeres cs\u00edr\u00e1z\u00e1sa nem csup\u00e1n a megfelel\u0151 l\u00e9p\u00e9sek betart\u00e1s\u00e1r\u00f3l sz\u00f3l, hanem azzal kezd\u0151dik, hogy olyan m\u0171tr\u00e1gy\u00e1t v\u00e1lasszunk, amelyet kifejezetten a kukoricamagok t\u00e1mogat\u00e1s\u00e1ra fejlesztettek ki a legelej\u00e9t\u0151l kezdve. Ahogyan az \u00fatmutat\u00f3 sor\u00e1n l\u00e1thattuk, a t\u00e1panyagok egyens\u00falya, az alkalmaz\u00e1s id\u0151z\u00edt\u00e9se \u00e9s a v\u00e1lasztott term\u00e9k megb\u00edzhat\u00f3s\u00e1ga mind k\u00f6zvetlen szerepet j\u00e1tszanak a cs\u00edr\u00e1z\u00e1s sikeress\u00e9gi ar\u00e1ny\u00e1ban. B\u00e1r a piacon sz\u00e1mos m\u0171tr\u00e1gya nagy \u00edg\u00e9reteket tesz, kevesen t\u00e1masztj\u00e1k al\u00e1 ezeket az \u00edg\u00e9reteket t\u00e9nyleges garanci\u00e1val, gyors, vil\u00e1gszint\u0171 sz\u00e1ll\u00edt\u00e1ssal \u00e9s egyszer\u0171, biztons\u00e1gos v\u00e1s\u00e1rl\u00e1si folyamattal, ahogyan azt a Ferber Painting teszi.<\/p>\n\n\n\n<p class=\"wp-block-paragraph\">A min\u0151s\u00e9gi vet\u0151magok kiv\u00e1laszt\u00e1s\u00e1t\u00f3l \u00e9s a talaj megfelel\u0151 el\u0151k\u00e9sz\u00edt\u00e9s\u00e9t\u0151l kezdve a h\u0151m\u00e9rs\u00e9klet \u00e9s a nedvess\u00e9g gondos figyelemmel k\u00eds\u00e9r\u00e9s\u00e9ig \u2013 az \u00fatmutat\u00f3ban szerepl\u0151 minden l\u00e9p\u00e9s egy\u00fcttesen biztos\u00edtja a kukoric\u00e1nak a lehet\u0151 leger\u0151teljesebb indul\u00e1st. De ezek a l\u00e9p\u00e9sek egyike sem k\u00e9pes teljes m\u00e9rt\u00e9kben p\u00f3tolni azt, ha a m\u0171tr\u00e1gya nem biztos\u00edtja a magoknak \u00e9s a pal\u00e1nt\u00e1knak a sz\u00fcks\u00e9ges t\u00e1panyagokat pontosan a megfelel\u0151 pillanatban. \u00c9ppen ez\u00e9rt olyan sok termel\u0151 \u2013 legyen sz\u00f3 ak\u00e1r egy kis h\u00e1zt\u00e1ji parcell\u00e1r\u00f3l, ak\u00e1r t\u00f6bb hekt\u00e1rnyi term\u0151ter\u00fcletr\u0151l \u2013 b\u00edzik abban, hogy a Ferber Painting k\u00e9pezi a kukoricatermeszt\u00e9s\u00fck siker\u00e9nek alapj\u00e1t.<\/p>\n\n\n\n<p class=\"wp-block-paragraph\">Ha k\u00e9szen \u00e1ll arra, hogy a kukoric\u00e1ja a lehet\u0151 legjobb kezd\u00e9st kapja ebben a vet\u00e9si szezonban, teljes p\u00e9nzvisszafizet\u00e9si garanci\u00e1val \u00e9s gyors kisz\u00e1ll\u00edt\u00e1ssal, b\u00e1rhol is legyen a vil\u00e1gon, <a href=\"https:\/\/www.ferberpainting.com\/hu\/products\/corn-fertilizer\/\">Fedezze fel 25 kg-os kukoricat\u00e1poldatunkat m\u00e9g ma, \u00e9s takarja el a bizonytalans\u00e1got az eg\u00e9szs\u00e9ges \u00e9s er\u0151s kukorica cs\u00edr\u00e1ztat\u00e1s\u00e1b\u00f3l.<\/a><\/p>","protected":false},"excerpt":{"rendered":"<p>Germinating corn successfully starts with one simple truth: everything depends on using the right product. Before you even think about soil temperature, watering schedules, or planting depth, you need to make sure the fertilizer feeding your corn seeds is reliable, effective, and backed by a real guarantee. This is exactly why so many growers, from [&hellip;]<\/p>\n","protected":false},"author":1,"featured_media":285754,"comment_status":"","ping_status":"open","sticky":false,"template":"","format":"standard","meta":{"_uag_custom_page_level_css":"","site-sidebar-layout":"default","site-content-layout":"","ast-site-content-layout":"default","site-content-style":"default","site-sidebar-style":"default","ast-global-header-display":"","ast-banner-title-visibility":"","ast-main-header-display":"","ast-hfb-above-header-display":"","ast-hfb-below-header-display":"","ast-hfb-mobile-header-display":"","site-post-title":"","ast-breadcrumbs-content":"","ast-featured-img":"","footer-sml-layout":"","ast-disable-related-posts":"","theme-transparent-header-meta":"","adv-header-id-meta":"","stick-header-meta":"","header-above-stick-meta":"","header-main-stick-meta":"","header-below-stick-meta":"","astra-migrate-meta-layouts":"default","ast-page-background-enabled":"default","ast-page-background-meta":{"desktop":{"background-color":"var(--ast-global-color-4)","background-image":"","background-repeat":"repeat","background-position":"center center","background-size":"auto","background-attachment":"scroll","background-type":"","background-media":"","overlay-type":"","overlay-color":"","overlay-opacity":"","overlay-gradient":""},"tablet":{"background-color":"","background-image":"","background-repeat":"repeat","background-position":"center center","background-size":"auto","background-attachment":"scroll","background-type":"","background-media":"","overlay-type":"","overlay-color":"","overlay-opacity":"","overlay-gradient":""},"mobile":{"background-color":"","background-image":"","background-repeat":"repeat","background-position":"center center","background-size":"auto","background-attachment":"scroll","background-type":"","background-media":"","overlay-type":"","overlay-color":"","overlay-opacity":"","overlay-gradient":""}},"ast-content-background-meta":{"desktop":{"background-color":"var(--ast-global-color-5)","background-image":"","background-repeat":"repeat","background-position":"center center","background-size":"auto","background-attachment":"scroll","background-type":"","background-media":"","overlay-type":"","overlay-color":"","overlay-opacity":"","overlay-gradient":""},"tablet":{"background-color":"var(--ast-global-color-5)","background-image":"","background-repeat":"repeat","background-position":"center center","background-size":"auto","background-attachment":"scroll","background-type":"","background-media":"","overlay-type":"","overlay-color":"","overlay-opacity":"","overlay-gradient":""},"mobile":{"background-color":"var(--ast-global-color-5)","background-image":"","background-repeat":"repeat","background-position":"center center","background-size":"auto","background-attachment":"scroll","background-type":"","background-media":"","overlay-type":"","overlay-color":"","overlay-opacity":"","overlay-gradient":""}},"footnotes":""},"categories":[1],"tags":[],"class_list":["post-285755","post","type-post","status-publish","format-standard","has-post-thumbnail","hentry","category-general"],"spectra_custom_meta":{"_uagb_previous_block_counts":["a:90:{s:21:\"uagb\/advanced-heading\";i:0;s:15:\"uagb\/blockquote\";i:0;s:12:\"uagb\/buttons\";i:0;s:18:\"uagb\/buttons-child\";i:0;s:19:\"uagb\/call-to-action\";i:0;s:15:\"uagb\/cf7-styler\";i:0;s:11:\"uagb\/column\";i:0;s:12:\"uagb\/columns\";i:0;s:14:\"uagb\/container\";i:0;s:21:\"uagb\/content-timeline\";i:0;s:27:\"uagb\/content-timeline-child\";i:0;s:14:\"uagb\/countdown\";i:0;s:12:\"uagb\/counter\";i:0;s:8:\"uagb\/faq\";i:0;s:14:\"uagb\/faq-child\";i:0;s:10:\"uagb\/forms\";i:0;s:17:\"uagb\/forms-accept\";i:0;s:19:\"uagb\/forms-checkbox\";i:0;s:15:\"uagb\/forms-date\";i:0;s:16:\"uagb\/forms-email\";i:0;s:17:\"uagb\/forms-hidden\";i:0;s:15:\"uagb\/forms-name\";i:0;s:16:\"uagb\/forms-phone\";i:0;s:16:\"uagb\/forms-radio\";i:0;s:17:\"uagb\/forms-select\";i:0;s:19:\"uagb\/forms-textarea\";i:0;s:17:\"uagb\/forms-toggle\";i:0;s:14:\"uagb\/forms-url\";i:0;s:14:\"uagb\/gf-styler\";i:0;s:15:\"uagb\/google-map\";i:0;s:11:\"uagb\/how-to\";i:0;s:16:\"uagb\/how-to-step\";i:0;s:9:\"uagb\/icon\";i:0;s:14:\"uagb\/icon-list\";i:0;s:20:\"uagb\/icon-list-child\";i:0;s:10:\"uagb\/image\";i:0;s:18:\"uagb\/image-gallery\";i:0;s:13:\"uagb\/info-box\";i:0;s:18:\"uagb\/inline-notice\";i:0;s:11:\"uagb\/lottie\";i:0;s:21:\"uagb\/marketing-button\";i:0;s:10:\"uagb\/modal\";i:0;s:18:\"uagb\/popup-builder\";i:0;s:16:\"uagb\/post-button\";i:0;s:18:\"uagb\/post-carousel\";i:0;s:17:\"uagb\/post-excerpt\";i:0;s:14:\"uagb\/post-grid\";i:0;s:15:\"uagb\/post-image\";i:0;s:17:\"uagb\/post-masonry\";i:0;s:14:\"uagb\/post-meta\";i:0;s:18:\"uagb\/post-taxonomy\";i:0;s:18:\"uagb\/post-timeline\";i:0;s:15:\"uagb\/post-title\";i:0;s:20:\"uagb\/restaurant-menu\";i:0;s:26:\"uagb\/restaurant-menu-child\";i:0;s:11:\"uagb\/review\";i:0;s:12:\"uagb\/section\";i:0;s:14:\"uagb\/separator\";i:0;s:11:\"uagb\/slider\";i:0;s:17:\"uagb\/slider-child\";i:0;s:17:\"uagb\/social-share\";i:0;s:23:\"uagb\/social-share-child\";i:0;s:16:\"uagb\/star-rating\";i:0;s:23:\"uagb\/sure-cart-checkout\";i:0;s:22:\"uagb\/sure-cart-product\";i:0;s:15:\"uagb\/sure-forms\";i:0;s:22:\"uagb\/table-of-contents\";i:0;s:9:\"uagb\/tabs\";i:0;s:15:\"uagb\/tabs-child\";i:0;s:18:\"uagb\/taxonomy-list\";i:0;s:9:\"uagb\/team\";i:0;s:16:\"uagb\/testimonial\";i:0;s:14:\"uagb\/wp-search\";i:0;s:19:\"uagb\/instagram-feed\";i:0;s:10:\"uagb\/login\";i:0;s:17:\"uagb\/loop-builder\";i:0;s:18:\"uagb\/loop-category\";i:0;s:20:\"uagb\/loop-pagination\";i:0;s:15:\"uagb\/loop-reset\";i:0;s:16:\"uagb\/loop-search\";i:0;s:14:\"uagb\/loop-sort\";i:0;s:17:\"uagb\/loop-wrapper\";i:0;s:13:\"uagb\/register\";i:0;s:19:\"uagb\/register-email\";i:0;s:24:\"uagb\/register-first-name\";i:0;s:23:\"uagb\/register-last-name\";i:0;s:22:\"uagb\/register-password\";i:0;s:30:\"uagb\/register-reenter-password\";i:0;s:19:\"uagb\/register-terms\";i:0;s:22:\"uagb\/register-username\";i:0;}"],"_thumbnail_id":["285754"],"_uag_css_file_name":["uag-css-285755.css"],"_elementor_page_assets":["a:0:{}"]},"uagb_featured_image_src":{"full":["https:\/\/www.ferberpainting.com\/wp-content\/uploads\/2026\/09\/comment-faire-germer-du-ma-s.jpg",867,650,false],"thumbnail":["https:\/\/www.ferberpainting.com\/wp-content\/uploads\/2026\/09\/comment-faire-germer-du-ma-s-150x150.jpg",150,150,true],"medium":["https:\/\/www.ferberpainting.com\/wp-content\/uploads\/2026\/09\/comment-faire-germer-du-ma-s-300x225.jpg",300,225,true],"medium_large":["https:\/\/www.ferberpainting.com\/wp-content\/uploads\/2026\/09\/comment-faire-germer-du-ma-s-768x576.jpg",768,576,true],"large":["https:\/\/www.ferberpainting.com\/wp-content\/uploads\/2026\/09\/comment-faire-germer-du-ma-s.jpg",867,650,false],"1536x1536":["https:\/\/www.ferberpainting.com\/wp-content\/uploads\/2026\/09\/comment-faire-germer-du-ma-s.jpg",867,650,false],"2048x2048":["https:\/\/www.ferberpainting.com\/wp-content\/uploads\/2026\/09\/comment-faire-germer-du-ma-s.jpg",867,650,false],"trp-custom-language-flag":["https:\/\/www.ferberpainting.com\/wp-content\/uploads\/2026\/09\/comment-faire-germer-du-ma-s-16x12.jpg",16,12,true],"woocommerce_thumbnail":["https:\/\/www.ferberpainting.com\/wp-content\/uploads\/2026\/09\/comment-faire-germer-du-ma-s-300x300.jpg",300,300,true],"woocommerce_single":["https:\/\/www.ferberpainting.com\/wp-content\/uploads\/2026\/09\/comment-faire-germer-du-ma-s-600x450.jpg",600,450,true],"woocommerce_gallery_thumbnail":["https:\/\/www.ferberpainting.com\/wp-content\/uploads\/2026\/09\/comment-faire-germer-du-ma-s-100x100.jpg",100,100,true]},"uagb_author_info":{"display_name":"admin","author_link":"https:\/\/www.ferberpainting.com\/hu\/blog\/author\/admin2721\/"},"uagb_comment_info":0,"uagb_excerpt":"Germinating corn successfully starts with one simple truth: everything depends on using the right product. Before you even think about soil temperature, watering schedules, or planting depth, you need to make sure the fertilizer feeding your corn seeds is reliable, effective, and backed by a real guarantee. This is exactly why so many growers, from&hellip;","_links":{"self":[{"href":"https:\/\/www.ferberpainting.com\/hu\/wp-json\/wp\/v2\/posts\/285755","targetHints":{"allow":["GET"]}}],"collection":[{"href":"https:\/\/www.ferberpainting.com\/hu\/wp-json\/wp\/v2\/posts"}],"about":[{"href":"https:\/\/www.ferberpainting.com\/hu\/wp-json\/wp\/v2\/types\/post"}],"author":[{"embeddable":true,"href":"https:\/\/www.ferberpainting.com\/hu\/wp-json\/wp\/v2\/users\/1"}],"replies":[{"embeddable":true,"href":"https:\/\/www.ferberpainting.com\/hu\/wp-json\/wp\/v2\/comments?post=285755"}],"version-history":[{"count":0,"href":"https:\/\/www.ferberpainting.com\/hu\/wp-json\/wp\/v2\/posts\/285755\/revisions"}],"wp:featuredmedia":[{"embeddable":true,"href":"https:\/\/www.ferberpainting.com\/hu\/wp-json\/wp\/v2\/media\/285754"}],"wp:attachment":[{"href":"https:\/\/www.ferberpainting.com\/hu\/wp-json\/wp\/v2\/media?parent=285755"}],"wp:term":[{"taxonomy":"category","embeddable":true,"href":"https:\/\/www.ferberpainting.com\/hu\/wp-json\/wp\/v2\/categories?post=285755"},{"taxonomy":"post_tag","embeddable":true,"href":"https:\/\/www.ferberpainting.com\/hu\/wp-json\/wp\/v2\/tags?post=285755"}],"curies":[{"name":"wp","href":"https:\/\/api.w.org\/{rel}","templated":true}]}}