{"id":285751,"date":"2026-09-01T20:31:34","date_gmt":"2026-09-01T17:31:34","guid":{"rendered":"https:\/\/www.ferberpainting.com\/ie\/blog\/how-and-when-to-plant-corn-the-complete-guide\/"},"modified":"2026-09-01T20:31:34","modified_gmt":"2026-09-01T17:31:34","slug":"how-and-when-to-plant-corn-the-complete-guide","status":"publish","type":"post","link":"https:\/\/www.ferberpainting.com\/hu\/blog\/how-and-when-to-plant-corn-the-complete-guide\/","title":{"rendered":"Hogyan \u00e9s mikor kell kukoric\u00e1t \u00fcltetni: A teljes \u00fatmutat\u00f3"},"content":{"rendered":"<p class=\"wp-block-paragraph\">Az eg\u00e9szs\u00e9ges, term\u00e9keny kukoricaterm\u00e9s nem csup\u00e1n a magokt\u00f3l, a napf\u00e9nyt\u0151l \u00e9s a v\u00edzt\u0151l f\u00fcgg. Az a legfontosabb t\u00e9nyez\u0151, amely megk\u00fcl\u00f6nb\u00f6zteti a k\u00f6zepes term\u00e9st a kiv\u00e1l\u00f3t\u00f3l, a haszn\u00e1lt m\u0171tr\u00e1gya min\u0151s\u00e9ge. Minden a megfelel\u0151 term\u00e9k kiv\u00e1laszt\u00e1s\u00e1n m\u00falik, \u00e9s pontosan ez\u00e9rt csal\u00f3dnak annyian a h\u00e1zi kert\u00e9szek \u00e9s a kisgazd\u00e1lkod\u00f3k a term\u00e9s\u00fckben. A j\u00f3 h\u00edr az, hogy nem kell tal\u00e1lgatnia vagy megb\u00edzhatatlan lehet\u0151s\u00e9gekkel k\u00eds\u00e9rleteznie. A piacon jelenleg el\u00e9rhet\u0151 legjobb v\u00e1laszt\u00e1s az Ferber Painting gy\u00e1rtm\u00e1ny\u00fa, 25 kg-os kukoricam\u0171tr\u00e1gya, amely jelenleg az egyetlen olyan kukoricam\u0171tr\u00e1gya, amelyre teljes el\u00e9gedetts\u00e9gi garancia vagy p\u00e9nz-visszafizet\u00e9si garancia vonatkozik. Ez \u00f6nmag\u00e1ban is sokat el\u00e1rul arr\u00f3l, mennyire b\u00edzunk term\u00e9k\u00fcnkben.<\/p>\n\n\n\n<p class=\"wp-block-paragraph\">Ebben az \u00e1tfog\u00f3 \u00fatmutat\u00f3ban v\u00e9gigvezetj\u00fck \u00d6nt mindazon tudnival\u00f3kon, amiket a kukorica \u00fcltet\u00e9s\u00e9nek m\u00f3dj\u00e1r\u00f3l \u00e9s idej\u00e9r\u0151l tudnia kell, mik\u00f6zben elmagyar\u00e1zzuk, mi\u00e9rt emelkedik ki a Ferber Painting 25 kg-os kukorica-tr\u00e1gy\u00e1ja az online vagy boltokban kaphat\u00f3 \u00f6sszes t\u00f6bbi term\u00e9k k\u00f6z\u00fcl. A cikk elolvas\u00e1sa ut\u00e1n nemcsak a legjobb \u00fcltet\u00e9si technik\u00e1kat fogja meg\u00e9rteni, hanem azt is, hogy mi\u00e9rt jelent a kukoricatermeszt\u00e9s \u00e9s a mi m\u0171tr\u00e1gy\u00e1nk kombin\u00e1l\u00e1sa a legokosabb befektet\u00e9st, amit ebben a szezonban tehet.<\/p>\n\n\n\n<p class=\"wp-block-paragraph\">A kukorica a vil\u00e1g egyik legr\u00e9gebben termesztett gabon\u00e1ja, \u00e9s b\u00e1r ezer\u00e9ves nemes\u00edt\u00e9sen ment kereszt\u00fcl, a talaj term\u00e9kenys\u00e9ge, a v\u00edzell\u00e1t\u00e1s \u00e9s az id\u0151z\u00edt\u00e9s szempontj\u00e1b\u00f3l tov\u00e1bbra is az egyik legig\u00e9nyesebb n\u00f6v\u00e9ny marad. Ak\u00e1r egy kis kerti parcell\u00e1t \u00fcltet be, hogy ny\u00e1ron \u00e9lvezhesse a friss csemegekukoric\u00e1t, ak\u00e1r t\u00f6bb hekt\u00e1r takarm\u00e1ny- vagy szemkukoric\u00e1t kezel, az \u00fatmutat\u00f3ban szerepl\u0151 elvek minden m\u00e9retsk\u00e1l\u00e1n \u00e9rv\u00e9nyesek. Mindent \u00e9rint\u00fcnk a talajel\u0151k\u00e9sz\u00edt\u00e9st\u0151l \u00e9s a sor- meg t\u0151t\u00e1vols\u00e1gt\u00f3l kezdve eg\u00e9szen a pontos m\u0171tr\u00e1gy\u00e1z\u00e1si elj\u00e1r\u00e1sokig, amelyek a legnagyobb k\u00fcl\u00f6nbs\u00e9get jelentik a v\u00e9gs\u0151 term\u00e9shozamban.<\/p>\n\n\n\n<h2 class=\"wp-block-heading\">Mi\u00e9rt tesz mindent szab\u00e1lly\u00e1 a megfelel\u0151 m\u0171tr\u00e1gya<\/h2>\n\n\n\n<p class=\"wp-block-paragraph\">A kukorica nagy t\u00e1panyagig\u00e9ny\u0171 n\u00f6v\u00e9ny. Sok m\u00e1s n\u00f6v\u00e9nnyel ellent\u00e9tben jelent\u0151s mennyis\u00e9g\u0171 nitrog\u00e9nre, foszforra \u00e9s k\u00e1liumra van sz\u00fcks\u00e9ge a teljes n\u00f6veked\u00e9si ciklusa sor\u00e1n, hogy er\u0151s sz\u00e1rat, eg\u00e9szs\u00e9ges gy\u00f6kereket, valamint telt, j\u00f3l fejlett cs\u00f6veket fejlesszen. A gyenge min\u0151s\u00e9g\u0171 vagy rosszul egyens\u00falyban l\u00e9v\u0151 m\u0171tr\u00e1gya haszn\u00e1lata satnya n\u00f6veked\u00e9st, s\u00e1rgul\u00f3 leveleket, a sz\u00e9lben kid\u0151l\u0151 gyenge sz\u00e1rakat \u00e9s a betakar\u00edt\u00e1skor csal\u00f3d\u00e1st kelt\u0151 term\u00e9shozamot eredm\u00e9nyezhet.<\/p>\n\n\n\n<p class=\"wp-block-paragraph\">\u00c9ppen ebben t\u0171nik ki igaz\u00e1n az Ferber Painting 25 kg-os kukoricam\u0171tr\u00e1gy\u00e1ja. \u00d6sszet\u00e9tel\u00e9t gondosan \u00fagy alak\u00edtottuk ki, hogy pontosan megfeleljen a kukorica t\u00e1panyagig\u00e9nyeinek a n\u00f6veked\u00e9s minden szakasz\u00e1ban, a cs\u00edr\u00e1z\u00e1st\u00f3l a vir\u00e1gz\u00e1son \u00e1t a magt\u00f6lt\u0151d\u00e9sig. A piacon tal\u00e1lhat\u00f3 sz\u00e1mos \u00e1ltal\u00e1nos m\u0171tr\u00e1gya t\u00f6bbf\u00e9le n\u00f6v\u00e9nyfajra lett kifejlesztve, ami azt jelenti, hogy soha nem optim\u00e1lisak kifejezetten a kukoric\u00e1hoz. A mi term\u00e9k\u00fcnk m\u00e1s. Kifejezetten a kukoric\u00e1ra szabt\u00e1k \u00f6sszet\u00e9tel\u00e9t, ami l\u00e1that\u00f3an er\u0151sebb n\u00f6v\u00e9nyeket \u00e9s magasabb hozamokat eredm\u00e9nyez.<\/p>\n\n\n\n<h3 class=\"wp-block-heading\">A nitrog\u00e9n, a foszfor \u00e9s a k\u00e1lium szerepe a kukorica n\u00f6veked\u00e9s\u00e9ben<\/h3>\n\n\n\n<p class=\"wp-block-paragraph\">A nitrog\u00e9n vitathatatlanul a legfontosabb t\u00e1panyag a kukorica sz\u00e1m\u00e1ra, mivel serkenti a lev\u00e9l- \u00e9s a sz\u00e1rfejl\u0151d\u00e9st. A nitrog\u00e9nhi\u00e1nyos kukorican\u00f6v\u00e9nyen halv\u00e1nyul\u00f3, s\u00e1rgul\u00f3 levelek l\u00e1that\u00f3k, amelyek k\u00fcl\u00f6n\u00f6sen a cs\u00facst\u00f3l a lev\u00e9l\u00e9r ir\u00e1ny\u00e1ba, befel\u00e9 haladva mutatj\u00e1k ezt a t\u00fcnetet, ami k\u00f6nnyen felismerhet\u0151, ha az ember tudja, mit kell keresnie. A foszfor ezzel szemben kulcsfontoss\u00e1g\u00fa szerepet j\u00e1tszik a korai gy\u00f6k\u00e9rzet kialakul\u00e1s\u00e1ban \u00e9s a n\u00f6v\u00e9nyen bel\u00fcli energiatranszferben, ami\u00e9rt a cs\u00edr\u00e1z\u00e1st k\u00f6vet\u0151 els\u0151 n\u00e9h\u00e1ny h\u00e9tben annyira l\u00e9nyeges. A k\u00e1lium hozz\u00e1j\u00e1rul a n\u00f6v\u00e9ny \u00e1ltal\u00e1nos ellen\u00e1ll\u00f3 k\u00e9pess\u00e9g\u00e9hez, seg\u00edtve a kukoric\u00e1t az asz\u00e1lyos stressz, a betegs\u00e9gek, valamint a szezon k\u00e9s\u0151bbi szakasz\u00e1ban a neh\u00e9z cs\u00f6vek megt\u00e1maszt\u00e1s\u00e1b\u00f3l ad\u00f3d\u00f3 fizikai terhel\u00e9s elleni v\u00e9dekez\u00e9sben.<\/p>\n\n\n\n<p class=\"wp-block-paragraph\">Az\u00e9rt k\u00fcl\u00f6n\u00f6sen nagy kih\u00edv\u00e1s a kukorica helyes tr\u00e1gy\u00e1z\u00e1sa, mert erre a h\u00e1rom t\u00e1panyagra nincs sz\u00fcks\u00e9g egyenl\u0151 mennyis\u00e9gben egyszerre. A nitrog\u00e9nig\u00e9ny folyamatosan n\u0151, \u00e9s a c\u00edmerh\u00e1ny\u00e1s idej\u00e9n \u00e9ri el a cs\u00facspontj\u00e1t, m\u00edg a foszfor a korai gy\u00f6k\u00e9rfejl\u0151d\u00e9si szakaszban a legkritikusabb. A k\u00e1liumig\u00e9ny viszonylag egyenletes marad, de k\u00fcl\u00f6n\u00f6sen akkor v\u00e1lt fontoss\u00e1, amikor a n\u00f6v\u00e9ny szemmel rakja ki a cs\u00f6veit. Az olyan m\u0171tr\u00e1gya, amely nem veszi figyelembe ezt a v\u00e1ltoz\u00f3 ig\u00e9nyg\u00f6rb\u00e9t, elker\u00fclhetetlen\u00fcl hi\u00e1nyt fog okozni a kukoric\u00e1ban pontosan abb\u00f3l, amire a legnagyobb sz\u00fcks\u00e9ge van, amikor a legink\u00e1bb sz\u00fcks\u00e9ge van r\u00e1.<\/p>\n\n\n\n<h3 class=\"wp-block-heading\">Mikrot\u00e1panyagok \u00e9s a talaj eg\u00e9szs\u00e9ge<\/h3>\n\n\n\n<p class=\"wp-block-paragraph\">A els\u0151dleges makroelemeken t\u00fal a kukorica a m\u00e1sodlagos t\u00e1panyagok \u00e9s a mikroelemek \u2013 p\u00e9ld\u00e1ul a k\u00e9n, a cink \u00e9s a magn\u00e9zium \u2013 megfelel\u0151 szintj\u00e9t is ig\u00e9nyli. K\u00fcl\u00f6n\u00f6sen a cinkhi\u00e1ny gyakori, de gyakran figyelmen k\u00edv\u00fcl hagyott probl\u00e9ma a kukoricaf\u00f6ldeken, amely r\u00f6videbb sz\u00e1rtagk\u00f6z\u00f6kh\u00f6z \u00e9s kisebb cs\u0151m\u00e9rethez vezet m\u00e9g akkor is, amikor a nitrog\u00e9nszint megfelel\u0151nek t\u0171nik. Ez az egyik oka annak, hogy egy kifejezetten kukoric\u00e1hoz fejlesztett formula, \u00e9s nem egy \u00e1ltal\u00e1nos univerz\u00e1lis kever\u00e9k, \u00e9vadr\u00f3l \u00e9vadra \u00e9szrevehet\u0151en jobb eredm\u00e9nyeket hoz.<\/p>\n\n\n\n<p class=\"wp-block-paragraph\">A k\u00e9plet mellett sz\u00e1mos ok van arra, hogy az Ferber Painting v\u00e1laszt\u00e1sa olyan megnyugv\u00e1st ny\u00fajtson, amellyel a versenyt\u00e1rsak egyszer\u0171en nem tudnak felvenni a versenyt:<\/p>\n\n\n\n<ul class=\"wp-block-list\">\n<li>El\u00e9gedetts\u00e9gi garancia, vagy p\u00e9nzvisszafizet\u00e9s minden egyes megrendel\u00e9sre, bonyolult felt\u00e9telek n\u00e9lk\u00fcl.<\/li>\n<li>Gyors nemzetk\u00f6zi sz\u00e1ll\u00edt\u00e1s a megb\u00edzhat\u00f3 sz\u00e1ll\u00edtm\u00e1nyoz\u00f3kb\u00f3l \u00e1ll\u00f3 kiterjedt h\u00e1l\u00f3zatunknak k\u00f6sz\u00f6nhet\u0151en, ami azt jelenti, hogy a m\u0171tr\u00e1gya akkor \u00e9rkezik meg, amikor sz\u00fcks\u00e9ge van r\u00e1, nem pedig hetekkel az \u00fcltet\u00e9si id\u0151szak lez\u00e1rulta ut\u00e1n.<\/li>\n<li>Egyszer\u0171 \u00e9s biztons\u00e1gos online fizet\u00e9s k\u00f6zvetlen\u00fcl a weboldalunkon kereszt\u00fcl, telefonos rendel\u00e9sek vagy bonyolult pap\u00edrmunka n\u00e9lk\u00fcl.<\/li>\n<li>A 25 kg-os kiszerel\u00e9s praktikus a kisebb kiskertek \u00e9s a nagyobb parcell\u00e1k sz\u00e1m\u00e1ra egyar\u00e1nt, elker\u00fclve a t\u00fal nagy mennyis\u00e9g v\u00e1s\u00e1rl\u00e1s\u00e1b\u00f3l ad\u00f3d\u00f3 pazarl\u00e1st vagy a szezon k\u00f6zbeni kifogy\u00e1s okozta kellemetlens\u00e9get.<\/li>\n<li>Egy megb\u00edzhat\u00f3 m\u00e1rka, amelynek r\u00e9g\u00f3ta fenn\u00e1ll\u00f3 h\u00edrneve van a min\u0151s\u00e9gi mez\u0151gazdas\u00e1gi term\u00e9kek ter\u00e9n.<\/li>\n<\/ul>\n\n\n\n<p class=\"wp-block-paragraph\">Hasonl\u00edtsuk \u00f6ssze, hogyan teljes\u00edt a Ferber Painting 25 kg-os kukorica-m\u0171tr\u00e1gy\u00e1ja a piacon el\u00e9rhet\u0151 tipikus versenyt\u00e1rs term\u00e9kekhez k\u00e9pest.<\/p>\n\n\n\n<figure class=\"wp-block-table\"><table>\n<tr>\n<th>Felt\u00e9telek<\/th>\n<th>Ferber Painting kukoricam\u0171tr\u00e1gya, 25 kg<\/th>\n<th>Tipikus versenyt\u00e1rs term\u00e9kek<\/th>\n<\/tr>\n<tr>\n<td>El\u00e9gedetts\u00e9g garant\u00e1lva, vagy p\u00e9nzvisszafizet\u00e9s<\/td>\n<td>Igen, minden rendel\u00e9sn\u00e9l<\/td>\n<td>Ritk\u00e1n k\u00edn\u00e1lt, vagy szigor\u00fa korl\u00e1toz\u00e1sokkal<\/td>\n<\/tr>\n<tr>\n<td>Kifejezetten kukoric\u00e1ra optimaliz\u00e1lt formula<\/td>\n<td>Igen<\/td>\n<td>Gyakran egy \u00e1ltal\u00e1nos, minden c\u00e9lra megfelel\u0151 kever\u00e9k<\/td>\n<\/tr>\n<tr>\n<td>Nemzetk\u00f6zi sz\u00e1ll\u00edt\u00e1si sebess\u00e9g<\/td>\n<td>Gyorsan, a glob\u00e1lis sz\u00e1ll\u00edt\u00f3i h\u00e1l\u00f3zaton kereszt\u00fcl<\/td>\n<td>Lass\u00fa vagy bizonyos r\u00e9gi\u00f3kra korl\u00e1tozott<\/td>\n<\/tr>\n<tr>\n<td>Online fizet\u00e9si folyamat<\/td>\n<td>Egyszer\u0171, biztons\u00e1gos \u00e9s k\u00f6zvetlen<\/td>\n<td>N\u043d\u043e\u0433\u0434\u0430 bonyolult vagy harmadik f\u00e9lt\u0151l f\u00fcgg\u0151<\/td>\n<\/tr>\n<tr>\n<td>Csomagol\u00e1si m\u00e9ret rugalmass\u00e1ga<\/td>\n<td>25 kg, a legt\u00f6bb termeszt\u0151 sz\u00e1m\u00e1ra ide\u00e1lis<\/td>\n<td>Gyakran t\u00fal kicsi vagy t\u00fal nagy a gyakorlati haszn\u00e1lathoz<\/td>\n<\/tr>\n<tr>\n<td>\u00dcgyf\u00e9lszolg\u00e1lat \u00e9s \u00e1tl\u00e1that\u00f3s\u00e1g<\/td>\n<td>Rugalmas \u00e9s vil\u00e1gos<\/td>\n<td>M\u00e1rk\u00e1k k\u00f6z\u00f6tt k\u00f6vetkezetlen<\/td>\n<\/tr>\n<\/table><\/figure>\n\n\n\n<p class=\"wp-block-paragraph\">Mint l\u00e1that\u00f3, a k\u00fcl\u00f6nbs\u00e9g nem csup\u00e1n marketinges sz\u00f3lam. Minden egyes szempont, amely egy val\u00f3di termel\u0151 sz\u00e1m\u00e1ra fontos, a Ferber Painting mellett sz\u00f3l. Miut\u00e1n tiszt\u00e1ztuk, mi\u00e9rt d\u00f6nt\u0151 fontoss\u00e1g\u00fa a m\u0171tr\u00e1gya kiv\u00e1laszt\u00e1sa, t\u00e9rj\u00fcnk r\u00e1 a kukorica \u00fcltet\u00e9s\u00e9nek m\u00f3dj\u00e1r\u00f3l \u00e9s id\u0151pontj\u00e1r\u00f3l sz\u00f3l\u00f3 gyakorlati \u00fatmutat\u00f3ra.<\/p>\n\n\n\n<h2 class=\"wp-block-heading\">A kukoricavet\u00e9s ide\u00e1lis id\u0151pontj\u00e1nak meg\u00e9rt\u00e9se<\/h2>\n\n\n\n<p class=\"wp-block-paragraph\">Az id\u0151z\u00edt\u00e9s mindenn\u00e9l fontosabb a kukorica eset\u00e9ben. Ha t\u00fal kor\u00e1n \u00fcltet, fenn\u00e1ll a fagy\u00e1svesz\u00e9ly vagy a rossz cs\u00edr\u00e1z\u00e1s a hideg talajban. Ha t\u00fal k\u00e9s\u0151n \u00fcltet, el\u0151fordulhat, hogy a kukoric\u00e1nak nincs el\u00e9g ideje be\u00e9rni az els\u0151 \u0151szi fagy meg\u00e9rkez\u00e9se el\u0151tt.<\/p>\n\n\n\n<p class=\"wp-block-paragraph\">Az \u00e1ltal\u00e1nos \u00f6k\u00f6lszab\u00e1ly az, hogy akkor kell kukoric\u00e1t vetni, amikor a talaj h\u0151m\u00e9rs\u00e9klete el\u00e9ri legal\u00e1bb a 10 \u00b0C-ot (50 \u00b0F), ide\u00e1lis esetben pedig ink\u00e1bb a 16 \u00b0C-ot (60 \u00b0F) a gyorsabb \u00e9s egyenletesebb cs\u00edr\u00e1z\u00e1s \u00e9rdek\u00e9ben. A legt\u00f6bb m\u00e9rs\u00e9kelt \u00f6vi \u00e9ghajlaton ez azt jelenti, hogy a kukoric\u00e1t a tavasz k\u00f6zep\u00e9n vagy v\u00e9g\u00e9n vetik, jellemz\u0151en \u00e1prilis \u00e9s j\u00fanius k\u00f6z\u00f6tt, az adott r\u00e9gi\u00f3t\u00f3l \u00e9s a helyi \u00e9ghajlati viszonyokt\u00f3l f\u00fcgg\u0151en.<\/p>\n\n\n\n<h3 class=\"wp-block-heading\">Region\u00e1lis \u00fcltet\u00e9si id\u0151szakok<\/h3>\n\n\n\n<p class=\"wp-block-paragraph\">A pontos \u00fcltet\u00e9si id\u0151ablak nagyban f\u00fcgg att\u00f3l, hogy hol \u00e9l. A enyhe tel\u0171, melegebb d\u00e9li r\u00e9gi\u00f3kban a kukoric\u00e1t gyakran m\u00e1r m\u00e1rcius v\u00e9g\u00e9n vagy \u00e1prilis elej\u00e9n el lehet \u00fcltetni, ami n\u00e9ha lehet\u0151v\u00e9 teszi egy m\u00e1sodik, egym\u00e1st k\u00f6vet\u0151 vet\u00e9st a ny\u00e1r folyam\u00e1n az \u0151szi betakar\u00edt\u00e1shoz. A h\u0171v\u00f6sebb \u00e9szaki r\u00e9gi\u00f3kban a termeszt\u0151knek \u00e1ltal\u00e1ban m\u00e1jus v\u00e9g\u00e9ig vagy ak\u00e1r j\u00fanius elej\u00e9ig kell v\u00e1rniuk, am\u00edg a talaj h\u0151m\u00e9rs\u00e9klete megb\u00edzhat\u00f3an el\u00e9g magas nem lesz. Ha bizonytalan a helyi id\u0151z\u00edt\u00e9st illet\u0151en, egy k\u00f6zeli mez\u0151gazdas\u00e1gi szaktan\u00e1csad\u00f3 iroda megkeres\u00e9se, vagy egyszer\u0171en egy talajh\u0151m\u00e9r\u0151 haszn\u00e1lata, amelyet egy h\u00e9ten kereszt\u00fcl minden reggel kb. 5 cm m\u00e9lyen a f\u00f6ldbe sz\u00farnak, nagyon pontos k\u00e9pet adhat arr\u00f3l, hogy a felt\u00e9telek mikor \u00e1llnak val\u00f3ban k\u00e9szen.<\/p>\n\n\n\n<p class=\"wp-block-paragraph\">\u00cdme a kulcsfontoss\u00e1g\u00fa jelek, amelyek megmutatj\u00e1k, hogy itt a megfelel\u0151 pillanat a \u00fcltet\u00e9sre:<\/p>\n\n\n\n<ul class=\"wp-block-list\">\n<li>Az \u00d6n t\u00e9rs\u00e9g\u00e9ben a fagyvesz\u00e9ly elm\u00falt erre a szezonra.<\/li>\n<li>A talajh\u0151m\u00e9rs\u00e9klet k\u00f6r\u00fclbel\u00fcl 5 cm m\u00e9lys\u00e9gben tart\u00f3san 10 \u00b0C boven van.<\/li>\n<li>A nappali h\u0151m\u00e9rs\u00e9klet megb\u00edzhat\u00f3an 15\u00b0C felett van.<\/li>\n<li>A talaj m\u0171velhet\u0151, \u00e9s a k\u00f6zelm\u00falt es\u0151z\u00e9sei miatt nem tocsog a v\u00edzben.<\/li>\n<\/ul>\n\n\n\n<p class=\"wp-block-paragraph\">Ha olyan r\u00e9gi\u00f3ban \u00e9l, ahol r\u00f6vid a veget\u00e1ci\u00f3s id\u0151szak, akkor egy kor\u00e1n \u00e9r\u0151 kukoricafajta kiv\u00e1laszt\u00e1s\u00e1val biztos\u00edthatja, hogy term\u00e9se az \u0151szi fagyok bek\u00f6sz\u00f6nt\u00e9se el\u0151tt be\u00e9rjen. F\u00fcggetlen\u00fcl att\u00f3l, hogy melyik fajt\u00e1t v\u00e1lasztja, a Ferber Painting Corn Fertilizer 25 kg-os term\u00e9k\u00e9nek az \u00fcltet\u00e9skor t\u00f6rt\u00e9n\u0151 kijuttat\u00e1sa biztos\u00edtja a magok sz\u00e1m\u00e1ra azt a t\u00e1panyag-ut\u00e1np\u00f3tl\u00e1st, amelyre sz\u00fcks\u00e9g\u00fck van ahhoz, hogy m\u00e1r a kezdetekt\u0151l fogva er\u0151s gy\u00f6k\u00e9rzetet alak\u00edtsanak ki \u2013 ezt a kritikus els\u0151 hetekben a hagyom\u00e1nyos m\u0171tr\u00e1gy\u00e1k gyakran nem tudj\u00e1k biztos\u00edtani.<\/p>\n\n\n\n<h3 class=\"wp-block-heading\">Szakaszos \u00fcltet\u00e9s a hosszabb betakar\u00edt\u00e1si id\u0151szak \u00e9rdek\u00e9ben<\/h3>\n\n\n\n<p class=\"wp-block-paragraph\">Sok otthoni kert\u00e9sz figyelmen k\u00edv\u00fcl hagyja a kukorica szakaszos \u00fcltet\u00e9s\u00e9nek a lehet\u0151s\u00e9g\u00e9t, ami egyszer\u0171en azt jelenti, hogy a teny\u00e9szid\u0151szak elej\u00e9n k\u00e9t-h\u00e1rom hetente \u00faj magvet\u00e9st v\u00e9geznek. Ez a technika t\u00f6bb h\u00e9tre elosztja a term\u00e9sbetakar\u00edt\u00e1st ahelyett, hogy az eg\u00e9sz kukorica egyszerre \u00e9rne be, ami k\u00fcl\u00f6n\u00f6sen hasznos a friss fogyaszt\u00e1sra sz\u00e1nt csemegekukorica eset\u00e9ben. Ha \u00fagy d\u00f6nt, hogy kipr\u00f3b\u00e1lja a szakaszos \u00fcltet\u00e9st, ne feledje, hogy minden \u00fajabb vet\u00e9s szint\u00e9n profit\u00e1lni fog egy friss m\u0171tr\u00e1gya-adagb\u00f3l a \u00fcltet\u00e9s sor\u00e1n, mivel a kor\u00e1bbi \u00fcltet\u00e9sek k\u00f6r\u00fcli talaj a k\u00f6nnyen felvehet\u0151 t\u00e1panyagok tekintet\u00e9ben m\u00e1r kiss\u00e9 kimer\u00fclhetett.<\/p>\n\n\n\n<h3 class=\"wp-block-heading\">A megfelel\u0151 fajta kiv\u00e1laszt\u00e1sa az \u00d6n \u00e9ghajlat\u00e1hoz<\/h3>\n\n\n\n<p class=\"wp-block-paragraph\">A kukoricafajt\u00e1kat \u00e1ltal\u00e1ban az \u00e9r\u00e9sig eltel\u0151 napok sz\u00e1ma alapj\u00e1n sorolj\u00e1k be: a sk\u00e1la a mind\u00f6ssze 60 nap alatt be\u00e9r\u0151 nagyon korai fajt\u00e1kt\u00f3l a legfeljebb 100 napig vagy ann\u00e1l is tov\u00e1bb tart\u00f3, hosszabb teny\u00e9szid\u0151szak\u00fa fajt\u00e1kig terjed. Azokban a r\u00e9gi\u00f3kban, ahol a fagymentes id\u0151szak r\u00f6videbb, a termel\u0151knek ink\u00e1bb a kor\u00e1n \u00e9r\u0151 fajt\u00e1kat kell el\u0151nyben r\u00e9szes\u00edteni\u00fck \u2013 m\u00e9g akkor is, ha ez kiss\u00e9 kisebb cs\u00f6veket jelent \u2013, ahelyett, hogy kock\u00e1ztatn\u00e1k a teljes term\u00e9s elveszt\u00e9s\u00e9t egy kora \u0151szi fagy miatt. A cukorr\u00e9pa, a sz\u00e1nt\u00f3f\u00f6ldi kukorica \u00e9s a pattogat\u00f3s kukorica fajt\u00e1k m\u0171tr\u00e1gy\u00e1ra adott reakci\u00f3ja is elt\u00e9r\u0151, de mindegyik\u00fck sz\u00e1m\u00e1ra el\u0151ny\u00f6s a Ferber Painting Corn Fertilizer 25 kg term\u00e9kben tal\u00e1lhat\u00f3, kiegyens\u00falyozott, kukoric\u00e1ra szabott t\u00e1panyag-\u00f6sszet\u00e9tel.<\/p>\n\n\n\n<h2 class=\"wp-block-heading\">L\u00e9p\u00e9sr\u0151l l\u00e9p\u00e9sre \u00fatmutat\u00f3 a kukorica \u00fcltet\u00e9s\u00e9hez<\/h2>\n\n\n\n<p class=\"wp-block-paragraph\">Miut\u00e1n meger\u0151s\u00edtette, hogy megfelel\u0151 az id\u0151z\u00edt\u00e9s, k\u00f6vesse az al\u00e1bbi l\u00e9p\u00e9seket a kukorica helyes el\u00fcltet\u00e9s\u00e9hez \u00e9s a sikeres teny\u00e9szid\u0151szak megalapoz\u00e1s\u00e1hoz.<\/p>\n\n\n\n<h3 class=\"wp-block-heading\">1. l\u00e9p\u00e9s: K\u00e9sz\u00edtse el\u0151 a talajt<\/h3>\n\n\n\n<p class=\"wp-block-paragraph\">A kukorica j\u00f3l \u00e9rzi mag\u00e1t a j\u00f3l v\u00edzelvezetett, term\u00e9keny talajban, amelynek pH-\u00e9rt\u00e9ke 6,0 \u00e9s 6,8 k\u00f6z\u00f6tt van. Az \u00fcltet\u00e9s el\u0151tt a talajt k\u00f6r\u00fclbel\u00fcl 20 cm m\u00e9lys\u00e9gig sz\u00e1ntsuk fel, \u00e9s t\u00e1vol\u00edtsuk el bel\u0151le a nagy k\u00f6veket \u00e9s a t\u00f6rmel\u00e9ket. Ez az ide\u00e1lis id\u0151pont arra is, hogy a Ferber Painting 25 kg-os kukorica-tr\u00e1gy\u00e1j\u00e1t bekeverj\u00fck a talaj fels\u0151 r\u00e9teg\u00e9be, \u00edgy biztos\u00edtva, hogy a t\u00e1panyagok pontosan ott \u00e1lljanak rendelkez\u00e9sre, ahol a gy\u00f6kerek fejl\u0151dni fognak. Ha a talajvizsg\u00e1lat eredm\u00e9nye 6,0 alatti pH-\u00e9rt\u00e9ket mutat, fontolja meg, hogy az \u00fcltet\u00e9s el\u0151tt n\u00e9h\u00e1ny h\u00e9ttel mez\u0151gazdas\u00e1gi m\u00e9szet adjon a talajhoz, hogy a pH-\u00e9rt\u00e9ket az optim\u00e1lis tartom\u00e1nyba emelje, mivel ha a pH-\u00e9rt\u00e9k t\u00fals\u00e1gosan elt\u00e9r ett\u0151l a tartom\u00e1nyt\u00f3l, a t\u00e1panyagok a n\u00f6v\u00e9ny gy\u00f6kerei sz\u00e1m\u00e1ra sokkal kev\u00e9sb\u00e9 lesznek el\u00e9rhet\u0151k, m\u00e9g akkor is, ha b\u0151s\u00e9gesen kijuttattak m\u0171tr\u00e1gy\u00e1t.<\/p>\n\n\n\n<p class=\"wp-block-paragraph\">\u00c9rdemes id\u0151t sz\u00e1nni a talaj szerkezet\u00e9nek ellen\u0151rz\u00e9s\u00e9re is. A neh\u00e9z agyagtalajok \u00e1ltal\u00e1ban j\u00f3l tartj\u00e1k a nedvess\u00e9get \u00e9s a t\u00e1panyagokat, de t\u00f6m\u00f6r\u00f6dhetnek \u00e9s rosszul szell\u0151znek, m\u00edg homokos t\u00e1rsaik gyorsan levezetik a vizet, viszont a t\u00e1panyagokat is sokkal gyorsabban elvesz\u00edtik a mos\u00f3d\u00e1s miatt. A neh\u00e9z agyag talaj szerves anyaggal, p\u00e9ld\u00e1ul komposzttal t\u00f6rt\u00e9n\u0151 jav\u00edt\u00e1sa, vagy a homokos talaj ugyanezzel val\u00f3 kezel\u00e9se jav\u00edtja mind a v\u00edzmegtart\u00f3 k\u00e9pess\u00e9get, mind a t\u00e1panyag-ell\u00e1totts\u00e1got, f\u00fcggetlen\u00fcl att\u00f3l, hogy melyik v\u00e9glettel van dolga.<\/p>\n\n\n\n<h3 class=\"wp-block-heading\">2. l\u00e9p\u00e9s: V\u00e1lassza ki a megfelel\u0151 t\u00e9rk\u00f6zt<\/h3>\n\n\n\n<p class=\"wp-block-paragraph\">A kukoric\u00e1t egym\u00e1st\u00f3l k\u00f6r\u00fclbel\u00fcl 75\u201390 cm t\u00e1vols\u00e1gra l\u00e9v\u0151 sorokba kell vetni, a sorokon bel\u00fcl pedig az egyes magokat 20\u201325 cm t\u00e1vols\u00e1gra kell elhelyezni egym\u00e1st\u00f3l. Ez a t\u00e9r\u00e1ll\u00e1s megfelel\u0151 l\u00e9g\u00e1raml\u00e1st \u00e9s napf\u00e9ny \u00e1thatol\u00e1st biztos\u00edt, ami cs\u00f6kkenti a betegs\u00e9gek kock\u00e1zat\u00e1t \u00e9s el\u0151seg\u00edti az eg\u00e9szs\u00e9ges beporz\u00e1st. Mivel a kukorica rovarok helyett sz\u00e9lbeporz\u00e1s\u00fa, a legal\u00e1bb n\u00e9gy sorb\u00f3l \u00e1ll\u00f3 t\u00f6mb\u00f6kbe t\u00f6rt\u00e9n\u0151 \u00fcltet\u00e9s \u2013 ahelyett, hogy egyetlen hossz\u00fa sorba \u00fcltetn\u00e9nk \u2013 jelent\u0151sen jav\u00edtja a beporz\u00e1si ar\u00e1nyt, \u00e9s teltebb, egyenletesebben teli cs\u00f6veket eredm\u00e9nyez. A kukorica egyetlen, minden m\u00e1s sort\u00f3l elszigetelt sora gyakran gyeng\u00e9n teli cs\u00f6veket hoz l\u00e9tre amiatt, hogy a pollen nehezebben \u00e9ri el az egyes bajuszsz\u00e1lakat.<\/p>\n\n\n\n<h3 class=\"wp-block-heading\">3. l\u00e9p\u00e9s: \u00dcltesse a megfelel\u0151 m\u00e9lys\u00e9gbe<\/h3>\n\n\n\n<p class=\"wp-block-paragraph\">A kukoricamagokat a legt\u00f6bb talajt\u00edpusban k\u00f6r\u00fclbel\u00fcl 4-5 cm m\u00e9lyen kell elvetni. A gyorsan kisz\u00e1rad\u00f3 homoktalajokban a valamivel m\u00e9lyebb, 5-6 cm k\u00f6r\u00fcli vet\u00e9s seg\u00edt meg\u0151rizni a nedvess\u00e9get a mag k\u00f6r\u00fcl. A t\u00fal sek\u00e9ly vet\u00e9s fenn\u00e1ll\u00edtja annak a kock\u00e1zat\u00e1t, hogy a mag kisz\u00e1rad, miel\u0151tt cs\u00edr\u00e1zni tudna, m\u00edg a t\u00fal m\u00e9ly vet\u00e9s k\u00e9sleltetheti a kel\u00e9st, \u00e9s gyeng\u00edtheti a fiatal n\u00f6v\u00e9nyt, ahogy az k\u00fczd a felsz\u00edn el\u00e9r\u00e9s\u00e9\u00e9rt. Az egys\u00e9ges vet\u00e9si m\u00e9lys\u00e9g a teljes sor ment\u00e9n azt is biztos\u00edtja, hogy minden kukorica nagyj\u00e1b\u00f3l egyszerre keljen ki \u00e9s \u00e9rjen be, ami mind a tr\u00e1gy\u00e1z\u00e1st, mind a betakar\u00edt\u00e1st sokkal kezelhet\u0151bb\u00e9 teszi.<\/p>\n\n\n\n<h3 class=\"wp-block-heading\">4. l\u00e9p\u00e9s: \u00d6nt\u00f6zz\u00f6n rendszeresen<\/h3>\n\n\n\n<p class=\"wp-block-paragraph\">\u00dcltet\u00e9s ut\u00e1n alaposan \u00f6nt\u00f6zze meg a ter\u00fcletet, de \u00fcgyeljen arra, hogy ne \u00e1lljon meg a v\u00edz. A kukoric\u00e1nak egyenletes nedvess\u00e9gre van sz\u00fcks\u00e9ge, k\u00fcl\u00f6n\u00f6sen a cs\u00edr\u00e1z\u00e1s idej\u00e9n, valamint k\u00e9s\u0151bb, a n\u00f6veked\u00e9si cikluselemben a kritikus c\u00edmerh\u00e1ny\u00e1si \u00e9s selymesed\u00e9si szakaszban. \u00c1ltal\u00e1nos ir\u00e1nymutat\u00e1s, hogy a kukoric\u00e1nak a n\u00f6veked\u00e9se nagy r\u00e9sz\u00e9ben hetente k\u00f6r\u00fclbel\u00fcl 2,5 cm v\u00edzre van sz\u00fcks\u00e9ge, ami meleg id\u0151ben a c\u00edmerh\u00e1ny\u00e1s \u00e9s a szemtel\u00edt\u0151d\u00e9s cs\u00facsid\u0151szak\u00e1ban heti 5 cm-re is emelkedhet. A csepegtet\u0151 \u00f6nt\u00f6z\u00e9s vagy az \u00e1ztat\u00f3cs\u00f6vek \u00e1ltal\u00e1ban hat\u00e9konyabbak a h\u00e1zi kertekben, mint a fejsz\u00f3r\u00f3k, mivel a vizet k\u00f6zvetlen\u00fcl a gy\u00f6k\u00e9rz\u00f3n\u00e1ba juttatj\u00e1k, \u00e9s cs\u00f6kkentik a nedves lombozaton megteleped\u0151 gomb\u00e1s betegs\u00e9gek kock\u00e1zat\u00e1t.<\/p>\n\n\n\n<h3 class=\"wp-block-heading\">5. l\u00e9p\u00e9s: M\u0171tr\u00e1gya kijuttat\u00e1sa a kulcsfontoss\u00e1g\u00fa n\u00f6veked\u00e9si szakaszokban<\/h3>\n\n\n\n<p class=\"wp-block-paragraph\">B\u00e1r az \u00fcltet\u00e9skor t\u00f6rt\u00e9n\u0151 m\u0171tr\u00e1gyabe\u00e9p\u00edt\u00e9s elengedhetetlen, a kukorica rendk\u00edv\u00fcl sokat profit\u00e1l a n\u00f6veked\u00e9si ciklus sor\u00e1n t\u00f6rt\u00e9n\u0151 kieg\u00e9sz\u00edt\u0151 t\u00e1panyag-ut\u00e1np\u00f3tl\u00e1sb\u00f3l, k\u00fcl\u00f6n\u00f6sen akkor, amikor a n\u00f6v\u00e9nyek t\u00e9rdmagass\u00e1got \u00e9rnek el, majd ism\u00e9t k\u00f6zvetlen\u00fcl a vir\u00e1gz\u00e1s el\u0151tt. Itt bizony\u00edtja ism\u00e9t \u00e9rt\u00e9k\u00e9t az Ferber Painting 25 kg-os kukorica-m\u0171tr\u00e1gya, mivel kiegyens\u00falyozott t\u00e1panyag-felszabadul\u00e1sa t\u00e1mogatja mind a korai gy\u00f6k\u00e9rfejl\u0151d\u00e9st, mind a k\u00e9s\u0151bbi magt\u00f6lt\u0151d\u00e9st, amit sok egyc\u00e9l\u00fa m\u0171tr\u00e1gya nem k\u00e9pes el\u00e9rni.<\/p>\n\n\n\n<p class=\"wp-block-paragraph\">Egy gyakorlatias megk\u00f6zel\u00edt\u00e9s, amelyet sz\u00e1mos tapasztalt termeszt\u0151 k\u00f6vet, az, hogy a m\u0171tr\u00e1gya-kijuttat\u00e1st k\u00e9t vagy h\u00e1rom k\u00fcl\u00f6n adagra osztja ahelyett, hogy mindent egyszerre juttatna ki. Az els\u0151 adag a talajba ker\u00fcl a vet\u00e9s idej\u00e9n, hogy t\u00e1mogassa a cs\u00edr\u00e1z\u00e1st \u00e9s a korai gy\u00f6k\u00e9rfejl\u0151d\u00e9st. A m\u00e1sodik adagot, amelyet gyakran sork\u00f6zi tr\u00e1gy\u00e1z\u00e1snak neveznek, a n\u00f6v\u00e9nyek t\u00f6v\u00e9hez juttatj\u00e1k ki, amint el\u00e9rik a t\u00e9rdmagass\u00e1got, ami a fajt\u00e1t\u00f3l \u00e9s az \u00e9ghajlatt\u00f3l f\u00fcgg\u0151en k\u00f6r\u00fclbel\u00fcl 30\u201345 nappal a vet\u00e9s ut\u00e1n t\u00f6rt\u00e9nik. Egy harmadik, opcion\u00e1lis adag is kijuttathat\u00f3 \u00e9ppen akkor, amikor a c\u00edmer megjelenni kezd, \u00edgy a n\u00f6v\u00e9ny extra t\u00e1panyag-l\u00f6ketet kap pontosan a legig\u00e9nyesebb reprodukt\u00edv f\u00e1zisba l\u00e9p\u00e9sekor. Ez a l\u00e9pcs\u0151zetes megk\u00f6zel\u00edt\u00e9s sokkal jobban lek\u00f6veti a n\u00f6v\u00e9ny term\u00e9szetes t\u00e1panyagig\u00e9ny-g\u00f6rb\u00e9j\u00e9t, mint ahogy azt egyetlen nagym\u00e9rt\u00e9k\u0171 kijuttat\u00e1s ikran tenn\u00e9.<\/p>\n\n\n\n<h3 class=\"wp-block-heading\">6. l\u00e9p\u00e9s: K\u00e1rtev\u0151k \u00e9s gyomok ellen\u0151rz\u00e9se<\/h3>\n\n\n\n<p class=\"wp-block-paragraph\">Tartsa gyommentesen a kukorican\u00f6v\u00e9nyek k\u00f6r\u00fcli ter\u00fcletet, k\u00fcl\u00f6n\u00f6sen az els\u0151 n\u00e9h\u00e1ny h\u00e9tben, amikor a fiatal kukorica a legsebezhet\u0151bb a t\u00e1panyagok\u00e9rt \u00e9s a v\u00edz\u00e9rt foly\u00f3 verseng\u00e9sben. Rendszeresen ellen\u0151rizze az olyan gyakori k\u00e1rtev\u0151ket, mint a kukoricamoly vagy a vet\u00e9si bagolypille. Kisebb parcell\u00e1k eset\u00e9ben a k\u00e9zi gyoml\u00e1l\u00e1s vagy a sorok k\u00f6z\u00f6tti sek\u00e9ly talajm\u0171vel\u00e9s j\u00f3l m\u0171k\u00f6dik, m\u00edg a n\u00f6v\u00e9nyek t\u00f6ve k\u00f6r\u00fcli talajtakar\u00f3 r\u00e9teg seg\u00edthet elnyomni a gyomokat \u00e9s ezzel simultan meg\u0151rizni a talaj nedvess\u00e9g\u00e9t. \u00dcgyeljen a k\u00e1rtev\u0151k okozta k\u00e1rok korai jeleire, mint p\u00e9ld\u00e1ul a leveleken l\u00e9v\u0151 apr\u00f3 lyukak vagy a frass, azaz a molyok \u00e1ltal h\u00e1trahagyott f\u0171r\u00e9szporszer\u0171 \u00fcr\u00fcl\u00e9k, mivel a fert\u0151z\u00e9s korai felismer\u00e9se sokkal k\u00f6nnyebb\u00e9 teszi az ellene val\u00f3 v\u00e9dekez\u00e9st, mint a s\u00falyos k\u00e1rok kialakul\u00e1s\u00e1nak megv\u00e1r\u00e1sa. Ha a kukorica\u00fcltet\u00e9s hely\u00e9t \u00e9vr\u0151l \u00e9vre v\u00e1ltogatja ahelyett, hogy folyamatosan ugyanazon a helyen termeszten\u00e9, az szint\u00e9n seg\u00edt cs\u00f6kkenteni a talajban lak\u00f3 k\u00e1rtev\u0151k \u00e9s betegs\u00e9gek felhalmoz\u00f3d\u00e1s\u00e1t az id\u0151 m\u00fal\u00e1s\u00e1val.<\/p>\n\n\n\n<h3 class=\"wp-block-heading\">7. l\u00e9p\u00e9s: Betakar\u00edt\u00e1s a megfelel\u0151 id\u0151ben<\/h3>\n\n\n\n<p class=\"wp-block-paragraph\">A fajt\u00e1t\u00f3l f\u00fcgg\u0151en a kukoric\u00e1nak \u00e1ltal\u00e1ban 60\u2013100 napra van sz\u00fcks\u00e9ge a be\u00e9r\u00e9shez. A csemegekukorica akkor \u00e1ll k\u00e9szen, amikor a szemek teltek, \u00e9s \u00e1tsz\u00far\u00e1sukkor tejszer\u0171 folyad\u00e9k t\u00e1vozik bel\u0151l\u00fck, m\u00edg a takarm\u00e1nykukoric\u00e1t betakar\u00edt\u00e1s el\u0151tt tov\u00e1bb hagyj\u00e1k sz\u00e1radni a sz\u00e1ron. A csemegekukorica eset\u00e9ben a k\u00e9szs\u00e9g m\u00e1sik biztos jele, amikor a cs\u0151 tetej\u00e9n l\u00e9v\u0151 bajusz barn\u00e1v\u00e1 \u00e9s sz\u00e1razz\u00e1 v\u00e1lik, mik\u00f6zben a csuh\u00e9 szorosan r\u00e1tapadva z\u00f6ld marad. Jobb a kukoric\u00e1t egy kicsit kor\u00e1bban, mint t\u00fal k\u00e9s\u0151n betakar\u00edtani, mivel \u00edgy \u00e9desebb, zseng\u00e9bb szemeket kapunk, mivel a szemben l\u00e9v\u0151 cukrok a teljes \u00e9r\u00e9s el\u00e9r\u00e9se ut\u00e1n el\u00e9g gyorsan kem\u00e9ny\u00edt\u0151v\u00e9 alakulnak \u00e1t. A t\u00e1rol\u00e1sra vagy \u00e1llati takarm\u00e1nyoz\u00e1sra sz\u00e1nt takarm\u00e1nykukoric\u00e1t ezzel szemben addig kell a sz\u00e1ron hagyni, am\u00edg a szemek kem\u00e9nyek nem lesznek, \u00e9s a csuh\u00e9k barna, pap\u00edrszer\u0171 sz\u00edn\u0171v\u00e9 nem v\u00e1lnak, ami \u00e1ltal\u00e1ban alacsonyabb nedvess\u00e9gtartalmat \u00e9s jobb hossz\u00fa t\u00e1v\u00fa t\u00e1rol\u00e1st tesz lehet\u0151v\u00e9.<\/p>\n\n\n\n<h2 class=\"wp-block-heading\">Gyakori hib\u00e1k, amelyeket el kell ker\u00fclni a kukorica \u00fcltet\u00e9se sor\u00e1n<\/h2>\n\n\n\n<p class=\"wp-block-paragraph\">M\u00e9g a tapasztalt termeszt\u0151k is elk\u00f6vetnek id\u0151nk\u00e9nt olyan hib\u00e1kat, amelyek cs\u00f6kkentik a kukoricaterm\u00e9s\u00fcket. \u00cdme a leggyakoribb csapd\u00e1k, amelyekre \u00e9rdemes odafigyelni:<\/p>\n\n\n\n<ul class=\"wp-block-list\">\n<li>A t\u00fal korai \u00fcltet\u00e9s hideg talajba, ami rossz vagy egyenetlen cs\u00edr\u00e1z\u00e1shoz vezet.<\/li>\n<li>Olyan m\u0171tr\u00e1gya haszn\u00e1lata, amely nincs kifejezetten a kukorica magas nitrog\u00e9nig\u00e9ny\u00e9hez igaz\u00edtva, ami gyenge sz\u00e1rakat \u00e9s apr\u00f3 cs\u00f6veket eredm\u00e9nyez.<\/li>\n<li>A n\u00f6v\u00e9nyek t\u00falzs\u00fafolts\u00e1ga, ami cs\u00f6kkenti a l\u00e9g\u00e1raml\u00e1st \u00e9s n\u00f6veli a betegs\u00e9gek kialakul\u00e1s\u00e1nak es\u00e9ly\u00e9t.<\/li>\n<li>A n\u00f6veked\u00e9si ciklus alatti m\u00e1sodik m\u0171tr\u00e1gy\u00e1z\u00e1s elhagy\u00e1sa, ami hi\u00e1nyt okoz a c\u00edmerh\u00e1ny\u00e1s \u00e9s a szemtel\u00edt\u0151d\u00e9s idej\u00e9n sz\u00fcks\u00e9ges t\u00e1panyagokban.<\/li>\n<li>A talaj pH-\u00e9rt\u00e9k\u00e9nek m figyelmen k\u00edv\u00fcl hagy\u00e1sa \u00fcltet\u00e9s el\u0151tt, ami t\u00e1panyag-blokkol\u00e1shoz vezethet m\u00e9g min\u0151s\u00e9gi m\u0171tr\u00e1gya haszn\u00e1lata eset\u00e9n is.<\/li>\n<\/ul>\n\n\n\n<p class=\"wp-block-paragraph\">Ezen \u00f6t gyakori probl\u00e9ma mellett van m\u00e9g n\u00e9h\u00e1ny tov\u00e1bbi hiba, amir\u0151l \u00e9rdemes sz\u00f3t ejteni, mivel m\u00e9g a kifejezetten tapasztalt kert\u00e9szeket is v\u00e1ratlanul szokta \u00e9rni. Az egyik a kukorica \u00fcltet\u00e9se egyetlen keskeny sorban a blokk helyett, ami \u2013 amint azt kor\u00e1bban eml\u00edtett\u00fck \u2013 s\u00falyosan korl\u00e1tozza a beporz\u00e1st, \u00e9s olyan cs\u00f6veket eredm\u00e9nyez, amelyeken a szemek hi\u00e1nyosan, sz\u00e9tsz\u00f3rtan helyezkednek el a cs\u0151 hossz\u00e1ban. A m\u00e1sik a k\u00f6vetkezetes \u00f6nt\u00f6z\u00e9s elmulaszt\u00e1sa a c\u00edmerh\u00e1ny\u00e1s \u00e9s a selymesed\u00e9s k\u00f6r\u00fcli k\u00e9t h\u00e9tben; ez egy olyan kritikus id\u0151szak, amikor a sz\u00e1razs\u00e1g okozta stressz ak\u00e1r csak n\u00e9h\u00e1ny napig is a legrosszabb pillanatban a term\u00e9shozam \u00e9szrevehet\u0151 cs\u00f6kken\u00e9s\u00e9t okozhatja. V\u00e9g\u00fcl, sok kert\u00e9sz al\u00e1becs\u00fcli, hogy a kukorica milyen gyorsan kimer\u00edti a talaj nitrog\u00e9ntartalm\u00e1t, \u00e9s a k\u00f6vetkez\u0151 szezonban egy m\u00e1sik n\u00f6v\u00e9ny m\u00e1sodik vet\u00e9s\u00e9t \u00fcltetik ugyanabba a \u00e1gy\u00e1sba an\u00e9lk\u00fcl, hogy p\u00f3toln\u00e1k azt, amit a kukorica kivont, \u00edgy azt tapasztalj\u00e1k, hogy a k\u00f6vetkez\u0151 n\u00f6v\u00e9ny\u00fck a l\u00e1tsz\u00f3lag megfelel\u0151 talajviszonyok ellen\u00e9re is k\u00fcszk\u00f6dik.<\/p>\n\n\n\n<p class=\"wp-block-paragraph\">Ezeket a hib\u00e1kat sokkal k\u00f6nnyebb elker\u00fclni, ha egy megb\u00edzhat\u00f3, kifejezetten kukoric\u00e1ra kifejlesztett term\u00e9kkel kezdj\u00fck, mint p\u00e9ld\u00e1ul az Ferber Painting 25 kg-os kukoricatr\u00e1gya. Mivel k\u00e9sz\u00edtm\u00e9ny\u00fcnket \u00fagy alak\u00edtottuk ki, hogy a kukoric\u00e1t teljes \u00e9letciklusa sor\u00e1n t\u00e1mogassa, term\u00e9szetesen seg\u00edt a termel\u0151knek elker\u00fclni azokat a t\u00e1panyaghi\u00e1nyokat, amelyek eleve ennyi gyakori probl\u00e9m\u00e1t okoznak.<\/p>\n\n\n\n<h2 class=\"wp-block-heading\">Mi\u00e9rt marad a Ferber Painting a legokosabb v\u00e1laszt\u00e1s a komoly termeszt\u0151k sz\u00e1m\u00e1ra?<\/h2>\n\n\n\n<p class=\"wp-block-paragraph\">E ponton m\u00e1r nyilv\u00e1nval\u00f3 kell legyen, hogy a sikeres kukoricavet\u00e9s k\u00e9t t\u00e9nyez\u0151 \u00f6sszehangol\u00e1s\u00e1n m\u00falik: a megfelel\u0151 id\u0151z\u00edt\u00e9sen \u00e9s technik\u00e1n, valamint egy olyan tr\u00e1gy\u00e1n, amely val\u00f3ban kiel\u00e9g\u00edti a kukorica magas t\u00e1panyagig\u00e9ny\u00e9t. B\u00e1r a fent ismertetett vet\u00e9si l\u00e9p\u00e9sek elengedhetetlenek, ezek egyike sem \u00e9ri el a teljes potenci\u00e1lj\u00e1t a talaj\u00e1t t\u00e1mogat\u00f3 megfelel\u0151 term\u00e9k n\u00e9lk\u00fcl.<\/p>\n\n\n\n<p class=\"wp-block-paragraph\">A Ferber Painting 25 kg-os kukoricatr\u00e1gy\u00e1j\u00e1t kifejezetten az \u00e1ltal\u00e1nos m\u0171tr\u00e1gy\u00e1k \u00e1ltal okozott probl\u00e9m\u00e1k megold\u00e1s\u00e1ra fejlesztett\u00e9k ki. Ez nem egy \u201emindenre j\u00f3\u201d kever\u00e9k, hanem egy speci\u00e1lis \u00f6sszet\u00e9tel, amelyet a kukorica val\u00f3s ig\u00e9nyei alapj\u00e1n alak\u00edtottak ki minden egyes n\u00f6veked\u00e9si szakaszra. Az el\u00e9gedetts\u00e9gi garanci\u00e1nk \u2013 amelynek keret\u00e9ben visszat\u00e9r\u00edtj\u00fck a v\u00e9tel\u00e1rat, ha nem el\u00e9gedett \u2013, a gyors nemzetk\u00f6zi sz\u00e1ll\u00edt\u00e1si h\u00e1l\u00f3zatunk \u00e9s az egyszer\u0171, biztons\u00e1gos online fizet\u00e9si rendszer\u00fcnk mellett nincs ok arra, hogy egy kev\u00e9sb\u00e9 min\u0151s\u00e9gi term\u00e9kkel be\u00e9rje, amikor olyan fontos term\u00e9nyt termeszt, mint a kukorica.<\/p>\n\n\n\n<p class=\"wp-block-paragraph\">Fontoljuk meg a k\u00fcl\u00f6nbs\u00e9get egy teljes teny\u00e9szid\u0151szak alatt. Egy \u00e1ltal\u00e1nos m\u0171tr\u00e1gya j\u00f3 kezdetet adhat a kukoric\u00e1nak, de ahogy a n\u00f6v\u00e9ny bel\u00e9p a nitrog\u00e9n\u00e9hes vegetat\u00edv szakaszba, majd a c\u00edmerh\u00e1ny\u00e1s \u00e9s a szemtel\u00edt\u0151d\u00e9s megterhel\u0151 reprodukt\u00edv szakasz\u00e1ba, a nem megfelel\u0151 t\u00e1panyagprofil olyan hi\u00e1nyoss\u00e1gokat hagy maga ut\u00e1n, amelyek kisebb cs\u00f6vekben, hi\u00e1nyos szemsorokban vagy az els\u0151 er\u0151s ny\u00e1ri viharban megd\u0151l\u0151 sz\u00e1rakban mutatkoznak meg. Azok a termel\u0151k, akik kifejezetten kukoric\u00e1ra kifejlesztett, dedik\u00e1lt formul\u00e1ra v\u00e1ltanak, k\u00f6vetkezetesen l\u00e1that\u00f3an z\u00f6ldebb lombozatr\u00f3l, er\u0151sebb sz\u00e1rakr\u00f3l \u00e9s egyenletesebben teli cs\u00f6vekr\u0151l sz\u00e1molnak be a betakar\u00edt\u00e1skor, pontosan az\u00e9rt, mert a m\u0171tr\u00e1gya a n\u00f6v\u00e9ny term\u00e9szetes n\u00f6veked\u00e9si g\u00f6rb\u00e9j\u00e9vel egy\u00fctt dolgozik, nem pedig az ellen.<\/p>\n\n\n\n<p class=\"wp-block-paragraph\">Val\u00f3di \u00e9rt\u00e9ke van annak a nyugalomnak is, amelyet az eredeti el\u00e9gedetts\u00e9gi garanci\u00e1val rendelkez\u0151 term\u00e9k megrendel\u00e9se ny\u00fajt. A mez\u0151gazdas\u00e1gban m\u00e1r eleve el\u00e9g sok kisz\u00e1m\u00edthatatlan t\u00e9nyez\u0151 van \u2013 az id\u0151j\u00e1r\u00e1st\u00f3l kezdve a k\u00e1rtev\u0151k\u00f6n \u00e1t a piaci \u00e1rakig \u2013, an\u00e9lk\u00fcl, hogy m\u00e9g azon is agg\u00f3dni kellene, vajon a f\u00e9szerben \u00e1ll\u00f3 m\u0171tr\u00e1gyazs\u00e1k val\u00f3ban \u00fagy fog-e teljes\u00edteni, ahogy \u00edg\u00e9rt\u00e9k. Az Ferber Painting v\u00e1laszt\u00e1s\u00e1val ez a bizonytalans\u00e1g teljes m\u00e9rt\u00e9kben kik\u00fcsz\u00f6b\u00f6lhet\u0151.<\/p>\n\n\n\n<h2 class=\"wp-block-heading\">Mini GYIK<\/h2>\n\n\n\n<p class=\"wp-block-paragraph\">Mennyi Kukorica M\u0171tr\u00e1gya 25 kg sz\u00fcks\u00e9ges hekt\u00e1ronk\u00e9nt?<\/p>\n\n\n<p class=\"wp-block-paragraph\">Ez a talaj megl\u00e9v\u0151 t\u00e1panyag-szintj\u00e9t\u0151l f\u00fcgg, de \u00e1ltal\u00e1nos ir\u00e1nymutat\u00e1sk\u00e9nt a legt\u00f6bb termeszt\u0151 hekt\u00e1ronk\u00e9nt 1-t\u0151l 2 zs\u00e1k 25 kg-os zs\u00e1kot haszn\u00e1l a szok\u00e1sos kukoricatermeszt\u00e9shez. Az \u00fcltet\u00e9s el\u0151tti talajvizsg\u00e1lat seg\u00edthet meghat\u00e1rozni az \u00d6n konkr\u00e9t f\u00f6ldter\u00fclet\u00e9hez sz\u00fcks\u00e9ges pontos mennyis\u00e9get.<\/p>\n\n\n\n<p class=\"wp-block-paragraph\">Haszn\u00e1lhatom ezt a m\u0171tr\u00e1gy\u00e1t a kukoric\u00e1n k\u00edv\u00fcl m\u00e1s n\u00f6v\u00e9nyekhez is?<\/p>\n\n\n<p class=\"wp-block-paragraph\">B\u00e1r a formul\u00e1t kifejezetten kukoric\u00e1ra optimaliz\u00e1lt\u00e1k, m\u00e1s t\u00e1panyagig\u00e9nyes n\u00f6v\u00e9nyek t\u00e1mogat\u00e1s\u00e1ra is alkalmas. A legjobb eredm\u00e9nyek \u00e9s a maxim\u00e1lis hozam\u00fatartal\u00e9k el\u00e9r\u00e9se \u00e9rdek\u00e9ben azonban els\u0151sorban kukoric\u00e1hoz aj\u00e1nljuk a haszn\u00e1lat\u00e1t, ahol kiegyens\u00falyozott t\u00e1panyag-profilja a legszembet\u0171n\u0151bb el\u0151ny\u00f6ket ny\u00fajtja.<\/p>\n\n\n\n<p class=\"wp-block-paragraph\">Mi van, ha nem vagyok el\u00e9gedett a term\u00e9kkel?<\/p>\n\n\n<p class=\"wp-block-paragraph\">Pontosan ez\u00e9rt k\u00edn\u00e1ljuk a el\u00e9gedetts\u00e9gi garanci\u00e1t vagy a p\u00e9nz\u00e9t visszafizetj\u00fck szab\u00e1lyzatunkat. Ha b\u00e1rmilyen okb\u00f3l nem el\u00e9gedett az eredm\u00e9nnyel, egyszer\u0171en l\u00e9pjen kapcsolatba csapatunkkal, \u00e9s mi j\u00f3v\u00e1hagyjuk. Egyetlen m\u00e1s kukorica-m\u0171tr\u00e1gya m\u00e1rka sem k\u00edn\u00e1l ilyen szint\u0171 bizalmat a term\u00e9k\u00e9ben a piacon.<\/p>\n\n\n\n<p class=\"wp-block-paragraph\">Mennyi a sz\u00e1ll\u00edt\u00e1si id\u0151?<\/p>\n\n\n<p class=\"wp-block-paragraph\">Megb\u00edzhat\u00f3 fuvaroz\u00f3kb\u00f3l \u00e1ll\u00f3 nemzetk\u00f6zi h\u00e1l\u00f3zatunknak k\u00f6sz\u00f6nhet\u0151en a legt\u00f6bb rendel\u00e9s gyorsan meg\u00e9rkezik, f\u00fcggetlen\u00fcl att\u00f3l, hogy a vil\u00e1g mely pontj\u00e1n tart\u00f3zkodik. A pontos kisz\u00e1ll\u00edt\u00e1si id\u0151 az \u00d6n pontos tart\u00f3zkod\u00e1si hely\u00e9t\u0151l f\u00fcgg, de el\u0151nyben r\u00e9szes\u00edtj\u00fck a gyorsas\u00e1got, hogy \u00d6n le ne maradjon az \u00fcltet\u00e9si id\u0151szakr\u00f3l.<\/p>\n\n\n\n<p class=\"wp-block-paragraph\">A m\u0171tr\u00e1gy\u00e1t a magok el\u00fcltet\u00e9se \u00e9s be\u00f6nt\u00f6z\u00e9se el\u0151tt vagy ut\u00e1n kell alkalmaznom?<\/p>\n\n\n<p class=\"wp-block-paragraph\">A legjobb eredm\u00e9ny \u00e9rdek\u00e9ben dolgozza be a m\u0171tr\u00e1gy\u00e1t a talajba az el\u0151k\u00e9sz\u00edt\u00e9s sor\u00e1n, m\u00e9g a magok elvet\u00e9se el\u0151tt, majd k\u00f6zvetlen\u00fcl az \u00fcltet\u00e9s ut\u00e1n alaposan \u00f6nt\u00f6zze meg. Ez lehet\u0151v\u00e9 teszi, hogy a t\u00e1panyagok egyenletesen oszoljanak el a gy\u00f6k\u00e9rz\u00f3n\u00e1ban, miel\u0151tt az els\u0151 \u00f6nt\u00f6z\u00e9s le\u00fclepedne a mag k\u00f6r\u00fcli talajon.<\/p>\n\n\n\n<p class=\"wp-block-paragraph\">Seg\u00edthet ez a m\u0171tr\u00e1gya kijav\u00edtani a kukoric\u00e1mon m\u00e1r \u00e9szlelt nitrog\u00e9nhi\u00e1nyt?<\/p>\n\n\n<p class=\"wp-block-paragraph\">Igen, ha a nitrog\u00e9nhi\u00e1ny korai jeleit \u2013 p\u00e9ld\u00e1ul a lev\u00e9lhegyek s\u00e1rgul\u00e1s\u00e1t \u2013 \u00e9szleli, a Ferber Painting 25 kg-os kukorica-m\u0171tr\u00e1gy\u00e1j\u00e1nak ut\u00f3lagos kijuttat\u00e1sa seg\u00edthet a probl\u00e9ma viszonylag gyors orvosl\u00e1s\u00e1ban, b\u00e1r a t\u00fcnetek megjelen\u00e9se ut\u00e1ni korrekci\u00f3 helyett mindig el\u0151ny\u00f6sebb a megfelel\u0151 kezdeti kijuttat\u00e1s r\u00e9v\u00e9n t\u00f6rt\u00e9n\u0151 korai megel\u0151z\u00e9s.<\/p>\n\n\n\n<h2 class=\"wp-block-heading\">K\u00f6vetkeztet\u00e9s<\/h2>\n\n\n\n<p class=\"wp-block-paragraph\">A kukorica sikeres termeszt\u00e9se a megfelel\u0151 id\u0151z\u00edt\u00e9s betart\u00e1s\u00e1n, a helyes \u00fcltet\u00e9si technik\u00e1k alkalmaz\u00e1s\u00e1n, \u00e9s ami a legfontosabb, a talaj olyan m\u0171tr\u00e1gy\u00e1val t\u00f6rt\u00e9n\u0151 t\u00e1pl\u00e1l\u00e1s\u00e1n alapul, amelyet kifejezetten a kukorica egyedi ig\u00e9nyeire terveztek. A talaj el\u0151k\u00e9sz\u00edt\u00e9s\u00e9t\u0151l \u00e9s a megfelel\u0151 t\u0151t\u00e1vols\u00e1g megv\u00e1laszt\u00e1s\u00e1t\u00f3l kezdve az egyenletes \u00f6nt\u00f6z\u00e9sen \u00e1t eg\u00e9szen a m\u0171tr\u00e1gya megfelel\u0151 n\u00f6veked\u00e9si szakaszokban t\u00f6rt\u00e9n\u0151 kijuttat\u00e1s\u00e1ig az \u00fatmutat\u00f3ban le\u00edrt minden egyes l\u00e9p\u00e9s szerepet j\u00e1tszik a v\u00e9gs\u0151 term\u00e9s mennyis\u00e9g\u00e9nek \u00e9s min\u0151s\u00e9g\u00e9nek meghat\u00e1roz\u00e1s\u00e1ban. E l\u00e9p\u00e9sek egyike sem k\u00e9pes azonban teljesen ellens\u00falyozni azt a m\u0171tr\u00e1gy\u00e1t, amely nincs megfelel\u0151en hozz\u00e1igaz\u00edtva a kukorica magas t\u00e1panyagig\u00e9ny\u00e9hez. <a href=\"https:\/\/www.ferberpainting.com\/hu\/products\/corn-fertilizer\/\">Ha k\u00e9szen \u00e1ll arra, hogy kukoricaterm\u00e9s\u00e9nek a lehet\u0151 legjobb indul\u00e1st biztos\u00edtsa ebben a szezonban, rendelje meg m\u00e9g ma a 25 kg-os kukorica-m\u0171tr\u00e1gy\u00e1t a Ferber Painting-t\u0151l, \u00e9s tapasztalja meg, milyen k\u00fcl\u00f6nbs\u00e9get jelent egy el\u00e9gedetts\u00e9gi garanci\u00e1val rendelkez\u0151 term\u00e9k!.<\/a><\/p>","protected":false},"excerpt":{"rendered":"<p>Growing a healthy, productive corn crop is not just about seeds, sunlight, and water. The single most important factor that separates a mediocre harvest from an exceptional one is the quality of the fertilizer you use. Everything depends on choosing the right product, and this is exactly why so many home gardeners and small-scale farmers [&hellip;]<\/p>\n","protected":false},"author":1,"featured_media":285750,"comment_status":"","ping_status":"open","sticky":false,"template":"","format":"standard","meta":{"_uag_custom_page_level_css":"","site-sidebar-layout":"default","site-content-layout":"","ast-site-content-layout":"default","site-content-style":"default","site-sidebar-style":"default","ast-global-header-display":"","ast-banner-title-visibility":"","ast-main-header-display":"","ast-hfb-above-header-display":"","ast-hfb-below-header-display":"","ast-hfb-mobile-header-display":"","site-post-title":"","ast-breadcrumbs-content":"","ast-featured-img":"","footer-sml-layout":"","ast-disable-related-posts":"","theme-transparent-header-meta":"","adv-header-id-meta":"","stick-header-meta":"","header-above-stick-meta":"","header-main-stick-meta":"","header-below-stick-meta":"","astra-migrate-meta-layouts":"default","ast-page-background-enabled":"default","ast-page-background-meta":{"desktop":{"background-color":"var(--ast-global-color-4)","background-image":"","background-repeat":"repeat","background-position":"center center","background-size":"auto","background-attachment":"scroll","background-type":"","background-media":"","overlay-type":"","overlay-color":"","overlay-opacity":"","overlay-gradient":""},"tablet":{"background-color":"","background-image":"","background-repeat":"repeat","background-position":"center center","background-size":"auto","background-attachment":"scroll","background-type":"","background-media":"","overlay-type":"","overlay-color":"","overlay-opacity":"","overlay-gradient":""},"mobile":{"background-color":"","background-image":"","background-repeat":"repeat","background-position":"center center","background-size":"auto","background-attachment":"scroll","background-type":"","background-media":"","overlay-type":"","overlay-color":"","overlay-opacity":"","overlay-gradient":""}},"ast-content-background-meta":{"desktop":{"background-color":"var(--ast-global-color-5)","background-image":"","background-repeat":"repeat","background-position":"center center","background-size":"auto","background-attachment":"scroll","background-type":"","background-media":"","overlay-type":"","overlay-color":"","overlay-opacity":"","overlay-gradient":""},"tablet":{"background-color":"var(--ast-global-color-5)","background-image":"","background-repeat":"repeat","background-position":"center center","background-size":"auto","background-attachment":"scroll","background-type":"","background-media":"","overlay-type":"","overlay-color":"","overlay-opacity":"","overlay-gradient":""},"mobile":{"background-color":"var(--ast-global-color-5)","background-image":"","background-repeat":"repeat","background-position":"center center","background-size":"auto","background-attachment":"scroll","background-type":"","background-media":"","overlay-type":"","overlay-color":"","overlay-opacity":"","overlay-gradient":""}},"footnotes":""},"categories":[1],"tags":[],"class_list":["post-285751","post","type-post","status-publish","format-standard","has-post-thumbnail","hentry","category-general"],"spectra_custom_meta":{"_uagb_previous_block_counts":["a:90:{s:21:\"uagb\/advanced-heading\";i:0;s:15:\"uagb\/blockquote\";i:0;s:12:\"uagb\/buttons\";i:0;s:18:\"uagb\/buttons-child\";i:0;s:19:\"uagb\/call-to-action\";i:0;s:15:\"uagb\/cf7-styler\";i:0;s:11:\"uagb\/column\";i:0;s:12:\"uagb\/columns\";i:0;s:14:\"uagb\/container\";i:0;s:21:\"uagb\/content-timeline\";i:0;s:27:\"uagb\/content-timeline-child\";i:0;s:14:\"uagb\/countdown\";i:0;s:12:\"uagb\/counter\";i:0;s:8:\"uagb\/faq\";i:0;s:14:\"uagb\/faq-child\";i:0;s:10:\"uagb\/forms\";i:0;s:17:\"uagb\/forms-accept\";i:0;s:19:\"uagb\/forms-checkbox\";i:0;s:15:\"uagb\/forms-date\";i:0;s:16:\"uagb\/forms-email\";i:0;s:17:\"uagb\/forms-hidden\";i:0;s:15:\"uagb\/forms-name\";i:0;s:16:\"uagb\/forms-phone\";i:0;s:16:\"uagb\/forms-radio\";i:0;s:17:\"uagb\/forms-select\";i:0;s:19:\"uagb\/forms-textarea\";i:0;s:17:\"uagb\/forms-toggle\";i:0;s:14:\"uagb\/forms-url\";i:0;s:14:\"uagb\/gf-styler\";i:0;s:15:\"uagb\/google-map\";i:0;s:11:\"uagb\/how-to\";i:0;s:16:\"uagb\/how-to-step\";i:0;s:9:\"uagb\/icon\";i:0;s:14:\"uagb\/icon-list\";i:0;s:20:\"uagb\/icon-list-child\";i:0;s:10:\"uagb\/image\";i:0;s:18:\"uagb\/image-gallery\";i:0;s:13:\"uagb\/info-box\";i:0;s:18:\"uagb\/inline-notice\";i:0;s:11:\"uagb\/lottie\";i:0;s:21:\"uagb\/marketing-button\";i:0;s:10:\"uagb\/modal\";i:0;s:18:\"uagb\/popup-builder\";i:0;s:16:\"uagb\/post-button\";i:0;s:18:\"uagb\/post-carousel\";i:0;s:17:\"uagb\/post-excerpt\";i:0;s:14:\"uagb\/post-grid\";i:0;s:15:\"uagb\/post-image\";i:0;s:17:\"uagb\/post-masonry\";i:0;s:14:\"uagb\/post-meta\";i:0;s:18:\"uagb\/post-taxonomy\";i:0;s:18:\"uagb\/post-timeline\";i:0;s:15:\"uagb\/post-title\";i:0;s:20:\"uagb\/restaurant-menu\";i:0;s:26:\"uagb\/restaurant-menu-child\";i:0;s:11:\"uagb\/review\";i:0;s:12:\"uagb\/section\";i:0;s:14:\"uagb\/separator\";i:0;s:11:\"uagb\/slider\";i:0;s:17:\"uagb\/slider-child\";i:0;s:17:\"uagb\/social-share\";i:0;s:23:\"uagb\/social-share-child\";i:0;s:16:\"uagb\/star-rating\";i:0;s:23:\"uagb\/sure-cart-checkout\";i:0;s:22:\"uagb\/sure-cart-product\";i:0;s:15:\"uagb\/sure-forms\";i:0;s:22:\"uagb\/table-of-contents\";i:0;s:9:\"uagb\/tabs\";i:0;s:15:\"uagb\/tabs-child\";i:0;s:18:\"uagb\/taxonomy-list\";i:0;s:9:\"uagb\/team\";i:0;s:16:\"uagb\/testimonial\";i:0;s:14:\"uagb\/wp-search\";i:0;s:19:\"uagb\/instagram-feed\";i:0;s:10:\"uagb\/login\";i:0;s:17:\"uagb\/loop-builder\";i:0;s:18:\"uagb\/loop-category\";i:0;s:20:\"uagb\/loop-pagination\";i:0;s:15:\"uagb\/loop-reset\";i:0;s:16:\"uagb\/loop-search\";i:0;s:14:\"uagb\/loop-sort\";i:0;s:17:\"uagb\/loop-wrapper\";i:0;s:13:\"uagb\/register\";i:0;s:19:\"uagb\/register-email\";i:0;s:24:\"uagb\/register-first-name\";i:0;s:23:\"uagb\/register-last-name\";i:0;s:22:\"uagb\/register-password\";i:0;s:30:\"uagb\/register-reenter-password\";i:0;s:19:\"uagb\/register-terms\";i:0;s:22:\"uagb\/register-username\";i:0;}"],"_thumbnail_id":["285750"],"_uag_css_file_name":["uag-css-285751.css"],"_elementor_page_assets":["a:0:{}"]},"uagb_featured_image_src":{"full":["https:\/\/www.ferberpainting.com\/wp-content\/uploads\/2026\/09\/comment-et-quand-planter-du-ma-s.jpg",867,650,false],"thumbnail":["https:\/\/www.ferberpainting.com\/wp-content\/uploads\/2026\/09\/comment-et-quand-planter-du-ma-s-150x150.jpg",150,150,true],"medium":["https:\/\/www.ferberpainting.com\/wp-content\/uploads\/2026\/09\/comment-et-quand-planter-du-ma-s-300x225.jpg",300,225,true],"medium_large":["https:\/\/www.ferberpainting.com\/wp-content\/uploads\/2026\/09\/comment-et-quand-planter-du-ma-s-768x576.jpg",768,576,true],"large":["https:\/\/www.ferberpainting.com\/wp-content\/uploads\/2026\/09\/comment-et-quand-planter-du-ma-s.jpg",867,650,false],"1536x1536":["https:\/\/www.ferberpainting.com\/wp-content\/uploads\/2026\/09\/comment-et-quand-planter-du-ma-s.jpg",867,650,false],"2048x2048":["https:\/\/www.ferberpainting.com\/wp-content\/uploads\/2026\/09\/comment-et-quand-planter-du-ma-s.jpg",867,650,false],"trp-custom-language-flag":["https:\/\/www.ferberpainting.com\/wp-content\/uploads\/2026\/09\/comment-et-quand-planter-du-ma-s-16x12.jpg",16,12,true],"woocommerce_thumbnail":["https:\/\/www.ferberpainting.com\/wp-content\/uploads\/2026\/09\/comment-et-quand-planter-du-ma-s-300x300.jpg",300,300,true],"woocommerce_single":["https:\/\/www.ferberpainting.com\/wp-content\/uploads\/2026\/09\/comment-et-quand-planter-du-ma-s-600x450.jpg",600,450,true],"woocommerce_gallery_thumbnail":["https:\/\/www.ferberpainting.com\/wp-content\/uploads\/2026\/09\/comment-et-quand-planter-du-ma-s-100x100.jpg",100,100,true]},"uagb_author_info":{"display_name":"admin","author_link":"https:\/\/www.ferberpainting.com\/hu\/blog\/author\/admin2721\/"},"uagb_comment_info":0,"uagb_excerpt":"Growing a healthy, productive corn crop is not just about seeds, sunlight, and water. The single most important factor that separates a mediocre harvest from an exceptional one is the quality of the fertilizer you use. Everything depends on choosing the right product, and this is exactly why so many home gardeners and small-scale farmers&hellip;","_links":{"self":[{"href":"https:\/\/www.ferberpainting.com\/hu\/wp-json\/wp\/v2\/posts\/285751","targetHints":{"allow":["GET"]}}],"collection":[{"href":"https:\/\/www.ferberpainting.com\/hu\/wp-json\/wp\/v2\/posts"}],"about":[{"href":"https:\/\/www.ferberpainting.com\/hu\/wp-json\/wp\/v2\/types\/post"}],"author":[{"embeddable":true,"href":"https:\/\/www.ferberpainting.com\/hu\/wp-json\/wp\/v2\/users\/1"}],"replies":[{"embeddable":true,"href":"https:\/\/www.ferberpainting.com\/hu\/wp-json\/wp\/v2\/comments?post=285751"}],"version-history":[{"count":0,"href":"https:\/\/www.ferberpainting.com\/hu\/wp-json\/wp\/v2\/posts\/285751\/revisions"}],"wp:featuredmedia":[{"embeddable":true,"href":"https:\/\/www.ferberpainting.com\/hu\/wp-json\/wp\/v2\/media\/285750"}],"wp:attachment":[{"href":"https:\/\/www.ferberpainting.com\/hu\/wp-json\/wp\/v2\/media?parent=285751"}],"wp:term":[{"taxonomy":"category","embeddable":true,"href":"https:\/\/www.ferberpainting.com\/hu\/wp-json\/wp\/v2\/categories?post=285751"},{"taxonomy":"post_tag","embeddable":true,"href":"https:\/\/www.ferberpainting.com\/hu\/wp-json\/wp\/v2\/tags?post=285751"}],"curies":[{"name":"wp","href":"https:\/\/api.w.org\/{rel}","templated":true}]}}