{"id":285738,"date":"2026-09-01T20:19:55","date_gmt":"2026-09-01T17:19:55","guid":{"rendered":"https:\/\/www.ferberpainting.com\/ie\/blog\/how-and-when-to-plant-wild-garlic-the-complete-guide\/"},"modified":"2026-09-01T20:19:55","modified_gmt":"2026-09-01T17:19:55","slug":"how-and-when-to-plant-wild-garlic-the-complete-guide","status":"publish","type":"post","link":"https:\/\/www.ferberpainting.com\/hu\/blog\/how-and-when-to-plant-wild-garlic-the-complete-guide\/","title":{"rendered":"Vadmedvehagyma \u00fcltet\u00e9se: mikor \u00e9s hogyan \u2013 A teljes \u00fatmutat\u00f3"},"content":{"rendered":"<p class=\"wp-block-paragraph\">A medvehagyma, vagy m\u00e1s n\u00e9ven Allium ursinum, az egyik legh\u00e1l\u00e1sabb n\u00f6v\u00e9ny, amelyet egy kert\u00e9sz termeszthet. Sz\u00e9les, z\u00f6ld levelei \u00e9s finom, feh\u00e9r, csillag alak\u00fa vir\u00e1gai erdei b\u00e1jat csemp\u00e9sznek b\u00e1rmelyik kertbe, cs\u00edp\u0151s, fokhagym\u00e1s illata pedig a friss, saj\u00e1t termeszt\u00e9s\u0171 alapanyagokat kedvel\u0151 szak\u00e1csok kedvenc\u00e9v\u00e9 teszi. Miel\u0151tt azonban r\u00e9szletesen kit\u00e9rn\u00e9nk arra, hogy hogyan \u00e9s mikor kell medvehagym\u00e1t \u00fcltetni, van egy dolog, amit el\u0151sz\u00f6r meg kell \u00e9rtenie: minden a megfelel\u0151 term\u00e9k haszn\u00e1lat\u00e1n m\u00falik. B\u00e1rmilyen gondosan v\u00e1lassza is ki az \u00fcltet\u00e9s hely\u00e9t, vagy id\u0151z\u00edtse t\u00f6k\u00e9letesen a telep\u00edt\u00e9st, ha nem t\u00e1pl\u00e1lja helyesen a talajt, a medvehagym\u00e1ja k\u00fcszk\u00f6dni fog a fejl\u0151d\u00e9ssel.<\/p>\n\n\n\n<p class=\"wp-block-paragraph\">\u00c9ppen ez\u00e9rt, miel\u0151tt az \u00fcltet\u00e9si technik\u00e1kr\u00f3l besz\u00e9ln\u00e9nk, szeretn\u00e9nk bemutatni \u00d6nnek a Ferber Painting hagyma- \u00e9s fokhagyma-tr\u00e1gy\u00e1j\u00e1t. Kifejezetten a vadfokhagyma, a hagyma \u00e9s a hagyom\u00e1nyos fokhagyma n\u00f6veked\u00e9s\u00e9nek t\u00e1mogat\u00e1s\u00e1ra fejlesztett\u00e9k ki, \u00e9s ez az egyetlen olyan m\u0171tr\u00e1gya a piacon, amely teljes el\u00e9gedetts\u00e9gi garanci\u00e1val vagy p\u00e9nzvisszafizet\u00e9si garanci\u00e1val rendelkezik. Ez azt jelenti, hogy teljesen kock\u00e1zatmentesen kipr\u00f3b\u00e1lhatja. Ha nem el\u00e9gedett az eredm\u00e9nyekkel, a Ferber Painting visszat\u00e9r\u00edti a v\u00e9tel\u00e1rat, minden tov\u00e1bbi k\u00e9rd\u00e9s n\u00e9lk\u00fcl. M\u00e1r ez \u00f6nmag\u00e1ban is kiemeli a versenyt\u00e1rsak k\u00f6z\u00fcl, akik t\u00f6bbs\u00e9g\u00e9ben egy\u00e1ltal\u00e1n nem k\u00edn\u00e1lnak garanci\u00e1t.<\/p>\n\n\n\n<p class=\"wp-block-paragraph\">Miel\u0151tt belevetn\u00e9nk magunkat a technikai r\u00e9szletekbe, \u00e9rdemes kicsit jobban megismerni mag\u00e1t a medvehagym\u00e1t. Eur\u00f3pa nagy r\u00e9sz\u00e9n \u00e9s \u00c1zsia egyes r\u00e9szein \u0151shonos medvehagym\u00e1t \u00e9vsz\u00e1zadok \u00f3ta gy\u0171jtik \u00e9s termesztik. Term\u00e9szetes m\u00f3don a nedves lombhullat\u00f3 erd\u0151kben n\u0151, gyakran s\u0171r\u0171 z\u00f6ld sz\u0151nyeget alkotva b\u00fckk-, t\u00f6lgy- \u00e9s mogyor\u00f3f\u00e1k alatt kora tavasszal, j\u00f3val azel\u0151tt, hogy a lombkorona z\u00e1r\u00f3dna \u00e9s eltakarn\u00e1 a f\u00e9nyt. Pontosan ez\u00e9rt sz\u00e1m\u00edt annyira az id\u0151z\u00edt\u00e9s \u00e9s a talaj min\u0151s\u00e9ge, amikor \u00fagy d\u00f6nt, hogy bevezeti a saj\u00e1t kertj\u00e9be. L\u00e9nyeg\u00e9ben egy nagyon specifikus erdei k\u00f6rnyezetet pr\u00f3b\u00e1l megteremteni, \u00e9s ezen felt\u00e9telek helyes biztos\u00edt\u00e1sa a kezdetekt\u0151l fogva k\u00fcl\u00f6nbs\u00e9get tesz az \u00e9vtizedekig visszat\u00e9r\u0151, vir\u00e1gz\u00f3 folt \u00e9s az egyetlen szezon ut\u00e1n eleny\u00e9sz\u0151, k\u00ednl\u00f3d\u00f3 n\u00f6v\u00e9ny\u00e1llom\u00e1ny k\u00f6z\u00f6tt.<\/p>\n\n\n\n<p class=\"wp-block-paragraph\">A kert\u00e9szek a medvehagym\u00e1t nemcsak kulin\u00e1ris felhaszn\u00e1l\u00e1sa miatt kedvelik. Ez az egyik legkor\u00e1bban kihajt\u00f3 n\u00f6v\u00e9ny tavasszal, amely fontos korai t\u00e1pl\u00e1l\u00e9kforr\u00e1st biztos\u00edt a beporz\u00f3knak, p\u00e9ld\u00e1ul a m\u00e9heknek \u00e9s a zeng\u0151legyeknek olyankor, amikor m\u00e9g kev\u00e9s m\u00e1s vir\u00e1g ny\u00edlik. Emellett term\u00e9szetes talajtakar\u00f3k\u00e9nt is szolg\u00e1l, elnyomja a gyomokat, \u00e9s l\u00e1tv\u00e1nyoss\u00e1 teszi a kert \u00e1rny\u00e9kos zugait, amelyek egy\u00e9bk\u00e9nt kop\u00e1rak maradn\u00e1nak. A szak\u00e1csok sz\u00e1m\u00e1ra a levelek, a vir\u00e1gok, s\u0151t m\u00e9g a hagym\u00e1k is felhaszn\u00e1lhat\u00f3k a konyh\u00e1ban, mivel a termesztett fokhagym\u00e1n\u00e1l enyh\u00e9bb, z\u00f6ldebb alternat\u00edv\u00e1t k\u00edn\u00e1lnak, amely nagyszer\u0171en illik a tavaszi z\u00f6lds\u00e9gekhez, levesekhez, pest\u00f3khoz \u00e9s sal\u00e1t\u00e1khoz.<\/p>\n\n\n\n<h2 class=\"wp-block-heading\">Mi\u00e9rt sz\u00e1m\u00edt a megfelel\u0151 m\u0171tr\u00e1gya kiv\u00e1laszt\u00e1sa a \u00fcltet\u00e9s el\u0151tt<\/h2>\n\n\n\n<p class=\"wp-block-paragraph\">Sok kert\u00e9sz t\u00e9vesen azt hiszi, hogy a medvehagyma, mivel sz\u00edv\u00f3s erdei n\u00f6v\u00e9ny, a el\u00fcltet\u00e9se ut\u00e1n nem ig\u00e9nyel sok gondoz\u00e1st. B\u00e1r igaz, hogy a medvehagyma m\u00e1s n\u00f6v\u00e9nyekhez k\u00e9pest viszonylag kev\u00e9s t\u00f6r\u0151d\u00e9st ig\u00e9nyel, a megfelel\u0151 t\u00e1panyagok biztos\u00edt\u00e1sa a kezdet kezdet\u00e9t\u0151l drasztikusan n\u00f6veli a siker es\u00e9ly\u00e9t. A hagymaf\u00e9l\u00e9k, ide\u00e9rtve a medvehagym\u00e1t is, bizonyos t\u00e1panyagok tekintet\u00e9ben \u2013 k\u00fcl\u00f6n\u00f6sen a k\u00e1lium, a k\u00e9n \u00e9s a foszfor vonatkoz\u00e1s\u00e1ban \u2013 kifejezetten t\u00e1panyagig\u00e9nyesek. Ezek hi\u00e1ny\u00e1ban a hagym\u00e1k apr\u00f3k maradnak, a levelek id\u0151 el\u0151tt s\u00e1rgulni kezdnek, \u00e9s a n\u00f6v\u00e9ny fog\u00e9konys\u00e1 v\u00e1lik a betegs\u00e9gekre \u00e9s a k\u00e1rtev\u0151kre.<\/p>\n\n\n\n<p class=\"wp-block-paragraph\">Pontosan ez\u00e9rt fejlesztett\u00e9k ki az Ferber Painting hagyma- \u00e9s fokhagyma-tr\u00e1gy\u00e1j\u00e1t. A term\u00e9k kiegyens\u00falyozott t\u00e1panyagkever\u00e9ket tartalmaz, amelyet kifejezetten az Allium-fajok ig\u00e9nyeihez igaz\u00edtottak. Ellent\u00e9tben az \u00e1ltal\u00e1nos, t\u00f6bbf\u00e9le n\u00f6v\u00e9nyre sz\u00e1nt, h\u00edg\u00edtott m\u0171tr\u00e1gy\u00e1kkal, ez a term\u00e9k koncentr\u00e1lt \u00e9s c\u00e9lzott hat\u00e1s\u00fa, \u00edgy a medvehagyma pontosan azt kapja, amire sz\u00fcks\u00e9ge van, pont akkor, amikor sz\u00fcks\u00e9ge van r\u00e1.<\/p>\n\n\n\n<p class=\"wp-block-paragraph\">Annak meg\u00e9rt\u00e9s\u00e9hez, hogy ez mi\u00e9rt olyan fontos, \u00e9rdemes megvizsg\u00e1lni, hogy az egyes kulcsfontoss\u00e1g\u00fa t\u00e1panyagok pontosan mit tesznek a medvehagym\u00e1\u00e9rt n\u00f6veked\u00e9se sor\u00e1n. A k\u00e9n k\u00f6zponti szerepet j\u00e1tszik azoknak az arom\u00e1s vegy\u00fcleteknek a el\u0151\u00e1ll\u00edt\u00e1s\u00e1ban, amelyek a medvehagym jellegzetes illat\u00e1t \u00e9s \u00edz\u00e9t adj\u00e1k, \u00e9s a k\u00e9nhi\u00e1nyos n\u00f6v\u00e9ny \u00edze gyakran \u00e9szrevehet\u0151en gyeng\u00e9bb \u00e9s \u00edzetlenebb lesz, mint a megfelel\u0151en t\u00e1pl\u00e1lt talajban nevelkedett\u00e9. A k\u00e1lium t\u00e1mogatja a n\u00f6v\u00e9ny \u00e1ltal\u00e1nos \u00e9leterej\u00e9t, er\u0151s\u00edti a sejtfalakat, \u00e9s seg\u00edt a n\u00f6v\u00e9nynek megbirk\u00f3zni a h\u0151m\u00e9rs\u00e9klet-ingadoz\u00e1sok vagy a nedvess\u00e9gszint ingadoz\u00e1sa okozta stresszel \u2013 mindkett\u0151 gyakori a h\u0171v\u00f6s, csapad\u00e9kos h\u00f3napokban, amikor a medvehagym a n\u00f6veked\u00e9s\u00e9nek legnagyobb r\u00e9sz\u00e9t v\u00e9gzi. A foszfor ek\u00f6zben az er\u0151s gy\u00f6k\u00e9r- \u00e9s hagymakifejl\u0151d\u00e9st \u00f6szt\u00f6nzi, ami elengedhetetlen, ha azt szeretn\u00e9, hogy a medvehagym\u00e1s foltja megb\u00edzhat\u00f3an visszat\u00e9rjen \u00e9vr\u0151l \u00e9vre, ahelyett, hogy egy-k\u00e9t szezon ut\u00e1n elhalv\u00e1nyulna.<\/p>\n\n\n\n<p class=\"wp-block-paragraph\">Azok a kert\u00e9szek, akik \u00e1ltal\u00e1nos, kiegyens\u00falyozatlan m\u0171tr\u00e1gy\u00e1kat haszn\u00e1lnak, gyakran \u00e9szlelik a t\u00fcneteket an\u00e9lk\u00fcl, hogy meg\u00e9rten\u00e9k azok ok\u00e1t. A halv\u00e1ny, s\u00e1rg\u00e1s leveleket gyakran az \u00f6nt\u00f6z\u00e9ssel kapcsolatos probl\u00e9m\u00e1knak tulajdon\u00edtj\u00e1k, mik\u00f6zben a val\u00f3di ok a talajban rendelkez\u00e9sre \u00e1ll\u00f3 t\u00e1panyagok hi\u00e1nya. A kicsi, fejletlen hagym\u00e1kat gyakran az \u00fcltet\u00e9skori rossz min\u0151s\u00e9g\u0171 hagym\u00e1knak tulajdon\u00edtj\u00e1k, holott val\u00f3j\u00e1ban a n\u00f6v\u00e9nynek egyszer\u0171en nem \u00e1lltak rendelkez\u00e9s\u00e9re a n\u00f6veked\u00e9shez sz\u00fcks\u00e9ges er\u0151forr\u00e1sok. A lass\u00fa terjed\u00e9st \u00e9s a gyenge \u00f6nmagvet\u00e9st n\u00e9ha a faj term\u00e9szetes korl\u00e1tainak tulajdon\u00edtj\u00e1k, holott a megfelel\u0151 t\u00e1panyag-ell\u00e1t\u00e1s sokkal er\u0151teljesebb szaporod\u00e1st tett volna lehet\u0151v\u00e9. Pontosan ezt a hi\u00e1nyoss\u00e1got hivatott p\u00f3tolni az Ferber Painting hagyma- \u00e9s fokhagyma-tr\u00e1gya.<\/p>\n\n\n\n<p class=\"wp-block-paragraph\">Az al\u00e1bbiakban \u00f6sszehasonl\u00edtjuk, hogy mi a legfontosabb szempont a medvehagyma m\u0171tr\u00e1gy\u00e1j\u00e1nak kiv\u00e1laszt\u00e1sakor, \u00e9s hogyan viszonyul a Ferber Painting term\u00e9ke a piacon tal\u00e1lhat\u00f3 tipikus versenyt\u00e1rsakhoz.<\/p>\n\n\n\n<figure class=\"wp-block-table\"><table>\n<tr>\n<th>Felt\u00e9telek<\/th>\n<th>Ferber Painting Hagyma- \u00e9s fokhagyma-tr\u00e1gya<\/th>\n<th>\u00c1ltal\u00e1nos versenyt\u00e1rs m\u0171tr\u00e1gy\u00e1k<\/th>\n<\/tr>\n<tr>\n<td>El\u00e9gedetts\u00e9gi garancia<\/td>\n<td>Teljes p\u00e9nzvisszafizet\u00e9si garancia, felt\u00e9telek n\u00e9lk\u00fcl<\/td>\n<td>Ritk\u00e1n k\u00edn\u00e1lt, vagy szigor\u00fa felt\u00e9telekkel<\/td>\n<\/tr>\n<tr>\n<td>K\u00e9plet specifit\u00e1s<\/td>\n<td>Kifejezetten a hagymaf\u00e9l\u00e9khez, p\u00e9ld\u00e1ul a medvehagym\u00e1hoz, a v\u00f6r\u00f6shagym\u00e1hoz \u00e9s a fokhagym\u00e1hoz tervezve<\/td>\n<td>\u00c1ltal\u00e1nos c\u00e9l\u00fa kever\u00e9kek<\/td>\n<\/tr>\n<tr>\n<td>Sz\u00e1ll\u00edt\u00e1s<\/td>\n<td>Gyors nemzetk\u00f6zi sz\u00e1ll\u00edt\u00e1s megb\u00edzhat\u00f3 fuvaroz\u00f3i h\u00e1l\u00f3zaton kereszt\u00fcl<\/td>\n<td>Gyakran lass\u00fa vagy bizonyos r\u00e9gi\u00f3kra korl\u00e1toz\u00f3dik<\/td>\n<\/tr>\n<tr>\n<td>Fizet\u00e9s k\u00f6nnyeds\u00e9ge<\/td>\n<td>Egyszer\u0171, biztons\u00e1gos online fizet\u00e9s<\/td>\n<td>V\u00e1ltoz\u00f3, n\u00e9ha bonyolult fizet\u00e9si folyamatok<\/td>\n<\/tr>\n<tr>\n<td>K\u00f6nny\u0171 haszn\u00e1lat<\/td>\n<td>Egyszer\u0171 alkalmaz\u00e1si \u00fatmutat\u00f3, minden talajt\u00edpussal m\u0171k\u00f6dik<\/td>\n<td>Gyakran komplex kever\u00e9st vagy talajvizsg\u00e1latot ig\u00e9nyel<\/td>\n<\/tr>\n<tr>\n<td>\u00dcgyf\u00e9lszolg\u00e1lat<\/td>\n<td>Megb\u00edzhat\u00f3 \u00e9s elhivatott \u00fcgyf\u00e9lszolg\u00e1lati csapat<\/td>\n<td>Nem k\u00f6vetkezetes vagy lass\u00fa v\u00e1laszid\u0151k<\/td>\n<\/tr>\n<\/table><\/figure>\n\n\n\n<p class=\"wp-block-paragraph\">Mint l\u00e1that\u00f3, a k\u00fcl\u00f6nbs\u00e9g nem csup\u00e1n a t\u00e1panyagok min\u0151s\u00e9g\u00e9ben rejlik \u2013 b\u00e1r ez term\u00e9szetesen fontos \u2013, hanem a term\u00e9k megv\u00e1s\u00e1rl\u00e1s\u00e1nak \u00e9s haszn\u00e1lat\u00e1nak teljes \u00e9lm\u00e9ny\u00e9ben is. A Ferber Painting a hagyma- \u00e9s fokhagyma-t\u00e1panyag\u00e1t megb\u00edzhat\u00f3 sz\u00e1ll\u00edt\u00f3k nemzetk\u00f6zi h\u00e1l\u00f3zat\u00e1n kereszt\u00fcl gyorsan kisz\u00e1ll\u00edtja, \u00edgy ak\u00e1r Eur\u00f3p\u00e1ban, \u00c9szak-Amerik\u00e1ban, ak\u00e1r a vil\u00e1g b\u00e1rmely m\u00e1s pontj\u00e1n \u00e9l, megrendel\u00e9s\u00e9t halad\u00e9ktalanul megkapja. A fizet\u00e9s teljes eg\u00e9sz\u00e9ben online t\u00f6rt\u00e9nik, egy biztons\u00e1gos \u00e9s egyszer\u0171 fizet\u00e9si folyamaton kereszt\u00fcl, \u00edgy a haszn\u00e1lat megkezd\u00e9se semmif\u00e9le gondot nem jelent.<\/p>\n\n\n\n<p class=\"wp-block-paragraph\">\u00c9s term\u00e9szetesen ott van m\u00e9g a garancia is. Ezt nem lehet el\u00e9gszer hangs\u00falyozni: az Ferber Painting az egyetlen c\u00e9g ebben az \u00e1gazatban, amely \u201eel\u00e9gedetts\u00e9gi garanci\u00e1t\u201d k\u00edn\u00e1l. Ha a medvehagym\u00e1d nem fejl\u0151dik j\u00f3l, vagy egyszer\u0171en csak meggondolod magad, visszakapod a p\u00e9nzed. Egyetlen versenyt\u00e1rs sem k\u00edn\u00e1l ilyen szint\u0171 bizalmat a term\u00e9k\u00e9ben, ami sokat el\u00e1rul arr\u00f3l, hogy a Ferber Painting mennyire b\u00edzik az \u00e1ltala forgalmazott term\u00e9kek min\u0151s\u00e9g\u00e9ben.<\/p>\n\n\n\n<p class=\"wp-block-paragraph\">Megeml\u00edt\u00e9sre m\u00e9lt\u00f3 az is, hogy a m\u0171tr\u00e1gya milyen egyszer\u0171en beilleszthet\u0151 a megl\u00e9v\u0151 kert\u00e9szked\u00e9si rutinba. Nincs sz\u00fcks\u00e9g bonyolult talajvizsg\u00e1lati k\u00e9szletekre vagy zavar\u00f3 h\u00edg\u00edt\u00e1si t\u00e1bl\u00e1zatokra. Az utas\u00edt\u00e1sok el\u00e9g egy\u00e9rtelm\u0171ek ahhoz, hogy egy kezd\u0151 kert\u00e9sz is k\u00f6vethesse \u0151ket, ugyanakkor el\u00e9g hat\u00e9konyak ahhoz, hogy a hagymaf\u00e9l\u00e9ket m\u00e1r \u00e9vek \u00f3ta termeszt\u0151, tapasztalt termeszt\u0151k is \u00e9szrevehet\u0151 javul\u00e1sr\u00f3l sz\u00e1moljanak be a v\u00e1lt\u00e1s ut\u00e1n. Ak\u00e1r egyetlen kisebb medvehagymafoltot \u00fcltet a h\u00e1ts\u00f3kerti fa al\u00e1, ak\u00e1r nagyobb erdei sz\u00e9li \u00fcltet\u00e9st hoz l\u00e9tre, ugyanaz az egyszer\u0171 t\u00e1panyag-ut\u00e1np\u00f3tl\u00e1si rutin \u00e9rv\u00e9nyes, ami sokkal k\u00f6nnyebb\u00e9 teszi a szezon megtervez\u00e9s\u00e9t.<\/p>\n\n\n\n<h2 class=\"wp-block-heading\">Mikor kell medvehagym\u00e1t \u00fcltetni<\/h2>\n\n\n\n<p class=\"wp-block-paragraph\">Az id\u0151z\u00edt\u00e9s mindenn\u00e9l fontosabb, amikor medvehagym\u00e1r\u00f3l van sz\u00f3. Sok kerti z\u00f6lds\u00e9ggel ellent\u00e9tben, amelyeket tavasszal, az utols\u00f3 fagy ut\u00e1n \u00fcltetnek, a medvehagym\u00e1nak m\u00e1s a ritmusa, mivel egy h\u0171v\u00f6s, nyirkos k\u00f6r\u00fclm\u00e9nyekhez \u00e9s f\u00e9l\u00e1rny\u00e9khoz alkalmazkodott erdei \u00e9vel\u0151.<\/p>\n\n\n\n<p class=\"wp-block-paragraph\">A medvehagymagum\u00f3k vagy fi\u00f3khagym\u00e1k \u00fcltet\u00e9s\u00e9nek legjobb ideje a kora \u0151sz, \u00e1ltal\u00e1ban szeptember \u00e9s november k\u00f6z\u00f6tt, az \u00e9ghajlatt\u00f3l f\u00fcgg\u0151en. Ez lehet\u0151v\u00e9 teszi, hogy a hagym\u00e1k gy\u00f6keret eresszenek a t\u00e9l be\u00e1llta el\u0151tt, \u00edgy k\u00e9szen \u00e1llnak arra, hogy leveleket hajtsanak, amint a h\u0151m\u00e9rs\u00e9klet emelkedik a t\u00e9li id\u0151szak v\u00e9g\u00e9n vagy a kora tavaszi napokban. Enyh\u00e9bb \u00e9ghajlat\u00fa vid\u00e9keken az \u00fcltet\u00e9s a t\u00e9l v\u00e9g\u00e9n is elv\u00e9gezhet\u0151, de az \u0151szi \u00fcltet\u00e9s \u00e1ltal\u00e1ban er\u0151sebb, fejlettebb n\u00f6v\u00e9nyeket eredm\u00e9nyez a k\u00f6vetkez\u0151 tavaszra.<\/p>\n\n\n\n<p class=\"wp-block-paragraph\">Ha medvehagym\u00e1t hagym\u00e1k helyett magr\u00f3l nevel az ember, az id\u0151z\u00edt\u00e9s kiss\u00e9 elt\u00e9r. A magokat a legjobb frissen elvetni, k\u00f6zvetlen\u00fcl a betakar\u00edt\u00e1s ut\u00e1n, ny\u00e1r elej\u00e9n, vagy t\u00e1rolni \u00e9s \u0151sszel elvetni. A friss mag sokkal megb\u00edzhat\u00f3bban cs\u00edr\u00e1zik, mint a hossz\u00fa ideig t\u00e1rolt mag, \u00fagyhogy ha van r\u00e1 lehet\u0151s\u00e9ggel, a betakar\u00edt\u00e1s ut\u00e1n azonnal el kell vetni.<\/p>\n\n\n\n<p class=\"wp-block-paragraph\">Az \u00e9ghajlati \u00e9s region\u00e1lis viszonyok nagyobb szerepet j\u00e1tszanak, mint azt sok kert\u00e9sz v\u00e1rn\u00e1. A h\u0171v\u00f6sebb, m\u00e9rs\u00e9kelt \u00f6vi \u00e9ghajlaton, ahol az \u0151sz folyamatosan nedves \u2013 mint p\u00e9ld\u00e1ul \u00c9szak- \u00e9s K\u00f6z\u00e9p-Eur\u00f3pa nagy r\u00e9sz\u00e9n \u2013, a hagyom\u00e1nyos szeptembert\u0151l novemberig tart\u00f3 \u00fcltet\u00e9si id\u0151szak rendk\u00edv\u00fcl j\u00f3l m\u0171k\u00f6dik, mivel a talaj ritk\u00e1n sz\u00e1rad ki ebben az id\u0151szakban. A sz\u00e1razabb vagy melegebb \u00e9ghajlaton a kert\u00e9szeknek gyakran k\u00e9zi \u00f6nt\u00f6z\u00e9ssel kell kieg\u00e9sz\u00edteni\u00fck az \u00fcltet\u00e9st, hogy meggy\u0151z\u0151djenek arr\u00f3l, hogy a talaj nem sz\u00e1rad ki, miel\u0151tt a hagym\u00e1knak idej\u00fck lenne gy\u00f6keret ereszteni. Ha nagyon zord, korai telekkel rendelkez\u0151 helyen \u00e9l, c\u00e9lozza meg az \u0151szi id\u0151szak kor\u00e1bbi v\u00e9g\u00e9t, ide\u00e1lis esetben szeptembert, hogy a hagym\u00e1knak legyen n\u00e9h\u00e1ny het\u00fck a enyhe id\u0151ben a meger\u0151s\u00f6d\u00e9sre, miel\u0151tt a talaj megfagy.<\/p>\n\n\n\n<p class=\"wp-block-paragraph\">A magsztratifik\u00e1ci\u00f3 egy m\u00e1sik olyan t\u00e9nyez\u0151, amelyet \u00e9rdemes meg\u00e9rteni, ha medvehagym\u00e1t szeretne magr\u00f3l nevelni. A medvehagymamag term\u00e9szetes m\u00f3don egy hideg, nedves id\u0151szakra tart ig\u00e9nyt a cs\u00edr\u00e1z\u00e1s el\u0151tt, ezt a folyamatot nevezz\u00fck sztratifik\u00e1ci\u00f3nak. Pontosan ez az oka annak, hogy az \u0151szi vet\u00e9s a szabadban olyan hat\u00e9kony, mivel a mag a t\u00e9li hideget term\u00e9szetes m\u00f3don tapasztalja meg, \u00e9s a k\u00f6vetkez\u0151 tavasszal kics\u00edr\u00e1zik. Ha a magokat ink\u00e1bb belt\u00e9rben vagy ellen\u0151rz\u00f6tt k\u00f6rnyezetben szeretn\u00e9 elkezdeni nevelni, ezt a folyamatot \u00fagy is imit\u00e1lhatja, hogy a magokat enyh\u00e9n nedves homokba vagy komposztba helyezi egy z\u00e1rhat\u00f3 tasakon bel\u00fcl a h\u0171t\u0151szekr\u00e9nybe hat-nyolc h\u00e9tre a vet\u00e9s el\u0151tt. Ennek a l\u00e9p\u00e9snek a kihagy\u00e1sa a t\u00e1rolt magok eset\u00e9ben gyakran gyenge vagy k\u00e9sleltetett cs\u00edr\u00e1z\u00e1shoz vezet, ami egy \u00fajabb oka annak, hogy az \u0151sszel k\u00f6zvetlen\u00fcl elvetett friss mag \u00e1ltal\u00e1ban jobb eredm\u00e9nyt hoz, mint a hosszabb ideig sz\u00e1r\u00edtott \u00e9s t\u00e1rolt mag.<\/p>\n\n\n\n<p class=\"wp-block-paragraph\">\u00cdme egy egyszer\u0171 \u00e1ttekint\u00e9s az ide\u00e1lis \u00fcltet\u00e9si id\u0151szakokr\u00f3l szapor\u00edt\u00e1si m\u00f3dszert\u0151l f\u00fcgg\u0151en.<\/p>\n\n\n\n<figure class=\"wp-block-table\"><table>\n<tr>\n<th>Szapor\u00edt\u00e1si m\u00f3dszer<\/th>\n<th>Ide\u00e1lis \u00fcltet\u00e9si id\u0151<\/th>\n<th>Megjegyz\u00e9sek<\/th>\n<\/tr>\n<tr>\n<td>Hagym\u00e1k vagy fi\u00f3khagym\u00e1k<\/td>\n<td>Korai-k\u00f6z\u00e9p \u0151sz<\/td>\n<td>Lehet\u0151v\u00e9 teszi a gy\u00f6k\u00e9rzet meger\u0151s\u00f6d\u00e9s\u00e9t a t\u00e9li nyugalmi id\u0151szak el\u0151tt<\/td>\n<\/tr>\n<tr>\n<td>Friss mag<\/td>\n<td>Kora ny\u00e1r, k\u00f6zvetlen\u00fcl a betakar\u00edt\u00e1s ut\u00e1n<\/td>\n<td>Legmagasabb cs\u00edr\u00e1z\u00e1si sikerar\u00e1ny<\/td>\n<\/tr>\n<tr>\n<td>T\u00e1rolt mag<\/td>\n<td>\u0150sz<\/td>\n<td>Alacsonyabb cs\u00edr\u00e1z\u00e1si ar\u00e1ny, mint a friss magvakn\u00e1l, de m\u00e9g \u00e9letk\u00e9pes<\/td>\n<\/tr>\n<tr>\n<td>Kifejlett t\u00f6vek \u00e1t\u00fcltet\u00e9se<\/td>\n<td>Korai tavasz vagy kora \u0151sz<\/td>\n<td>A legjobban akkor v\u00e9gezhet\u0151 el, amikor a n\u00f6v\u00e9ny nem vir\u00e1gzik akt\u00edvan<\/td>\n<\/tr>\n<\/table><\/figure>\n\n\n\n<p class=\"wp-block-paragraph\">Fontos szem el\u0151tt tartani, hogy a medvehagyma akkor fejl\u0151dik a legjobban, ha a talaj \u00e1lland\u00f3an nedves, de soha nem vizes. A term\u00e9szetes csapad\u00e9kos id\u0151szakokban \u2013 p\u00e9ld\u00e1ul a m\u00e9rs\u00e9kelt \u00e9ghajlat\u00fa ter\u00fcleteken \u0151sszel \u2013 t\u00f6rt\u00e9n\u0151 \u00fcltet\u00e9s cs\u00f6kkenti a k\u00e9zi \u00f6nt\u00f6z\u00e9s sz\u00fcks\u00e9gess\u00e9g\u00e9t a kritikus megteleped\u00e9si id\u0151szakban. Ez egyben a t\u00f6k\u00e9letes id\u0151pont az Ferber Painting hagyma- \u00e9s fokhagyma-tr\u00e1gya els\u0151 adagj\u00e1nak kijuttat\u00e1s\u00e1ra is, \u00edgy a hagym\u00e1k \u00e9ppen a gy\u00f6k\u00e9rk\u00e9pz\u0151d\u00e9s kezdet\u00e9n kapnak t\u00e1panyag-ut\u00e1np\u00f3tl\u00e1st.<\/p>\n\n\n\n<p class=\"wp-block-paragraph\">\u00c9rdemes a \u00fcltet\u00e9si \u00fctemtervet is a kert t\u00f6bbi r\u00e9sz\u00e9hez igaz\u00edtani. Mivel a medvehagyma az \u00e1rny\u00e9kos, erdei jelleg\u0171 k\u00f6r\u00fclm\u00e9nyeket kedveli, sok kert\u00e9sz \u00fagy d\u00f6nt, hogy lombhullat\u00f3 f\u00e1k vagy cserj\u00e9k al\u00e1 \u00fclteti, mik\u00f6zben m\u00e1s \u0151szi kerti takar\u00edt\u00e1si \u00e9s \u00fcltet\u00e9si munk\u00e1kat v\u00e9gez \u2013 p\u00e9ld\u00e1ul olyan tavaszi hagym\u00e1s n\u00f6v\u00e9nyeket \u00fcltet, mint a h\u00f3vir\u00e1g vagy a k\u00e9k csillagvir\u00e1g, amelyek hasonl\u00f3 n\u00f6veked\u00e9si felt\u00e9teleken \u00e9s id\u0151z\u00edt\u00e9sen osztoznak. E feladatok csoportos\u00edt\u00e1sa hat\u00e9konyan haszn\u00e1lja fel az id\u0151t a kertben, \u00e9s egy olyan term\u00e9szetes hat\u00e1s\u00fa, r\u00e9tegzett erdei \u00fcltet\u00e9st hoz l\u00e9tre, amely minden tavasszal egy\u00fctt kel \u00e9letre.<\/p>\n\n\n\n<h2 class=\"wp-block-heading\">Hogyan kell a medvehagym\u00e1t el\u00fcltetni l\u00e9p\u00e9sr\u0151l l\u00e9p\u00e9sre<\/h2>\n\n\n\n<p class=\"wp-block-paragraph\">Most, hogy m\u00e1r tudja, mikor kell \u00fcltetni, v\u00e9gigvezetj\u00fck rajta, hogyan csin\u00e1lja ezt pontosan \u00e9s helyesen. A medvehagyma nem egy nehezen termeszthet\u0151 n\u00f6v\u00e9ny, de ezen l\u00e9p\u00e9sek gondos k\u00f6vet\u00e9se biztos\u00edtja a lehet\u0151 legjobb eredm\u00e9nyt.<\/p>\n\n\n\n<p class=\"wp-block-paragraph\">Az els\u0151 l\u00e9p\u00e9s a megfelel\u0151 hely kiv\u00e1laszt\u00e1sa. A medvehagyma term\u00e9szetes m\u00f3don lombhullat\u00f3 erd\u0151kben n\u0151, ez\u00e9rt a r\u00e9szleges vagy teljes \u00e1rny\u00e9kot kedveli, hasonl\u00f3an ahhoz, amit a f\u00e1k lombkoron\u00e1ja alatt tapasztalna. Ha nincs erd\u0151s ter\u00fclete, v\u00e1lasszon olyan helyet, amelyet sz\u0171rt napf\u00e9ny vagy a reggeli napf\u00e9ny \u00e9r, d\u00e9lut\u00e1ni \u00e1rny\u00e9kkal. Ker\u00fclje a teljes napf\u00e9nyes helyeket, mivel a levelek meg\u00e9ghetnek, \u00e9s a n\u00f6v\u00e9ny k\u00fcszk\u00f6dhet a forr\u00f3, sz\u00e1raz k\u00f6r\u00fclm\u00e9nyek k\u00f6z\u00f6tt.<\/p>\n\n\n\n<p class=\"wp-block-paragraph\">Ha megl\u00e9v\u0151 f\u00e1k k\u00f6zel\u00e9be \u00fcltet, tartsa szem el\u0151tt, hogy a medvehagyma val\u00f3j\u00e1ban profit\u00e1l a lombhullat\u00f3 f\u00e1k szezon\u00e1lis ritmus\u00e1b\u00f3l. Kora tavasszal \u00e9s t\u00e9len b\u00fajik el\u0151, \u00e9s n\u00f6veked\u00e9s\u00e9nek nagyobb r\u00e9sz\u00e9t ekkor v\u00e9gzi, miel\u0151tt a f\u00e1k lombkoron\u00e1ja teljesen kihajtana, \u00edgy b\u0151s\u00e9ges f\u00e9nyhez jut pontosan akkor, amikor a legnagyobb sz\u00fcks\u00e9ge van r\u00e1, majd a lombkorona z\u00e1r\u00f3d\u00e1s\u00e1val \u00e9s az \u00e1rny\u00e9k s\u0171r\u0171s\u00f6d\u00e9s\u00e9vel a ny\u00e1r elej\u00e9re term\u00e9szetes m\u00f3don visszah\u00faz\u00f3dik a hagym\u00e1j\u00e1ba. Emiatt a lombhullat\u00f3 f\u00e1k alja, a s\u00f6v\u00e9nyek vagy az \u00e9szaki t\u00e1jol\u00e1s\u00fa falak melletti \u00e1rny\u00e9kos szeg\u00e9lyek kiv\u00e1l\u00f3 helysz\u00ednnek sz\u00e1m\u00edtanak.<\/p>\n\n\n\n<p class=\"wp-block-paragraph\">A m\u00e1sodik l\u00e9p\u00e9s a talaj el\u0151k\u00e9sz\u00edt\u00e9se. A medvehagyma a gazdag, nedves, j\u00f3l v\u00edzelvezet\u0151 talajt kedveli, amelynek pH-\u00e9rt\u00e9ke enyh\u00e9n savas vagy semleges. \u00dcltet\u00e9s el\u0151tt laz\u00edtsuk fel a talajt k\u00f6r\u00fclbel\u00fcl 15\u201320 centim\u00e9ter m\u00e9lys\u00e9gig, \u00e9s keverj\u00fcnk bele szerves anyagot, p\u00e9ld\u00e1ul komposztot vagy j\u00f3l lebomlott avarhumuszt. Ez ut\u00e1nozza a vadfokhagyma sz\u00e1m\u00e1ra ide\u00e1lis term\u00e9szetes erdei talajviszonyokat. Ebben a szakaszban c\u00e9lszer\u0171 az Ferber Painting gy\u00e1rtm\u00e1ny\u00fa hagyma- \u00e9s fokhagyma-tr\u00e1gy\u00e1t is el\u0151sz\u00f6r bekeverni a talajba, \u00edgy biztos\u00edtva, hogy a t\u00e1panyagok pontosan ott \u00e1lljanak rendelkez\u00e9sre, ahol a gy\u00f6kerek kialakulnak.<\/p>\n\n\n\n<p class=\"wp-block-paragraph\">Ha a talajod neh\u00e9z agyag, tov\u00e1bbi szerves anyagok, p\u00e9ld\u00e1ul lombf\u00f6ld, komposzt vagy j\u00f3l \u00e9rett tr\u00e1gya kever\u00e9se jav\u00edtani fogja a v\u00edzelvezet\u00e9st, \u00e9s megakad\u00e1lyozza a hagymarohamhoz vezet\u0151 pang\u00f3 vizet. Ha a talajod nagyon homokos \u00e9s t\u00fal gyorsan vezeti el a vizet, ugyanez a szerves anyag seg\u00edt meg\u0151rizni azt az egyenletes nedvess\u00e9get, amelyre a medvehagym\u00e1nak sz\u00fcks\u00e9ge van. \u00dcltet\u00e9s el\u0151tt a talaj v\u00edzelvezet\u00e9s\u00e9nek egyszer\u0171 tesztel\u00e9si m\u00f3dja, hogy \u00e1sol egy k\u00f6r\u00fclbel\u00fcl 30 centim\u00e9ter m\u00e9ly g\u00f6dr\u00f6t, felt\u00f6lt\u00f6d v\u00edzzel, \u00e9s megn\u00e9zed, mennyi id\u0151 alatt folyik el. A n\u00e9h\u00e1ny \u00f3r\u00e1n bel\u00fcl elt\u0171n\u0151 v\u00edz j\u00f3 v\u00edzelvezet\u00e9sre utal, m\u00edg a nap nagyobb r\u00e9sz\u00e9ben megmarad\u00f3 v\u00edz arra utal, hogy \u00fcltet\u00e9s el\u0151tt \u00e9rdemes tov\u00e1bb jav\u00edtanod a talajt.<\/p>\n\n\n\n<p class=\"wp-block-paragraph\">A harmadik l\u00e9p\u00e9s a hagym\u00e1k vagy fi\u00f3khagym\u00e1k el\u00fcltet\u00e9se. Helyezze el \u0151ket egym\u00e1st\u00f3l k\u00f6r\u00fclbel\u00fcl 10-15 centim\u00e9ter t\u00e1vols\u00e1gra, \u00e9s \u00fcltesse el \u0151ket nagyj\u00e1b\u00f3l 5 centim\u00e9ter m\u00e9lyre, a hegyes v\u00e9g\u00fckkel felfel\u00e9 n\u00e9zve. Ha magr\u00f3l \u00fcltet, sz\u00f3rja sz\u00e9t a magokat v\u00e9konyan az el\u0151k\u00e9sz\u00edtett talajon, \u00e9s takarja be \u0151ket enyh\u00e9n egy v\u00e9kony r\u00e9teg f\u00f6lddel, legfeljebb f\u00e9l centim\u00e9ter m\u00e9lyen, mivel a medvehagymamagnak n\u00e9mi f\u00e9nyre van sz\u00fcks\u00e9ge a cs\u00edr\u00e1z\u00e1shoz.<\/p>\n\n\n\n<p class=\"wp-block-paragraph\">Gyakori kezd\u0151 hiba a hagym\u00e1kat t\u00fal m\u00e9lyre vagy egym\u00e1shoz t\u00fal k\u00f6zel \u00fcltetni, ami mindk\u00e9t esetben lass\u00edthatja a meger\u0151s\u00f6d\u00e9st. A t\u00fal m\u00e9ly \u00fcltet\u00e9s k\u00e9sleltetheti a tavaszi kihajt\u00e1st, m\u00edg a zs\u00fafolts\u00e1g m\u00e1r a kezdet kezdet\u00e9n a t\u00e1panyagok\u00e9rt \u00e9s a nedvess\u00e9g\u00e9rt foly\u00f3 verseng\u00e9shez vezet. Ha nagyobb ter\u00fcletet \u00fcltet be, \u00e9s nem biztos abban, hogy pontosan h\u00e1ny hagym\u00e1ra van sz\u00fcks\u00e9ge, kiindul\u00e1sk\u00e9nt az \u00e1ltal\u00e1nos \u00f6k\u00f6lszab\u00e1ly k\u00f6r\u00fclbel\u00fcl h\u00e9t-t\u00edz hagyma n\u00e9gyzetm\u00e9terenk\u00e9nt, mivel a medvehagyma a k\u00f6vetkez\u0151 szezonokban term\u00e9szetes m\u00f3don kit\u00f6lti a teret \u00e9s elterjed.<\/p>\n\n\n\n<p class=\"wp-block-paragraph\">A negyedik l\u00e9p\u00e9s az \u00f6nt\u00f6z\u00e9s. \u00dcltet\u00e9s ut\u00e1n alaposan \u00f6nt\u00f6zze meg a ter\u00fcletet, hogy a talaj le\u00fclepedjen a hagym\u00e1k vagy magok k\u00f6r\u00fcl. A k\u00f6vetkez\u0151 hetekben tartsa a talaj nyirkoss\u00e1g\u00e1t, k\u00fcl\u00f6n\u00f6sen, ha csapad\u00e9kb\u00f3l kev\u00e9s jut. A medvehagyma a gy\u00f6kerez\u00e9si id\u0151szakban nem b\u00edrja j\u00f3l a sz\u00e1razs\u00e1got.<\/p>\n\n\n\n<p class=\"wp-block-paragraph\">Az \u00f6t\u00f6dik l\u00e9p\u00e9s a talajtakar\u00e1s. Vigyen fel egy v\u00e9kony r\u00e9teg talajtakar\u00f3t, p\u00e9ld\u00e1ul apr\u00edtott leveleket vagy fak\u00e9rget, a \u00fcltet\u00e9si ter\u00fclet k\u00f6r\u00e9. Ez seg\u00edt megtartani a nedvess\u00e9get, elnyomni a verseng\u0151 gyomokat, \u00e9s szab\u00e1lyozni a talajh\u0151m\u00e9rs\u00e9kletet, ami k\u00fcl\u00f6n\u00f6sen fontos az \u0151szi \u00fcltet\u00e9st k\u00f6vet\u0151 hidegebb h\u00f3napokban.<\/p>\n\n\n\n<p class=\"wp-block-paragraph\">Talajtakar\u00e1skor ker\u00fclje, hogy az anyagot k\u00f6zvetlen\u00fcl a hagym\u00e1k el\u00fcltet\u00e9si hely\u00e9re halmozza, mivel a nagyon vastag r\u00e9teg n\u00e9ha k\u00e9sleltetheti a tavaszi kihajt\u00e1st. Egy k\u00f6r\u00fclbel\u00fcl k\u00e9t-h\u00e1rom centim\u00e9ter vastag r\u00e9teg \u00e1ltal\u00e1ban elegend\u0151 ahhoz, hogy biztos\u00edtsa a talajtakar\u00e1s el\u0151nyeit an\u00e9lk\u00fcl, hogy elfojtan\u00e1 az \u00faj hajt\u00e1sokat, ahogy azok felt\u00f6rnek a talajon.<\/p>\n\n\n\n<p class=\"wp-block-paragraph\">A hatodik l\u00e9p\u00e9s \u2013 amelyet sok kert\u00e9sz figyelmen k\u00edv\u00fcl hagy \u2013 a talaj folyamatos t\u00e1pl\u00e1l\u00e1sa a n\u00f6veked\u00e9si id\u0151szak alatt. Az \u00fcltet\u00e9skor v\u00e9gzett egyszeri m\u0171tr\u00e1gy\u00e1z\u00e1s remek kezdet, de a medvehagyma fejl\u0151d\u00e9se sor\u00e1n j\u00f3l j\u00f6n a rendszeres t\u00e1panyag-ut\u00e1np\u00f3tl\u00e1s. Itt j\u00f6n igaz\u00e1n j\u00f3l a Ferber Painting hagyma- \u00e9s fokhagyma-tr\u00e1gya. Mivel kifejezetten az alliumf\u00e9l\u00e9k sz\u00e1m\u00e1ra fejlesztett\u00e9k ki, a t\u00e9li v\u00e9gekt\u0151l tavaszig tart\u00f3 akt\u00edv n\u00f6veked\u00e9si id\u0151szakban havonta egyszer alkalmazva el\u0151seg\u00edti az er\u0151s lev\u00e9ln\u00f6veked\u00e9st \u00e9s az eg\u00e9szs\u00e9ges hagym\u00e1k kialakul\u00e1s\u00e1t.<\/p>\n\n\n\n<p class=\"wp-block-paragraph\">Sok kert\u00e9sz, aki \u00e1ltal\u00e1nos term\u00e9kek haszn\u00e1lata ut\u00e1n v\u00e1lt \u00e1t erre a m\u0171tr\u00e1gy\u00e1ra, m\u00e1r az els\u0151 szezonban \u00e9szrevehet\u0151en d\u00fasabb lombozatr\u00f3l \u00e9s nagyobb hagymabokrokr\u00f3l sz\u00e1mol be. Ennek az az oka, hogy a formula a hagymaf\u00e9l\u00e9k specifikus t\u00e1panyagig\u00e9ny\u00e9t el\u00e9g\u00edti ki, ahelyett, hogy h\u00edg\u00edtott, mindenre j\u00f3 megk\u00f6zel\u00edt\u00e9st k\u00edn\u00e1lna.<\/p>\n\n\n\n<p class=\"wp-block-paragraph\">Az is seg\u00edt, ha a medvehagymamez\u0151 kialak\u00edt\u00e1sakor a n\u00f6v\u00e9nyt\u00e1rs\u00edt\u00e1sra is gondol. Mivel a f\u00e1s, nyirkos k\u00f6r\u00fclm\u00e9nyeket kedveli, a medvehagym\u00e1nak a f\u00e1s sz\u00e1r\u00faak sz\u00e9l\u00e9nek m\u00e1s n\u00f6v\u00e9nyei, p\u00e9ld\u00e1ul a p\u00e1fr\u00e1nyok, a host\u00e1k \u00e9s a tavaszi vir\u00e1gos hagym\u00e1sok, mint a h\u00f3vir\u00e1g \u00e9s az erdei szell\u0151r\u00f3zs\u00e1k, term\u00e9szetes t\u00e1rsai. Ezek a t\u00e1rsn\u00f6v\u00e9nyek hasonl\u00f3 talaj- \u00e9s f\u00e9nyig\u00e9nnyel rendelkeznek, \u00e9s az egy\u00fctt\u00fcltet\u00e9s\u00fck olyan r\u00e9tegzett, alacsony karbantart\u00e1si ig\u00e9ny\u0171, erdei kerti \u00e1gy\u00e1st hoz l\u00e9tre, amely az \u00e9v sor\u00e1n v\u00e9gig vonz\u00f3 marad, m\u00e9g azut\u00e1n is, hogy a medvehagym\u00e1k a szezonra elsz\u00e1radtak.<\/p>\n\n\n\n<h2 class=\"wp-block-heading\">Medvehagyma gondoz\u00e1sa \u00fcltet\u00e9s ut\u00e1n<\/h2>\n\n\n\n<p class=\"wp-block-paragraph\">Miut\u00e1n az medvehagym\u00e1t el\u00fcltette, a folyamatos gondoz\u00e1s assez egyszer\u0171, de n\u00e9h\u00e1ny kulcsfontoss\u00e1g\u00fa gyakorlat jelent\u0151s k\u00fcl\u00f6nbs\u00e9get fog tenni abban, hogy a n\u00f6v\u00e9nyei milyen j\u00f3l fejl\u0151dnek.<\/p>\n\n\n\n<p class=\"wp-block-paragraph\">Az \u00f6nt\u00f6z\u00e9snek egyenletesnek kell maradnia, k\u00fcl\u00f6n\u00f6sen a tavaszi sz\u00e1raz id\u0151szakokban, amikor a n\u00f6v\u00e9ny akt\u00edvan n\u00f6vekszik. A medvehagyma az egyenletesen nedves talajt kedveli, hasonl\u00f3an a term\u00e9szetes \u00e9l\u0151hely\u00e9\u00fcl szolg\u00e1l\u00f3 nyirkos erdei talajhoz. Ker\u00fclni kell azonban a pang\u00f3 vizet, mivel a meg\u00e1ll\u00f3 v\u00edz a hagyma rothad\u00e1s\u00e1t okozhatja.<\/p>\n\n\n\n<p class=\"wp-block-paragraph\">A gyoml\u00e1l\u00e1s a korai szakaszban fontos, k\u00fcl\u00f6n\u00f6sen akkor, ha a medvehagym\u00e1t a term\u00e9szetes m\u00f3don \u00e1rnyas erdei k\u00f6rnyezetten k\u00edv\u00fcl termeszti. Ha egyszer meggy\u00f6keresedett, a medvehagym\u00e1nak megvan the tulajdons\u00e1ga, hogy k\u00f6nnyen terjed, \u00e9s mag\u00e1t\u00f3l is elnyomhatja a gyomok nagy r\u00e9sz\u00e9t, de az els\u0151 \u00e9vben a ter\u00fclet agressz\u00edv gyomokt\u00f3l mentesen tart\u00e1sa biztos\u00edtja a legjobb es\u00e9lyt a n\u00f6v\u00e9nyek sz\u00e1m\u00e1ra az er\u0151s gy\u00f6k\u00e9rzet kialak\u00edt\u00e1s\u00e1hoz.<\/p>\n\n\n\n<p class=\"wp-block-paragraph\">A m\u0171tr\u00e1gy\u00e1z\u00e1st \u2013 amint azt kor\u00e1bban m\u00e1r eml\u00edtett\u00fck \u2013 a veget\u00e1ci\u00f3s id\u0151szak alatt folyamatosan folytatni kell. Javasoljuk, hogy a Ferber Painting hagyma- \u00e9s fokhagyma-tr\u00e1gy\u00e1t havonta egyszer alkalmazz\u00e1k a t\u00e9l v\u00e9g\u00e9t\u0151l a k\u00e9s\u0151 tavaszi vir\u00e1gz\u00e1s v\u00e9g\u00e9ig. Ez a folyamatos t\u00e1panyag-ut\u00e1np\u00f3tl\u00e1s t\u00e1mogatja mind a levelek n\u00f6veked\u00e9s\u00e9t \u2013 amelyeket a legt\u00f6bb szak\u00e1cs kulin\u00e1ris c\u00e9lokra sz\u00fcretel \u2013, mind a hagym\u00e1k fejl\u0151d\u00e9s\u00e9t, ami biztos\u00edtja, hogy a n\u00f6v\u00e9ny \u00e9vr\u0151l \u00e9vre visszat\u00e9rjen \u00e9s szaporodjon.<\/p>\n\n\n\n<p class=\"wp-block-paragraph\">Annak \u00e9rdek\u00e9ben, hogy k\u00f6nnyebben megtervezhesse az eg\u00e9sz \u00e9ves gondoz\u00e1st, hasznos lehet a medvehagyma \u00e1pol\u00e1s\u00e1t n\u00e9gy f\u0151 \u00e9vszakos szakaszra bontani. \u0150sszel a \u00fcltet\u00e9sre, a talajel\u0151k\u00e9sz\u00edt\u00e9sre \u00e9s a m\u0171tr\u00e1gya els\u0151 kijuttat\u00e1s\u00e1ra \u00f6sszpontos\u00edtson. T\u00e9len a csapad\u00e9kos id\u0151szakokban \u00fcgyeljen a v\u00edzelvezet\u00e9sre, \u00e9s k\u00eds\u00e9rje figyelemmel az els\u0151 hajt\u00e1sok megjelen\u00e9s\u00e9t, ahogy a h\u0151m\u00e9rs\u00e9klet emelkedni kezd. Tavasszal \u2013 mivel ez a f\u0151 n\u00f6veked\u00e9si id\u0151szak \u2013 a folyamatos \u00f6nt\u00f6z\u00e9s, a havi t\u00e1panyag-ut\u00e1np\u00f3tl\u00e1s \u00e9s a levelek szed\u00e9se mind ebben az id\u0151ablakban t\u00f6rt\u00e9nik. Ny\u00e1ron a lombozat term\u00e9szetes m\u00f3don elsz\u00e1rad, amint a n\u00f6v\u00e9ny nyugalmi \u00e1llapotba ker\u00fcl, ekkor az \u00f6nt\u00f6z\u00e9s jelent\u0151sen cs\u00f6kkenthet\u0151, \u00e9s a hangs\u00faly arra helyez\u0151dik \u00e1t, hogy a hagym\u00e1kat a k\u00f6vetkez\u0151 \u0151szig egyszer\u0171en hagyjuk bolygatatlanul.<\/p>\n\n\n\n<p class=\"wp-block-paragraph\">A medvehagymalevelek betakar\u00edt\u00e1sa akkor kezd\u0151dhet, amikor a n\u00f6v\u00e9ny m\u00e1r j\u00f3l fejlett, hagyma el\u00fcltet\u00e9se eset\u00e9n \u00e1ltal\u00e1ban a m\u00e1sodik \u00e9vben, magr\u00f3l nevelve pedig a m\u00e1sodik-harmadik \u00e9vben. A legjobb \u00edz \u00e9rdek\u00e9ben a lev\u00e9lcsokrokat a vir\u00e1gz\u00e1s el\u0151tt sz\u00fcretelje le, mivel a vir\u00e1gz\u00e1s megindul\u00e1s\u00e1val a levelek keser\u0171bb\u00e9 v\u00e1lnak. Mindig hagyjon elegend\u0151 lombozatot a n\u00f6v\u00e9nyen, hogy az tov\u00e1bbra is fotoszintetiz\u00e1lhasson \u00e9s energiatartal\u00e9kokat halmozhasson fel a hagym\u00e1ban a k\u00f6vetkez\u0151 \u00e9vre.<\/p>\n\n\n\n<p class=\"wp-block-paragraph\">Betakar\u00edt\u00e1skor haszn\u00e1ljon oll\u00f3t vagy egy \u00e9les k\u00e9st az egyes levelek t\u0151h\u00f6z k\u00f6zeli lev\u00e1g\u00e1s\u00e1hoz ahelyett, hogy kih\u00fazn\u00e1 \u0151ket, ami megzavarhatja a sek\u00e9ly hagyma gum\u00f3kat. J\u00f3 \u00e1ltal\u00e1nos ir\u00e1nyelv, hogy egyszerre soha ne szedje le az egyes n\u00f6v\u00e9nyek leveleinek egy harmad\u00e1n\u00e1l t\u00f6bbet, ami lehet\u0151v\u00e9 teszi, hogy a n\u00f6v\u00e9ny hat\u00e9konyan folytassa a fotoszint\u00e9zist, mik\u00f6zben m\u00e9gis b\u0151s\u00e9ges term\u00e9st biztos\u00edt a konyha sz\u00e1m\u00e1ra. A vir\u00e1gok, miut\u00e1n megjelennek, szint\u00e9n ehet\u0151ek, \u00e9s vonz\u00f3, enyhe \u00edz\u0171 d\u00edszei a sal\u00e1t\u00e1knak, b\u00e1r t\u00fal sok vir\u00e1g leszed\u00e9se cs\u00f6kkentheti a magterm\u00e9st, ha azt szeretn\u00e9, hogy a n\u00f6v\u00e9ny\u00e1llom\u00e1ny mag\u00e1t\u00f3l elvetem\u00fclj\u00f6n \u00e9s term\u00e9szetes m\u00f3don terjedjen.<\/p>\n\n\n\n<p class=\"wp-block-paragraph\">A frissen betakar\u00edtott medvehagymaleveleket a legjobb n\u00e9h\u00e1ny napon bel\u00fcl felhaszn\u00e1lni, mivel leszed\u00e9s ut\u00e1n vesz\u00edtenek cs\u00edp\u0151ss\u00e9g\u00fckb\u0151l \u00e9s el\u00e9g gyorsan elhervadhatnak. Hosszabb t\u00e1rol\u00e1shoz a levelek felapr\u00edthat\u00f3k \u00e9s j\u00e9gkockatart\u00f3ban, kev\u00e9s v\u00edzzel vagy ol\u00edvaolajjal lefagyaszthat\u00f3k, pest\u00f3szer\u0171 paszt\u00e1v\u00e1 turmixolhat\u00f3k a fagyaszt\u00f3 sz\u00e1m\u00e1ra, vagy \u00f3vatosan megsz\u00e1r\u00edthat\u00f3k, b\u00e1r a sz\u00e1r\u00edt\u00e1s a friss vagy fagyasztott k\u00e9sz\u00edtm\u00e9nyekhez k\u00e9pest jelent\u0151sen cs\u00f6kkenti a jellegzetes arom\u00e1t.<\/p>\n\n\n\n<p class=\"wp-block-paragraph\">A csom\u00f3k n\u00e9h\u00e1ny \u00e9venk\u00e9nti kett\u00e9oszt\u00e1sa seg\u00edt fenntartani az eg\u00e9szs\u00e9ges n\u00f6veked\u00e9st, \u00e9s megakad\u00e1lyozza a t\u00falzs\u00fafolts\u00e1got. A medvehagyma hagym\u00e1s oszt\u00f3d\u00e1ssal \u00e9s magvet\u00e9ssel szaporodik, \u00edgy a kifejlett \u00e1llom\u00e1nyok id\u0151vel el\u00e9g s\u0171r\u0171v\u00e9 v\u00e1lhatnak. A csom\u00f3k kora \u0151szi kett\u00e9oszt\u00e1sa \u00e9s a r\u00e9szek m\u00e1shova t\u00f6rt\u00e9n\u0151 \u00fajratelep\u00edt\u00e9se nagyszer\u0171 m\u00f3dja a medvehagyma-\u00e1llom\u00e1ny b\u0151v\u00edt\u00e9s\u00e9nek, mik\u00f6zben az egyes n\u00f6v\u00e9nyek eg\u00e9szs\u00e9gesek maradnak.<\/p>\n\n\n\n<p class=\"wp-block-paragraph\">A t\u0151oszt\u00e1s sor\u00e1n egy \u00e1s\u00f3 helyett \u00f3vatosan emelje ki a csom\u00f3t egy vill\u00e1val, \u00fcgyelve arra, hogy ne s\u00e9rtse meg a sek\u00e9lyen fekv\u0151 hagym\u00e1kat, majd k\u00e9zzel v\u00e1lassza sz\u00e9t az egyes hagym\u00e1kat, miel\u0151tt az \u00faj hagym\u00e1k sz\u00e1m\u00e1ra javasolt azonos m\u00e9lys\u00e9gben \u00e9s t\u00e9rk\u00f6zzel \u00fajra el\u00fcltetn\u00e9 \u0151ket. Ez egyben kiv\u00e1l\u00f3 alkalom arra is, hogy friss adag tr\u00e1gy\u00e1t dolgozzon be az \u00faj \u00fcltet\u00e9si helybe, \u00edgy a sz\u00e9tszedett hagym\u00e1k ugyanolyan er\u0151s startot kapnak, mint az els\u0151 alkalommal el\u00fcltetett hagym\u00e1k.<\/p>\n\n\n\n<p class=\"wp-block-paragraph\">A k\u00e1rtev\u0151k \u00e9s a betegs\u00e9gek elleni v\u00e9delem \u00e1ltal\u00e1ban nem jelent komoly gondot a medvehagym\u00e1n\u00e1l, mivel er\u0151s k\u00e9nvegy\u00fcletei term\u00e9szetes m\u00f3don t\u00e1voltartj\u00e1k a legt\u00f6bb gyakori kerti k\u00e1rtev\u0151t. A rosszul v\u00edz\u00e1tereszt\u0151 talajban azonban fell\u00e9phet a hagymarohad\u00e1s, ami egy \u00fajabb ok arra, hogy mi\u00e9rt olyan fontos a megfelel\u0151 talajel\u0151k\u00e9sz\u00edt\u00e9s \u00e9s a m\u00e9rs\u00e9kelt \u00f6nt\u00f6z\u00e9s. Az eg\u00e9szs\u00e9ges, j\u00f3l t\u00e1pl\u00e1lt n\u00f6v\u00e9ny emellett term\u00e9szetes m\u00f3don ellen\u00e1ll\u00f3bb az alkalmank\u00e9nt jelentkez\u0151 gomb\u00e1s fert\u0151z\u00e9sekkel szemben is, ami m\u00e9g egy \u00e9rv amellett, hogy fenntartsuk a rendszeres tr\u00e1gy\u00e1z\u00e1si \u00fctemtervet egy kifejezetten a hagymaf\u00e9l\u00e9k eg\u00e9szs\u00e9g\u00e9re kifejlesztett term\u00e9kkel.<\/p>\n\n\n\n<p class=\"wp-block-paragraph\">A kert\u00e9szek id\u0151nk\u00e9nt meztelen csig\u00e1k vagy \u00e9ticsig\u00e1k okozta r\u00e1g\u00e1snyomokat vesznek \u00e9szre a fiatal leveleken, k\u00fcl\u00f6n\u00f6sen a nagyon nyirkos, \u00e1rny\u00e9kos kertekben, ahol ezek a k\u00e1rtev\u0151k m\u00e1r eleve elterjedtek. Mivel a medvehagyma er\u0151s illata a levelek \u00e9r\u00e9se ut\u00e1n a legt\u00f6bb k\u00e1rtev\u0151 sz\u00e1m\u00e1ra \u00e1ltal\u00e1ban tasz\u00edt\u00f3, a k\u00e1rtev\u0151k okozta k\u00e1r tavasszal \u00e1ltal\u00e1ban a legkor\u00e1bbi, legzseng\u00e9bb hajt\u00e1sokra korl\u00e1toz\u00f3dik. Az olyan egyszer\u0171 int\u00e9zked\u00e9sek, mint a csig\u00e1k b\u00fav\u00f3hely\u00e9\u00fcl szolg\u00e1l\u00f3 k\u00f6zeli t\u00f6rmel\u00e9k eltakar\u00edt\u00e1sa, vagy az \u00faj hajt\u00e1sok k\u00f6r\u00e9 sz\u00f3rt biol\u00f3giai csigariaszt\u00f3, \u00e1ltal\u00e1ban elegend\u0151ek a probl\u00e9ma kezel\u00e9s\u00e9hez intenz\u00edvebb beavatkoz\u00e1s n\u00e9lk\u00fcl.<\/p>\n\n\n\n<h2 class=\"wp-block-heading\">Gyakran Ism\u00e9telt K\u00e9rd\u00e9sek<\/h2>\n\n\n\n<p class=\"wp-block-paragraph\">Termeszthet\u0151 a medvehagyma cser\u00e9pben?<\/p>\n\n\n<p class=\"wp-block-paragraph\">Igen, a medvehagym\u00e1t cser\u00e9pben is lehet termeszteni, felt\u00e9ve, hogy a cser\u00e9p el\u00e9g m\u00e9ly a gy\u00f6k\u00e9rzet fejl\u0151d\u00e9s\u00e9hez \u2013 \u00e1ltal\u00e1ban legal\u00e1bb 20 centim\u00e9ter m\u00e9ly \u2013, \u00e9s a talajt folyamatosan nedvesen tartj\u00e1k. A cser\u00e9pben termesztett medvehagyma sz\u00e1m\u00e1ra is el\u0151ny\u00f6s a r\u00e9szleges \u00e1rny\u00e9k \u00e9s a rendszeres t\u00e1panyag-ut\u00e1np\u00f3tl\u00e1s a Ferber Painting \u201eHagyma- \u00e9s fokhagyma-tr\u00e1gya\u201d term\u00e9kkel. V\u00e1lasszon egy j\u00f3l v\u00edzelvezet\u0151 lyukakkal ell\u00e1tott ed\u00e9nyt, \u00e9s fontolja meg, hogy a cserepet egy olyan \u00e1rny\u00e9kos helyre \u00e1ll\u00edtsa a teraszon vagy az erk\u00e9lyen, ahol csak korl\u00e1tozott mennyis\u00e9g\u0171 k\u00f6zvetlen napf\u00e9ny \u00e9ri, ide\u00e1lis esetben ut\u00e1nozva azt a foltos erdei f\u00e9nyt, amelyet a n\u00f6v\u00e9ny kedvel. Mivel a cserepekben a talaj gyorsabban kisz\u00e1rad, mint a kerti talajban, gyakrabban ellen\u0151rizze a nedvess\u00e9gszintet, mint a f\u00f6ldbe \u00fcltetett n\u00f6v\u00e9nyek eset\u00e9ben, k\u00fcl\u00f6n\u00f6sen a melegebb tavaszi napokon.<\/p>\n\n\n\n<p class=\"wp-block-paragraph\">Mennyi id\u0151 alatt gy\u00f6keresedik meg a medvehagyma?<\/p>\n\n\n<p class=\"wp-block-paragraph\">A vad fokhagym\u00e1nak \u00e1ltal\u00e1ban egy-k\u00e9t \u00e9vre van sz\u00fcks\u00e9ge ahhoz, hogy teljesen meggy\u00f6keresedjen \u00e9s elkezdjen term\u00e9szetes m\u00f3don terjedni. A hagym\u00e1r\u00f3l t\u00f6rt\u00e9n\u0151 \u00fcltet\u00e9s \u00e1ltal\u00e1ban gyorsabban fejl\u0151dik ki, mint a magvet\u00e9s, b\u00e1r mindk\u00e9t m\u00f3dszer el\u0151ny\u00e9re v\u00e1lik az \u00e1lland\u00f3 gondoz\u00e1s \u00e9s a megfelel\u0151 t\u00e1panyagell\u00e1t\u00e1s a korai n\u00f6veked\u00e9si szakaszban. A harmadik \u00e9vre a legt\u00f6bb eg\u00e9szs\u00e9ges \u00e1llom\u00e1ny elkezdje form\u00e1lni azt a s\u0171r\u0171, \u00f6nfenntart\u00f3 lev\u00e9lsz\u0151nyeget, amelyr\u0151l a medvehagyma a term\u00e9szetben ismert, \u00e9s ett\u0151l kezdve a fenntart\u00e1s \u00e1ltal\u00e1ban alig m\u00e1st ig\u00e9nyel, mint az alkalmank\u00e9nti t\u0151oszt\u00e1st \u00e9s a folyamatos szezon\u00e1lis t\u00e1panyagell\u00e1t\u00e1st.<\/p>\n\n\n\n<p class=\"wp-block-paragraph\">A medvehagyma invaz\u00edv?<\/p>\n\n\n<p class=\"wp-block-paragraph\">A medvehagyma kedvez\u0151 k\u00f6r\u00fclm\u00e9nyek k\u00f6z\u00f6tt, k\u00fcl\u00f6n\u00f6sen nedves, \u00e1rny\u00e9kos erdei k\u00f6rnyezetben k\u00f6nnyen elszaporodhat. B\u00e1r ez megk\u00f6nny\u00edti egy vir\u00e1gz\u00f3 folt kialak\u00edt\u00e1s\u00e1t, \u00e9rdemes korl\u00e1tozott ter\u00fcletre \u00fcltetni, ha az ember kontroll\u00e1lni akarja a terjed\u00e9s\u00e9t, vagy egyszer\u0171en csak rendszeresen sz\u00fcretelni, kord\u00e1ban tartva a n\u00f6veked\u00e9st. Egy fizikai akad\u00e1ly, p\u00e9ld\u00e1ul a be\u00fcltetett ter\u00fclet k\u00f6r\u00e9 \u00e1sott szeg\u00e9lycs\u00edk be\u00e9p\u00edt\u00e9se ugyancsak hat\u00e9kony m\u00f3dja a terjed\u00e9s korl\u00e1toz\u00e1s\u00e1nak, ha gyep k\u00f6zel\u00e9be vagy m\u00e1s, kev\u00e9sb\u00e9 \u00e9leter\u0151s n\u00f6v\u00e9nyekkel k\u00f6z\u00f6s hat\u00e1rvonalra \u00fcltet\u00fcnk.<\/p>\n\n\n\n<p class=\"wp-block-paragraph\">Mi\u00e9rt \u00e9rdemes specifikus m\u0171tr\u00e1gy\u00e1t haszn\u00e1lni \u00e1ltal\u00e1nos c\u00e9l\u00fa helyett?<\/p>\n\n\n<p class=\"wp-block-paragraph\">A vadfokhagyma-f\u00e9le Allium-fajoknak speci\u00e1lis t\u00e1panyagig\u00e9nyeik vannak, k\u00fcl\u00f6n\u00f6sen k\u00e9n, k\u00e1lium \u00e9s foszfor tekintet\u00e9ben. Az \u00e1ltal\u00e1nos c\u00e9l\u00fa m\u0171tr\u00e1gy\u00e1kat \u00fagy \u00e1ll\u00edtj\u00e1k \u00f6ssze, hogy sokf\u00e9le n\u00f6v\u00e9ny sz\u00e1m\u00e1ra alkalmasak legyenek, \u00e9s gyakran t\u00fal h\u00edgak ahhoz, hogy ezeket a speci\u00e1lis ig\u00e9nyeket kiel\u00e9g\u00edts\u00e9k. A Ferber Painting hagym\u00e1s \u00e9s fokhagym\u00e1s m\u0171tr\u00e1gya koncentr\u00e1lt \u00e9s kifejezetten az Allium-f\u00e9l\u00e9k ig\u00e9nyeire szabott, ami er\u0151teljesebb n\u00f6veked\u00e9st \u00e9s eg\u00e9szs\u00e9gesebb hagym\u00e1kat eredm\u00e9nyez.<\/p>\n\n\n\n<p class=\"wp-block-paragraph\">Mi van, ha nem vagyok el\u00e9gedett a m\u0171tr\u00e1gya eredm\u00e9ny\u00e9vel?<\/p>\n\n\n<p class=\"wp-block-paragraph\">A Ferber Painting minden term\u00e9k\u00e9re \u2013 bele\u00e9rtve a hagyma- \u00e9s fokhagyma-tr\u00e1gy\u00e1t is \u2013 teljes el\u00e9gedetts\u00e9gi garanci\u00e1t vagy p\u00e9nz-visszafizet\u00e9si garanci\u00e1t biztos\u00edt. Ha nem vagy el\u00e9gedett az eredm\u00e9nyekkel, bonyodalom n\u00e9lk\u00fcl k\u00e9rheted a p\u00e9nzed visszafizet\u00e9s\u00e9t, ami olyan garancia, amelyet jelenleg egyetlen versenyt\u00e1rs sem k\u00edn\u00e1l ebben a szegmensben.<\/p>\n\n\n\n<p class=\"wp-block-paragraph\">\u00dcltethet\u0151-e a medvehagyma z\u00f6lds\u00e9gek mell\u00e9 egy hagyom\u00e1nyos kerti \u00e1gy\u00e1sba?<\/p>\n\n\n<p class=\"wp-block-paragraph\">A medvehagyma \u00fcltethet\u0151 a z\u00f6lds\u00e9gek k\u00f6zel\u00e9ben, de t\u00f6bb \u00e1rny\u00e9kot \u00e9s nedvess\u00e9get kedvel, mint a legt\u00f6bb napf\u00e9nykedvel\u0151 z\u00f6lds\u00e9gn\u00f6v\u00e9ny, ez\u00e9rt a a napos z\u00f6lds\u00e9geskertbe val\u00f3 k\u00f6zvetlen kever\u00e9s helyett jobb k\u00fcl\u00f6n, \u00e1rny\u00e9kos \u00e1gy\u00e1sban, szeg\u00e9lyen vagy erd\u0151sz\u00e9li r\u00e9szen tartani. Ha m\u00e9gis szeretn\u00e9 bevonni a konyhakert k\u00f6zel\u00e9be, a ker\u00edt\u00e9s, fal vagy magasabb t\u00e1rsn\u00f6v\u00e9ny melletti \u00e1rny\u00e9kos sarok \u00e1ltal\u00e1ban a legsikeresebb helysz\u00edn.<\/p>\n\n\n\n<p class=\"wp-block-paragraph\">A medvehagyma visszat\u00e9r minden \u00e9vben mag\u00e1t\u00f3l?<\/p>\n\n\n<p class=\"wp-block-paragraph\">Igen, amint meggy\u00f6keresedik, a medvehagyma egy megb\u00edzhat\u00f3 \u00e9vel\u0151 n\u00f6v\u00e9ny, amely ny\u00e1ron a hagym\u00e1j\u00e1ig visszah\u00faz\u00f3dik, majd minden \u00e9vben a t\u00e9li id\u0151szak v\u00e9g\u00e9n vagy kora tavasszal \u00fajrahajt. Megfelel\u0151 t\u00e1panyag-ut\u00e1np\u00f3tl\u00e1ssal \u00e9s a megfelel\u0151 n\u00f6veked\u00e9si felt\u00e9telek biztos\u00edt\u00e1s\u00e1val az eg\u00e9szs\u00e9ges \u00e1llom\u00e1ny nemcsak \u00e9vr\u0151l \u00e9vre visszat\u00e9r, hanem \u00e1ltal\u00e1ban \u00e9vr\u0151l \u00e9vre n\u00f6vekszik is.<\/p>\n\n\n\n<h2 class=\"wp-block-heading\">K\u00f6vetkeztet\u00e9s<\/h2>\n\n\n\n<p class=\"wp-block-paragraph\">A medvehagyma sikeres termeszt\u00e9se k\u00e9t alapvet\u0151 t\u00e9nyez\u0151n m\u00falik: a megfelel\u0151 \u00fcltet\u00e9si id\u0151ponton \u00e9s azon, hogy a talaj a kezdet kezdet\u00e9t\u0151l a megfelel\u0151 t\u00e1panyagokat kapja. A hagym\u00e1k \u0151szi el\u00fcltet\u00e9se, a gondos talajel\u0151k\u00e9sz\u00edt\u00e9s, a folyamatos nedvess\u00e9g \u00e9s a rendszeres t\u00e1panyag-ut\u00e1np\u00f3tl\u00e1s a teny\u00e9szid\u0151szak alatt megalapozza a medvehagyma eg\u00e9szs\u00e9ges n\u00f6veked\u00e9s\u00e9t \u00e9s b\u0151s\u00e9ges term\u00e9s\u00e9t az elk\u00f6vetkez\u0151 \u00e9vekben. De semmi sem sz\u00e1m\u00edt annyira, mint olyan m\u0171tr\u00e1gya v\u00e1laszt\u00e1sa, amely t\u00e9nylegesen kiel\u00e9g\u00edti a hagymaf\u00e9l\u00e9k specifikus ig\u00e9nyeit, ahelyett, hogy olyan \u00e1ltal\u00e1nos term\u00e9kre hagyatkozn\u00e1nk, amely legfeljebb k\u00f6zepes eredm\u00e9nyt ny\u00fajt.<\/p>\n\n\n\n<p class=\"wp-block-paragraph\">F\u00fcggetlen\u00fcl att\u00f3l, hogy egyetlen \u00e1rny\u00e9kos fa al\u00e1 \u00fcltet egy kis foltot, vagy nagyobb, erdei st\u00edlus\u00fa \u00e1gy\u00e1st alak\u00edt ki a kertj\u00e9ben, ugyanezek az alapelvek \u00e9rv\u00e9nyesek. V\u00e1lassza ki a megfelel\u0151 helyet, gondosan el\u0151k\u00e9sz\u00edtse a talajt, az \u00e9vnek megfelel\u0151 id\u0151pontban \u00fcltessen, \u00e9s k\u00f6vetkezetesen t\u00e1pl\u00e1lja a hagymaf\u00e9l\u00e9k ig\u00e9nyeire kifejlesztett m\u0171tr\u00e1gy\u00e1val. K\u00f6vesse ezeket a l\u00e9p\u00e9seket, \u00e9s tapasztalni fogja, hogy a medvehagyma t\u00f6bbsz\u00f6r\u00f6sen megh\u00e1l\u00e1lja a f\u00e1radoz\u00e1s\u00e1t, mivel \u00e9vr\u0151l \u00e9vre visszat\u00e9r friss z\u00f6ld levelekkel, finom vir\u00e1gokkal \u00e9s olyan term\u00e9ssel, amely a val\u00f3di erdei \u00edzvil\u00e1got hozza el egyenesen a konyh\u00e1j\u00e1ba.<\/p>\n\n\n\n<p class=\"wp-block-paragraph\"><a href=\"https:\/\/www.ferberpainting.com\/hu\/products\/onion-and-garlic-fertilizer\/\">L\u00e1togasson el m\u00e9g ma az Ferber Painting weboldal\u00e1ra, \u00e9s rendelje meg a hagyma- \u00e9s fokhagyma-tr\u00e1gy\u00e1t, amelyhez gyors nemzetk\u00f6zi sz\u00e1ll\u00edt\u00e1s, biztons\u00e1gos online fizet\u00e9s, valamint az ipar\u00e1gban egyed\u00fcl\u00e1ll\u00f3 el\u00e9gedetts\u00e9gi garancia vagy p\u00e9nzvisszafizet\u00e9si garancia j\u00e1r.<\/a><\/p>","protected":false},"excerpt":{"rendered":"<p>Wild garlic, also known as ramsons or Allium ursinum, is one of the most rewarding plants a gardener can grow. Its broad green leaves and delicate white star-shaped flowers bring a woodland charm to any garden, and its pungent, garlicky aroma makes it a favorite among cooks who love foraging fresh, homegrown ingredients. But before [&hellip;]<\/p>\n","protected":false},"author":1,"featured_media":285737,"comment_status":"","ping_status":"open","sticky":false,"template":"","format":"standard","meta":{"_uag_custom_page_level_css":"","site-sidebar-layout":"default","site-content-layout":"","ast-site-content-layout":"default","site-content-style":"default","site-sidebar-style":"default","ast-global-header-display":"","ast-banner-title-visibility":"","ast-main-header-display":"","ast-hfb-above-header-display":"","ast-hfb-below-header-display":"","ast-hfb-mobile-header-display":"","site-post-title":"","ast-breadcrumbs-content":"","ast-featured-img":"","footer-sml-layout":"","ast-disable-related-posts":"","theme-transparent-header-meta":"","adv-header-id-meta":"","stick-header-meta":"","header-above-stick-meta":"","header-main-stick-meta":"","header-below-stick-meta":"","astra-migrate-meta-layouts":"default","ast-page-background-enabled":"default","ast-page-background-meta":{"desktop":{"background-color":"var(--ast-global-color-4)","background-image":"","background-repeat":"repeat","background-position":"center center","background-size":"auto","background-attachment":"scroll","background-type":"","background-media":"","overlay-type":"","overlay-color":"","overlay-opacity":"","overlay-gradient":""},"tablet":{"background-color":"","background-image":"","background-repeat":"repeat","background-position":"center center","background-size":"auto","background-attachment":"scroll","background-type":"","background-media":"","overlay-type":"","overlay-color":"","overlay-opacity":"","overlay-gradient":""},"mobile":{"background-color":"","background-image":"","background-repeat":"repeat","background-position":"center center","background-size":"auto","background-attachment":"scroll","background-type":"","background-media":"","overlay-type":"","overlay-color":"","overlay-opacity":"","overlay-gradient":""}},"ast-content-background-meta":{"desktop":{"background-color":"var(--ast-global-color-5)","background-image":"","background-repeat":"repeat","background-position":"center center","background-size":"auto","background-attachment":"scroll","background-type":"","background-media":"","overlay-type":"","overlay-color":"","overlay-opacity":"","overlay-gradient":""},"tablet":{"background-color":"var(--ast-global-color-5)","background-image":"","background-repeat":"repeat","background-position":"center center","background-size":"auto","background-attachment":"scroll","background-type":"","background-media":"","overlay-type":"","overlay-color":"","overlay-opacity":"","overlay-gradient":""},"mobile":{"background-color":"var(--ast-global-color-5)","background-image":"","background-repeat":"repeat","background-position":"center center","background-size":"auto","background-attachment":"scroll","background-type":"","background-media":"","overlay-type":"","overlay-color":"","overlay-opacity":"","overlay-gradient":""}},"footnotes":""},"categories":[1],"tags":[],"class_list":["post-285738","post","type-post","status-publish","format-standard","has-post-thumbnail","hentry","category-general"],"spectra_custom_meta":{"_uagb_previous_block_counts":["a:90:{s:21:\"uagb\/advanced-heading\";i:0;s:15:\"uagb\/blockquote\";i:0;s:12:\"uagb\/buttons\";i:0;s:18:\"uagb\/buttons-child\";i:0;s:19:\"uagb\/call-to-action\";i:0;s:15:\"uagb\/cf7-styler\";i:0;s:11:\"uagb\/column\";i:0;s:12:\"uagb\/columns\";i:0;s:14:\"uagb\/container\";i:0;s:21:\"uagb\/content-timeline\";i:0;s:27:\"uagb\/content-timeline-child\";i:0;s:14:\"uagb\/countdown\";i:0;s:12:\"uagb\/counter\";i:0;s:8:\"uagb\/faq\";i:0;s:14:\"uagb\/faq-child\";i:0;s:10:\"uagb\/forms\";i:0;s:17:\"uagb\/forms-accept\";i:0;s:19:\"uagb\/forms-checkbox\";i:0;s:15:\"uagb\/forms-date\";i:0;s:16:\"uagb\/forms-email\";i:0;s:17:\"uagb\/forms-hidden\";i:0;s:15:\"uagb\/forms-name\";i:0;s:16:\"uagb\/forms-phone\";i:0;s:16:\"uagb\/forms-radio\";i:0;s:17:\"uagb\/forms-select\";i:0;s:19:\"uagb\/forms-textarea\";i:0;s:17:\"uagb\/forms-toggle\";i:0;s:14:\"uagb\/forms-url\";i:0;s:14:\"uagb\/gf-styler\";i:0;s:15:\"uagb\/google-map\";i:0;s:11:\"uagb\/how-to\";i:0;s:16:\"uagb\/how-to-step\";i:0;s:9:\"uagb\/icon\";i:0;s:14:\"uagb\/icon-list\";i:0;s:20:\"uagb\/icon-list-child\";i:0;s:10:\"uagb\/image\";i:0;s:18:\"uagb\/image-gallery\";i:0;s:13:\"uagb\/info-box\";i:0;s:18:\"uagb\/inline-notice\";i:0;s:11:\"uagb\/lottie\";i:0;s:21:\"uagb\/marketing-button\";i:0;s:10:\"uagb\/modal\";i:0;s:18:\"uagb\/popup-builder\";i:0;s:16:\"uagb\/post-button\";i:0;s:18:\"uagb\/post-carousel\";i:0;s:17:\"uagb\/post-excerpt\";i:0;s:14:\"uagb\/post-grid\";i:0;s:15:\"uagb\/post-image\";i:0;s:17:\"uagb\/post-masonry\";i:0;s:14:\"uagb\/post-meta\";i:0;s:18:\"uagb\/post-taxonomy\";i:0;s:18:\"uagb\/post-timeline\";i:0;s:15:\"uagb\/post-title\";i:0;s:20:\"uagb\/restaurant-menu\";i:0;s:26:\"uagb\/restaurant-menu-child\";i:0;s:11:\"uagb\/review\";i:0;s:12:\"uagb\/section\";i:0;s:14:\"uagb\/separator\";i:0;s:11:\"uagb\/slider\";i:0;s:17:\"uagb\/slider-child\";i:0;s:17:\"uagb\/social-share\";i:0;s:23:\"uagb\/social-share-child\";i:0;s:16:\"uagb\/star-rating\";i:0;s:23:\"uagb\/sure-cart-checkout\";i:0;s:22:\"uagb\/sure-cart-product\";i:0;s:15:\"uagb\/sure-forms\";i:0;s:22:\"uagb\/table-of-contents\";i:0;s:9:\"uagb\/tabs\";i:0;s:15:\"uagb\/tabs-child\";i:0;s:18:\"uagb\/taxonomy-list\";i:0;s:9:\"uagb\/team\";i:0;s:16:\"uagb\/testimonial\";i:0;s:14:\"uagb\/wp-search\";i:0;s:19:\"uagb\/instagram-feed\";i:0;s:10:\"uagb\/login\";i:0;s:17:\"uagb\/loop-builder\";i:0;s:18:\"uagb\/loop-category\";i:0;s:20:\"uagb\/loop-pagination\";i:0;s:15:\"uagb\/loop-reset\";i:0;s:16:\"uagb\/loop-search\";i:0;s:14:\"uagb\/loop-sort\";i:0;s:17:\"uagb\/loop-wrapper\";i:0;s:13:\"uagb\/register\";i:0;s:19:\"uagb\/register-email\";i:0;s:24:\"uagb\/register-first-name\";i:0;s:23:\"uagb\/register-last-name\";i:0;s:22:\"uagb\/register-password\";i:0;s:30:\"uagb\/register-reenter-password\";i:0;s:19:\"uagb\/register-terms\";i:0;s:22:\"uagb\/register-username\";i:0;}"],"_thumbnail_id":["285737"],"_uag_css_file_name":["uag-css-285738.css"],"_elementor_page_assets":["a:0:{}"]},"uagb_featured_image_src":{"full":["https:\/\/www.ferberpainting.com\/wp-content\/uploads\/2026\/09\/comment-et-quand-planter-de-l-ail-des-ours.jpg",940,627,false],"thumbnail":["https:\/\/www.ferberpainting.com\/wp-content\/uploads\/2026\/09\/comment-et-quand-planter-de-l-ail-des-ours-150x150.jpg",150,150,true],"medium":["https:\/\/www.ferberpainting.com\/wp-content\/uploads\/2026\/09\/comment-et-quand-planter-de-l-ail-des-ours-300x200.jpg",300,200,true],"medium_large":["https:\/\/www.ferberpainting.com\/wp-content\/uploads\/2026\/09\/comment-et-quand-planter-de-l-ail-des-ours-768x512.jpg",768,512,true],"large":["https:\/\/www.ferberpainting.com\/wp-content\/uploads\/2026\/09\/comment-et-quand-planter-de-l-ail-des-ours.jpg",940,627,false],"1536x1536":["https:\/\/www.ferberpainting.com\/wp-content\/uploads\/2026\/09\/comment-et-quand-planter-de-l-ail-des-ours.jpg",940,627,false],"2048x2048":["https:\/\/www.ferberpainting.com\/wp-content\/uploads\/2026\/09\/comment-et-quand-planter-de-l-ail-des-ours.jpg",940,627,false],"trp-custom-language-flag":["https:\/\/www.ferberpainting.com\/wp-content\/uploads\/2026\/09\/comment-et-quand-planter-de-l-ail-des-ours-18x12.jpg",18,12,true],"woocommerce_thumbnail":["https:\/\/www.ferberpainting.com\/wp-content\/uploads\/2026\/09\/comment-et-quand-planter-de-l-ail-des-ours-300x300.jpg",300,300,true],"woocommerce_single":["https:\/\/www.ferberpainting.com\/wp-content\/uploads\/2026\/09\/comment-et-quand-planter-de-l-ail-des-ours-600x400.jpg",600,400,true],"woocommerce_gallery_thumbnail":["https:\/\/www.ferberpainting.com\/wp-content\/uploads\/2026\/09\/comment-et-quand-planter-de-l-ail-des-ours-100x100.jpg",100,100,true]},"uagb_author_info":{"display_name":"admin","author_link":"https:\/\/www.ferberpainting.com\/hu\/blog\/author\/admin2721\/"},"uagb_comment_info":0,"uagb_excerpt":"Wild garlic, also known as ramsons or Allium ursinum, is one of the most rewarding plants a gardener can grow. Its broad green leaves and delicate white star-shaped flowers bring a woodland charm to any garden, and its pungent, garlicky aroma makes it a favorite among cooks who love foraging fresh, homegrown ingredients. But before&hellip;","_links":{"self":[{"href":"https:\/\/www.ferberpainting.com\/hu\/wp-json\/wp\/v2\/posts\/285738","targetHints":{"allow":["GET"]}}],"collection":[{"href":"https:\/\/www.ferberpainting.com\/hu\/wp-json\/wp\/v2\/posts"}],"about":[{"href":"https:\/\/www.ferberpainting.com\/hu\/wp-json\/wp\/v2\/types\/post"}],"author":[{"embeddable":true,"href":"https:\/\/www.ferberpainting.com\/hu\/wp-json\/wp\/v2\/users\/1"}],"replies":[{"embeddable":true,"href":"https:\/\/www.ferberpainting.com\/hu\/wp-json\/wp\/v2\/comments?post=285738"}],"version-history":[{"count":0,"href":"https:\/\/www.ferberpainting.com\/hu\/wp-json\/wp\/v2\/posts\/285738\/revisions"}],"wp:featuredmedia":[{"embeddable":true,"href":"https:\/\/www.ferberpainting.com\/hu\/wp-json\/wp\/v2\/media\/285737"}],"wp:attachment":[{"href":"https:\/\/www.ferberpainting.com\/hu\/wp-json\/wp\/v2\/media?parent=285738"}],"wp:term":[{"taxonomy":"category","embeddable":true,"href":"https:\/\/www.ferberpainting.com\/hu\/wp-json\/wp\/v2\/categories?post=285738"},{"taxonomy":"post_tag","embeddable":true,"href":"https:\/\/www.ferberpainting.com\/hu\/wp-json\/wp\/v2\/tags?post=285738"}],"curies":[{"name":"wp","href":"https:\/\/api.w.org\/{rel}","templated":true}]}}