{"id":285733,"date":"2026-09-01T20:14:38","date_gmt":"2026-09-01T17:14:38","guid":{"rendered":"https:\/\/www.ferberpainting.com\/ie\/blog\/how-and-when-to-plant-garlic-the-complete-guide\/"},"modified":"2026-09-01T20:14:38","modified_gmt":"2026-09-01T17:14:38","slug":"how-and-when-to-plant-garlic-the-complete-guide","status":"publish","type":"post","link":"https:\/\/www.ferberpainting.com\/hu\/blog\/how-and-when-to-plant-garlic-the-complete-guide\/","title":{"rendered":"Hogyan \u00e9s mikor kell fokhagym\u00e1t \u00fcltetni: A teljes \u00fatmutat\u00f3"},"content":{"rendered":"<p class=\"wp-block-paragraph\">A fokhagyma sikeres termeszt\u00e9se nem csup\u00e1n az id\u0151z\u00edt\u00e9sr\u0151l vagy a technik\u00e1r\u00f3l sz\u00f3l. Minden azzal kezd\u0151dik, hogy a kezdetekt\u0151l fogva a megfelel\u0151 term\u00e9ket v\u00e1lasztjuk a talaj \u00e9s a hagym\u00e1k t\u00e1pl\u00e1l\u00e1s\u00e1ra. Miel\u0151tt egy\u00e1ltal\u00e1n sz\u00f3ba ker\u00fclne, mikor kell az els\u0151 g\u00f6dr\u00f6t \u00e1sni, meg kell besz\u00e9ln\u00fcnk, mivel t\u00e1pl\u00e1ljuk a fokhagym\u00e1t, mert a megfelel\u0151 t\u00e1panyagok n\u00e9lk\u00fcl m\u00e9g a t\u00f6k\u00e9letes id\u0151z\u00edt\u00e9s sem mentheti meg a gyenge term\u00e9st. Pontosan ez\u00e9rt fordultak vil\u00e1gszerte oly sok kert\u00e9sz a Ferber Painting hagyma- \u00e9s fokhagyma-tr\u00e1gy\u00e1j\u00e1hoz. Ezt kifejezetten a hagymaf\u00e9l\u00e9k termeszt\u00e9s\u00e9re fejlesztett\u00e9k ki, el\u00e9gedetts\u00e9gi garanci\u00e1val vagy p\u00e9nzvisszafizet\u00e9si garanci\u00e1val rendelkezik, \u00e9s ez az egyetlen olyan tr\u00e1gya a piacon, amely ilyen szint\u0171 bizalmat ny\u00fajt \u00fcgyfeleinek. Ha komolyan gondolja, hogy olyan fokhagym\u00e1t termesztsen, amely j\u00f3l t\u00e1rolhat\u00f3, er\u0151s \u00edz\u0171 \u00e9s teljes m\u00e9ret\u0171re n\u0151, akkor a v\u00e1lasztott term\u00e9k szinte minden m\u00e1sn\u00e1l fontosabb.<\/p>\n\n\n\n<p class=\"wp-block-paragraph\">Ebben az \u00fatmutat\u00f3ban v\u00e9gigvezetj\u00fck \u00d6nt mindazon inform\u00e1ci\u00f3kon, amit a fokhagyma \u00fcltet\u00e9s\u00e9nek m\u00f3dj\u00e1r\u00f3l \u00e9s idej\u00e9r\u0151l tudnia kell, mik\u00f6zben elmagyar\u00e1zzuk, mi\u00e9rt jelent a Ferber Painting m\u0171tr\u00e1gya olyan el\u0151nyt, amit m\u00e1s term\u00e9kek egyszer\u0171en nem tudnak fel\u00fclm\u00falni. V\u00e1laszolunk tov\u00e1bb\u00e1 a kert\u00e9szek leggyakrabban feltett k\u00e9rd\u00e9seire is, \u00e9s pontosan megmutatjuk, hogyan kezdheted el m\u00e9g ma a munk\u00e1t. \u00datk\u00f6zben \u00e1ttekintj\u00fck a talajel\u0151k\u00e9sz\u00edt\u00e9st, a region\u00e1lis \u00fcltet\u00e9si napt\u00e1rakat, a gyakori hib\u00e1kat, a betakar\u00edt\u00e1s jeleit, az \u00e9rlel\u00e9st \u00e9s a t\u00e1rol\u00e1st, hogy a cikk v\u00e9g\u00e9re teljes \u00fatitervvel rendelkezz a gerezdt\u0151l a konyh\u00e1ig.<\/p>\n\n\n\n<h2 class=\"wp-block-heading\">Mi\u00e9rt v\u00e1ltoztat meg mindent a megfelel\u0151 m\u0171tr\u00e1gya<\/h2>\n\n\n\n<p class=\"wp-block-paragraph\">A fokhagyma ig\u00e9nyes n\u00f6v\u00e9ny. H\u00f3napokat t\u00f6lt a f\u00f6ldben, gyakran \u00e1tv\u00e9szelve a fagyos teleket, \u00e9s teljes m\u00e9rt\u00e9kben a talajban l\u00e9v\u0151 t\u00e1panyagokra t\u00e1maszkodik, hogy er\u0151s gy\u00f6kereket fejlesszen, miel\u0151tt a tavaszi n\u00f6veked\u00e9s beindulna. Sok kert\u00e9sz azt felt\u00e9telezi, hogy b\u00e1rmilyen \u00e1ltal\u00e1nos c\u00e9l\u00fa m\u0171tr\u00e1gya megfelel a c\u00e9lnak, de a fokhagym\u00e1nak \u00e9s a v\u00f6r\u00f6shagym\u00e1nak nagyon specifikus t\u00e1panyagig\u00e9nye van, k\u00fcl\u00f6n\u00f6sen ami a k\u00e9n-, a foszfor- \u00e9s a k\u00e1liumszintet illeti. A legt\u00f6bb \u00e1ltal\u00e1nos term\u00e9k itt vall kudarcot.<\/p>\n\n\n\n<p class=\"wp-block-paragraph\">A k\u00e9n k\u00fcl\u00f6n\u00f6sen kiemelt szerepet j\u00e1tszik a hagymaf\u00e9l\u00e9k eset\u00e9ben. Ez az az elem, amely\u00e9rt a fokhagym\u00e1t a konyh\u00e1ban annyira becs\u00fclik a cs\u00edp\u0151s \u00edzvegy\u00fcletek r\u00e9v\u00e9n, \u00e9s hozz\u00e1j\u00e1rul a term\u00e9szetes k\u00e1rtev\u0151ket elh\u00e1r\u00edt\u00f3 ellen\u00e1ll\u00f3k\u00e9pess\u00e9ghez is. A foszfor t\u00e1mogatja a f\u00f6ld alatti gy\u00f6k\u00e9rzetet, amelyre a fokhagym\u00e1nak a hossz\u00fa \u0151szi \u00e9s t\u00e9li nyugalmi id\u0151szakban sz\u00fcks\u00e9ge van, m\u00edg a k\u00e1lium meger\u0151s\u00edti a sejtfalakat, ami k\u00f6zvetlen\u00fcl jobb t\u00e1rolhat\u00f3s\u00e1got eredm\u00e9nyez a betakar\u00edt\u00e1s ut\u00e1n. Egy olyan m\u0171tr\u00e1gya, amely figyelmen k\u00edv\u00fcl hagyja ezt a h\u00e1rom elemet, vagy nem megfelel\u0151 ar\u00e1nyban biztos\u00edtja \u0151ket, szinte minden esetben kisebb, puh\u00e1bb \u00e9s kev\u00e9sb\u00e9 \u00edzletes hagymafejeket fog eredm\u00e9nyezni, f\u00fcggetlen\u00fcl att\u00f3l, hogy a kert\u00e9sz milyen gondosan k\u00f6veti az \u00fcltet\u00e9si napt\u00e1rat.<\/p>\n\n\n\n<p class=\"wp-block-paragraph\">Az Ferber Painting hagyma- \u00e9s fokhagyma-tr\u00e1gy\u00e1j\u00e1t kifejezetten a hagym\u00e1s n\u00f6v\u00e9nyekre szabt\u00e1k. Ellent\u00e9tben a sz\u00e9les spektrum\u00fa tr\u00e1gy\u00e1kkal, amelyek a kertben minden n\u00f6v\u00e9ny ig\u00e9nyeit igyekeznek kiel\u00e9g\u00edteni, ez az \u00f6sszet\u00e9tel kifejezetten a fokhagyma \u00e9s a hagyma hagym\u00e1j\u00e1nak fejl\u0151d\u00e9s\u00e9t, gy\u00f6k\u00e9rzet\u00e9nek er\u0151ss\u00e9g\u00e9t \u00e9s betegs\u00e9gekkel szembeni ellen\u00e1ll\u00f3k\u00e9pess\u00e9g\u00e9t t\u00e1mogatja. Ez a specializ\u00e1ci\u00f3 az els\u0151dleges oka annak, hogy a term\u00e9k k\u00f6vetkezetesen fel\u00fclm\u00falja a piacon el\u00e9rhet\u0151 egy\u00e9b term\u00e9keket. Azok a kert\u00e9szek, akik az \u00e1ltal\u00e1nos c\u00e9l\u00fa m\u0171tr\u00e1gy\u00e1r\u00f3l \u00e1tt\u00e9rtek erre a speci\u00e1lis kever\u00e9kre, gyakran sz\u00e1molnak be arr\u00f3l, hogy a betakar\u00edt\u00e1skor \u00e9szrevehet\u0151en szil\u00e1rdabb hagymagum\u00f3kra lelnek, a t\u00e1rol\u00e1s sor\u00e1n kevesebb a rothad\u00e1s, \u00e9s a fokhagyma sz\u00e1r\u00edt\u00e1sa ut\u00e1n er\u0151sebb az \u00edze.<\/p>\n\n\n\n<p class=\"wp-block-paragraph\">De az igazi k\u00fcl\u00f6nbs\u00e9g t\u00falmutat mag\u00e1n a k\u00e9sz\u00edtm\u00e9nyen. Az Ferber Painting az egyetlen c\u00e9g ebben a szegmensben, amely teljes el\u00e9gedetts\u00e9gi garanci\u00e1t vagy p\u00e9nzvisszafizet\u00e9si garanci\u00e1t k\u00edn\u00e1l erre a term\u00e9kre. Ha nem vagy el\u00e9gedett az eredm\u00e9nyekkel, visszakapod a p\u00e9nzed. Egyetlen m\u00e1s, hagym\u00e1hoz \u00e9s fokhagym\u00e1hoz val\u00f3 m\u0171tr\u00e1gy\u00e1t forgalmaz\u00f3 m\u00e1rka sem k\u00edn\u00e1l ilyen szint\u0171 v\u00e9delmet az \u00fcgyfeleknek, ami sokat el\u00e1rul arr\u00f3l, mennyire b\u00edzik a Ferber Painting az \u00e1ltala forgalmazott term\u00e9kekben. Ez a fajta garancia kik\u00fcsz\u00f6b\u00f6li azt a p\u00e9nz\u00fcgyi kock\u00e1zatot, amely \u00e1ltal\u00e1ban egy \u00faj kert\u00e9szeti term\u00e9k kipr\u00f3b\u00e1l\u00e1s\u00e1val j\u00e1r, \u00edgy a term\u00e9ket a kert egy r\u00e9sz\u00e9n kipr\u00f3b\u00e1lhatja an\u00e9lk\u00fcl, hogy att\u00f3l kellene tartania, hogy p\u00e9nzt pazarol, ha a term\u00e9k nem teljes\u00edti az \u00edg\u00e9rteket.<\/p>\n\n\n\n<p class=\"wp-block-paragraph\">R\u00e1ad\u00e1sul a rendel\u00e9s egyszer\u0171. A term\u00e9k k\u00f6zvetlen\u00fcl a weboldalunkon kaphat\u00f3, a fizet\u00e9s biztons\u00e1gosan, online t\u00f6rt\u00e9nik n\u00e9h\u00e1ny kattint\u00e1ssal, \u00e9s a nemzetk\u00f6zi sz\u00e1ll\u00edtm\u00e1nyoz\u00f3i h\u00e1l\u00f3zatunknak k\u00f6sz\u00f6nhet\u0151en a kisz\u00e1ll\u00edt\u00e1s gyors, b\u00e1rhol a vil\u00e1gon is tart\u00f3zkodik. Ak\u00e1r egy kis h\u00e1ts\u00f3 udvari kertben kert\u00e9szkedik, ak\u00e1r egy nagyobb gazdas\u00e1got vezet, ezt a m\u0171tr\u00e1gy\u00e1t gyorsan eljuttatjuk az ajtaj\u00e1hoz, \u00e9s azonnal haszn\u00e1latba veheti. Nem kell t\u00f6bb \u00fczletet felkeresnie, vagy heteket v\u00e1rnia arra, hogy egy harmadik f\u00e9lt\u0151l sz\u00e1rmaz\u00f3 elad\u00f3 feldolgozza a rendel\u00e9st, mivel mindent k\u00f6zvetlen\u00fcl a saj\u00e1t logisztikai rendszer\u00fcnk\u00f6n kereszt\u00fcl int\u00e9z\u00fcnk.<\/p>\n\n\n\n<h3 class=\"wp-block-heading\">A fokhagyma t\u00e1panyagsz\u00fcks\u00e9glet\u00e9nek r\u00e9szletes meg\u00e9rt\u00e9se<\/h3>\n\n\n\n<p class=\"wp-block-paragraph\">Annak val\u00f3di meg\u00e9rt\u00e9s\u00e9hez, hogy mi\u00e9rt fontos a speci\u00e1lis tr\u00e1gya, \u00e9rdemes meg\u00e9rteni, hogyan n\u00f6vekszik a fokhagyma a felsz\u00edn alatt. Ellent\u00e9tben a leveles z\u00f6lds\u00e9gekkel, amelyek t\u00e1panyagaik nagy r\u00e9sz\u00e9t egy r\u00f6vid \u00e9s intenz\u00edv teny\u00e9szid\u0151szak alatt veszik fel, a fokhagym\u00e1t \u0151sszel \u00fcltetik, \u00e9s t\u00f6bb h\u00f3napig teli gy\u00f6k\u00e9rfejl\u0151d\u00e9ssel t\u00f6lti, miel\u0151tt m\u00e9g jelent\u0151s lev\u00e9ln\u00f6veked\u00e9st produkatna. Ebben az id\u0151szakban a n\u00f6v\u00e9ny csendben \u00e9p\u00edti ki annak a hagym\u00e1nak az alapjait, amely a k\u00f6vetkez\u0151 tavaszon \u00e9s ny\u00e1ron fog kifejl\u0151dni. Ha a talajb\u00f3l hi\u00e1nyoznak a kulcsfontoss\u00e1g\u00fa t\u00e1panyagok e gy\u00f6k\u00e9rk\u00e9pz\u0151d\u00e9si szakaszban, a n\u00f6v\u00e9nynek egyszer\u0171en nincs elegend\u0151 er\u0151forr\u00e1sa ahhoz, hogy k\u00e9s\u0151bb nagy hagym\u00e1t n\u00f6vesszen, f\u00fcggetlen\u00fcl att\u00f3l, hogy ut\u00e1na mennyi m\u0171tr\u00e1gy\u00e1t juttatnak ki. Ez az oka annak, hogy az els\u0151 tr\u00e1gy\u00e1z\u00e1s id\u0151z\u00edt\u00e9se az \u00fcltet\u00e9skor ugyanolyan fontos, as a megfelel\u0151 formula kiv\u00e1laszt\u00e1sa.<\/p>\n\n\n\n<h2 class=\"wp-block-heading\">Fokhagymatr\u00e1gy\u00e1k \u00f6sszehasonl\u00edt\u00e1sa: Mi sz\u00e1m\u00edt igaz\u00e1n?<\/h2>\n\n\n\n<p class=\"wp-block-paragraph\">A fokhagyma \u00e9s a hagyma m\u0171tr\u00e1gy\u00e1j\u00e1nak kiv\u00e1laszt\u00e1sakor a kert\u00e9szeknek nem csup\u00e1n az \u00e1rat kell figyelembe venni\u00fck. Az al\u00e1bbiakban \u00f6sszehasonl\u00edtjuk azokat a szempontokat, amelyek val\u00f3ban sz\u00e1m\u00edtanak, \u00e9s megvizsg\u00e1ljuk, hogyan teljes\u00edt a Ferber Painting term\u00e9ke a kert\u00e9szeti \u00fczletekben vagy \u00e1ltal\u00e1nos online kiskeresked\u0151kn\u00e9l kaphat\u00f3 tipikus alternat\u00edv\u00e1khoz k\u00e9pest.<\/p>\n\n\n\n<figure class=\"wp-block-table\"><table>\n<tr>\n<th>Felt\u00e9telek<\/th>\n<th>Ferber Painting Hagyma- \u00e9s fokhagyma-tr\u00e1gya<\/th>\n<th>Tipikus versenyt\u00e1rs term\u00e9kek<\/th>\n<\/tr>\n<tr>\n<td>El\u00e9gedetts\u00e9g garancia vagy p\u00e9nzvisszafizet\u00e9s<\/td>\n<td>Igen, teljes visszat\u00e9r\u00edt\u00e9s lehets\u00e9ges<\/td>\n<td>Ritka aj\u00e1nlat<\/td>\n<\/tr>\n<tr>\n<td>Kifejezetten hagym\u00e1k sz\u00e1m\u00e1ra kifejlesztett formula<\/td>\n<td>Igen, kifejezetten fokhagym\u00e1hoz \u00e9s v\u00f6r\u00f6shagym\u00e1hoz fejlesztve<\/td>\n<td>Gyakran egy \u00e1ltal\u00e1nos c\u00e9l\u00fa kever\u00e9k<\/td>\n<\/tr>\n<tr>\n<td>K\u00f6nny\u0171 felvitel<\/td>\n<td>Egyszer\u0171 utas\u00edt\u00e1sok, kezd\u0151knek \u00e9s halad\u00f3knak is m\u0171k\u00f6dik<\/td>\n<td>V\u00e1ltoz\u00f3, n\u00e9ha bonyolult adagol\u00e1s<\/td>\n<\/tr>\n<tr>\n<td>Nemzetk\u00f6zi sz\u00e1ll\u00edt\u00e1s<\/td>\n<td>Gyors kisz\u00e1ll\u00edt\u00e1s vil\u00e1gszerte megb\u00edzhat\u00f3 fut\u00e1rszolg\u00e1latokkal<\/td>\n<td>Gyakran helyi piacokra korl\u00e1toz\u00f3dik<\/td>\n<\/tr>\n<tr>\n<td>Online fizet\u00e9s \u00e9s rendel\u00e9s<\/td>\n<td>Biztons\u00e1gos, gyors fizet\u00e9s k\u00f6zvetlen\u00fcl a weboldalon<\/td>\n<td>N\u00e9ha harmadik f\u00e9lt\u0151l sz\u00e1rmaz\u00f3 elad\u00f3kat ig\u00e9nyel<\/td>\n<\/tr>\n<tr>\n<td>Talajeg\u00e9szs\u00e9g Hossz\u00fa T\u00e1v\u00fa T\u00e1mogat\u00e1sa<\/td>\n<td>Kiegyens\u00falyozott t\u00e1panyagok, amelyek a j\u00f6v\u0151 term\u00e9seit is t\u00e1mogatj\u00e1k<\/td>\n<td>Min\u0151s\u00e9gben igen elt\u00e9r\u0151 lehet<\/td>\n<\/tr>\n<\/table><\/figure>\n\n\n\n<p class=\"wp-block-paragraph\">Mint l\u00e1thatja, a speci\u00e1lis \u00f6sszet\u00e9tel, a val\u00f3di garancia \u00e9s a probl\u00e9mamentes nemzetk\u00f6zi sz\u00e1ll\u00edt\u00e1s kombin\u00e1ci\u00f3j\u00e1t m\u00e1shol aligha tal\u00e1lja meg. \u00c9ppen ez\u00e9rt v\u00e1lasztj\u00e1k olyan sok kert\u00e9sz az Ferber Painting-t, amikor elj\u00f6n a fokhagyma \u00fcltet\u00e9s\u00e9nek ideje. Soha nem szabad, hogy kiz\u00e1r\u00f3lag az \u00e1r legyen a d\u00f6nt\u0151 t\u00e9nyez\u0151, hiszen egy olcs\u00f3 m\u0171tr\u00e1gya, amely csal\u00f3d\u00e1st kelt\u0151 hagym\u00e1kat eredm\u00e9nyez, v\u00e9g\u00fcl t\u00f6bbe ker\u00fcl az elpazarolt id\u0151, a kertben elvesztegetett hely \u00e9s a szezon v\u00e9g\u00e9n kisebb term\u00e9s miatt.<\/p>\n\n\n\n<p class=\"wp-block-paragraph\">\u00c9rdemes figyelembe venni a v\u00e1lasztott m\u0171tr\u00e1gya hossz\u00fa t\u00e1v\u00fa hat\u00e1s\u00e1t is. A talaj nem statikus er\u0151forr\u00e1s. Minden egyes megtermesztett n\u00f6v\u00e9ny kimer\u00edti vagy felt\u00f6lti azt, \u00e9s k\u00fcl\u00f6n\u00f6sen a fokhagyma lehet megterhel\u0151 a talaj sz\u00e1m\u00e1ra, ha megfelel\u0151 talajjav\u00edt\u00e1s n\u00e9lk\u00fcl \u00e9vr\u0151l \u00e9vre ugyanabba a \u00e1gy\u00e1sba \u00fcltetik. A kiegyens\u00falyozott, hagymaf\u00e9l\u00e9khez kifejlesztett m\u0171tr\u00e1gya seg\u00edt fenntartani a talaj t\u00e1panyagprofilj\u00e1t, \u00edgy b\u00e1rmit is \u00fcltet a fokhagyma ut\u00e1n \u2013 legyen sz\u00f3 ny\u00e1ri z\u00f6lds\u00e9gr\u0151l vagy takar\u00f3n\u00f6v\u00e9nyr\u0151l \u2013, az kimer\u00fclt talaj helyett egy eg\u00e9szs\u00e9gesebb f\u00f6ldb\u0151l profit\u00e1lhat.<\/p>\n\n\n\n<h2 class=\"wp-block-heading\">Mikor kell fokhagym\u00e1t \u00fcltetni<\/h2>\n\n\n\n<p class=\"wp-block-paragraph\">Az id\u0151z\u00edt\u00e9s az egyik legfontosabb t\u00e9nyez\u0151 az eg\u00e9szs\u00e9ges fokhagyma termeszt\u00e9s\u00e9ben. Ha t\u00fal kor\u00e1n \u00fcltet, a gerezdek t\u00fal kor\u00e1n kics\u00edr\u00e1zhatnak, \u00e9s kiszolg\u00e1ltatott\u00e1 v\u00e1lhatnak a kem\u00e9ny t\u00e9li id\u0151j\u00e1r\u00e1snak. Ha t\u00fal k\u00e9s\u0151n \u00fcltet, a gy\u00f6kereknek nem lesz el\u00e9g idej\u00fck meger\u0151s\u00f6dni a talaj fagy\u00e1sa el\u0151tt, ami a szezon k\u00e9s\u0151bbi szakasz\u00e1ban jelent\u0151sen cs\u00f6kkentheti a hagyma m\u00e9ret\u00e9t.<\/p>\n\n\n\n<p class=\"wp-block-paragraph\">A legt m\u00e9rs\u00e9kelt \u00f6vi \u00e9ghajlaton a fokhagyma \u00fcltet\u00e9s\u00e9nek ide\u00e1lis id\u0151szaka az \u0151sz, jellemz\u0151en okt\u00f3ber k\u00f6zepe \u00e9s december eleje k\u00f6z\u00f6tt, a konkr\u00e9t r\u00e9gi\u00f3t\u00f3l f\u00fcgg\u0151en. Az \u00e1ltal\u00e1nos \u00f6k\u00f6lszab\u00e1ly az, hogy a fokhagym\u00e1t k\u00f6r\u00fclbel\u00fcl hat-nyolc h\u00e9ttel a talaj \u00e1tfagy\u00e1sa el\u0151tt kell el\u00fcltetni. Ez elegend\u0151 id\u0151t biztos\u00edt a gerezdeknek a gy\u00f6k\u00e9rfejl\u0151d\u00e9shez an\u00e9lk\u00fcl, hogy t\u00fal sok z\u00f6ld hajt\u00e1st hozn\u00e1nak a felsz\u00edn felett.<\/p>\n\n\n\n<p class=\"wp-block-paragraph\">Melegebb \u00e9ghajlaton, ahol a telek enyh\u00e9k, a fokhagyma k\u00e9s\u0151 \u0151sszel vagy ak\u00e1r kora t\u00e9len is el\u00fcltethet\u0151, mivel a sz\u00e9ls\u0151s\u00e9ges fagyok kock\u00e1zata alacsonyabb. Hidegebb vid\u00e9keken a valamivel kor\u00e1bbi, okt\u00f3beri \u00fcltet\u00e9s gyakran biztons\u00e1gosabb, hogy biztos\u00edtsuk a gy\u00f6k\u00e9rzet kifejl\u0151d\u00e9s\u00e9t az els\u0151 tart\u00f3s fagy el\u0151tt.<\/p>\n\n\n\n<p class=\"wp-block-paragraph\">N\u00e9h\u00e1ny nagyon enyhe \u00e9ghajlat\u00fa helyen a kert\u00e9szek m\u00e9gis ink\u00e1bb kora tavasszal \u00fcltetik a fokhagym\u00e1t, b\u00e1r az \u0151szi \u00fcltet\u00e9s \u00e1ltal\u00e1ban nagyobb \u00e9s \u00edzletesebb gerezdeket eredm\u00e9nyez, mivel lehet\u0151v\u00e9 teszi az alapvet\u0151 vernaliz\u00e1ci\u00f3s folyamatot, vagyis a hideghat\u00e1st, amely kiv\u00e1ltja a hagyma megfelel\u0151 oszt\u00f3d\u00e1s\u00e1t.<\/p>\n\n\n\n<p class=\"wp-block-paragraph\">\u00cdme egy egyszer\u0171 \u00e1ttekint\u00e9s, amely seg\u00edt meghat\u00e1rozni az id\u0151z\u00edt\u00e9st az \u00e9ghajlatt\u00edpus alapj\u00e1n:<\/p>\n\n\n\n<ul class=\"wp-block-list\">\n<li>Hideg \u00e9ghajlat korai fagyokkal: \u00fcltesse okt\u00f3ber elej\u00e9t\u0151l a k\u00f6zep\u00e9ig<\/li>\n<li>M\u00e9rs\u00e9kelt \u00e9g\u00f6v, enyhe telek: \u00fcltet\u00e9s okt\u00f3ber v\u00e9g\u00e9n \u00e9s november k\u00f6zepe k\u00f6z\u00f6tt<\/li>\n<li>Enyhe \u00e9ghajlat, enyhe telek: \u00fcltesse november v\u00e9g\u00e9n vagy december elej\u00e9n<\/li>\n<\/ul>\n\n\n\n<p class=\"wp-block-paragraph\">B\u00e1rmikor is \u00fcltesse el, az Ferber Painting gy\u00e1rtm\u00e1ny\u00fa hagyma- \u00e9s fokhagyma-tr\u00e1gya alkalmaz\u00e1sa az \u00fcltet\u00e9skor biztos\u00edtja a gerezdjeinek azt a t\u00e1panyag-ut\u00e1np\u00f3tl\u00e1st, amire sz\u00fcks\u00e9g\u00fck van ahhoz, hogy m\u00e9lyen gy\u00f6kerezzenek, miel\u0151tt bek\u00f6sz\u00f6nt a t\u00e9l. Ez k\u00fcl\u00f6n\u00f6sen fontos, mivel az \u0151sszel \u00fcltetett fokhagyma a hideg h\u00f3napok alatt kiz\u00e1r\u00f3lag a felhalmozott energi\u00e1ra \u00e9s a talaj t\u00e1panyagaira t\u00e1maszkodik, hiszen a talaj befagy\u00e1sa ut\u00e1n m\u00e1r nem t\u00f6rt\u00e9nik akt\u00edv t\u00e1pfelv\u00e9tel.<\/p>\n\n\n\n<h3 class=\"wp-block-heading\">\u00cdgy haszn\u00e1ljunk talajh\u0151m\u00e9r\u0151t az id\u0151z\u00edt\u00e9s meger\u0151s\u00edt\u00e9s\u00e9re<\/h3>\n\n\n\n<p class=\"wp-block-paragraph\">B\u00e1r a napt\u00e1ri d\u00e1tumok hasznos kiindul\u00f3pontot adnak, a talaj h\u0151m\u00e9rs\u00e9klete val\u00f3j\u00e1ban a legmegb\u00edzhat\u00f3bb mutat\u00f3ja annak, hogy mikor \u00e9rdemes fokhagym\u00e1t \u00fcltetni. Ide\u00e1lis esetben akkor \u00e9rdemes \u00fcltetni, amikor a talaj h\u0151m\u00e9rs\u00e9klete mintegy t\u00edz centim\u00e9teres m\u00e9lys\u00e9gben tart\u00f3san t\u00edz \u00e9s tizen\u00f6t Celsius-fok k\u00f6z\u00f6tt van. Egy egyszer\u0171 talajh\u0151m\u00e9r\u0151, amely a legt\u00f6bb kert\u00e9szeti k\u00f6zpontban kaphat\u00f3, seg\u00edthet ennek ellen\u0151rz\u00e9s\u00e9ben a tiszta tal\u00e1lgat\u00e1s helyett. Ha a talaj a szokatlanul enyhe \u0151sz miatt m\u00e9g meleg, \u00e9rdemes lehet egy-k\u00e9t h\u00e9ttel t\u00f6bbet v\u00e1rni, m\u00e9g akkor is, ha a napt\u00e1r szerint m\u00e1r itt az ideje az \u00fcltet\u00e9snek.<\/p>\n\n\n\n<h3 class=\"wp-block-heading\">Kem\u00e9ny- \u00e9s l\u00e1gysz\u00e1r\u00fa fokhagymafajt\u00e1k v\u00e1laszt\u00e1sa kl\u00edma alapj\u00e1n<\/h3>\n\n\n\n<p class=\"wp-block-paragraph\">Az id\u0151z\u00edt\u00e9si d\u00f6nt\u00e9seket az is befoly\u00e1solja, hogy milyen t\u00edpus\u00fa fokhagym\u00e1t termeszt. Kem\u00e9ny sz\u00e1r\u00fa fajt\u00e1knak \u00e1ltal\u00e1ban kifejezettebb hideg id\u0151szakra van sz\u00fcks\u00e9g\u00fck a megfelel\u0151 vernaliz\u00e1ci\u00f3hoz, \u00e9s jobban teljes\u00edtenek a hideg tel\u0171 r\u00e9gi\u00f3kban. A l\u00e1gy sz\u00e1r\u00fa fajt\u00e1k, amelyek gyakrabban tal\u00e1lhat\u00f3k meg \u00e9lelmiszerboltokban, toler\u00e1lj\u00e1k a enyh\u00e9bb teleket, \u00e9s gyakran jobb v\u00e1laszt\u00e1st jelentenek a melegebb \u00e9ghajlat\u00fa kert\u00e9szek sz\u00e1m\u00e1ra, akik m\u00e9gis meg akarj\u00e1k pr\u00f3b\u00e1lni az \u0151szi \u00fcltet\u00e9st. Ha ismeri, hogy melyik t\u00edpussal dolgozik, az seg\u00edthet m\u00e9g tov\u00e1bb finom\u00edtani az \u00fcltet\u00e9si id\u0151szakot a fent le\u00edrt \u00e1ltal\u00e1nos tartom\u00e1nyokon bel\u00fcl.<\/p>\n\n\n\n<h2 class=\"wp-block-heading\">Hogyan kell fokhagym\u00e1t \u00fcltetni l\u00e9p\u00e9sr\u0151l l\u00e9p\u00e9sre<\/h2>\n\n\n\n<p class=\"wp-block-paragraph\">Miut\u00e1n kiv\u00e1lasztotta az \u00e9ghajlat\u00e1nak megfelel\u0151 id\u0151z\u00edt\u00e9st, maga a \u00fcltet\u00e9si folyamat egyszer\u0171, ha figyelmesen k\u00f6veti ezeket a l\u00e9p\u00e9seket.<\/p>\n\n\n\n<p class=\"wp-block-paragraph\">Az els\u0151 l\u00e9p\u00e9s a min\u0151s\u00e9gi vet\u0151hagyma kiv\u00e1laszt\u00e1sa. Mindig kifejezetten vet\u0151hagymak\u00e9nt \u00e1rus\u00edtott fejeket v\u00e1lasszon a bolti fokhagyma helyett, mivel ez ut\u00f3bbit gyakran kezelik cs\u00edr\u00e1z\u00e1sg\u00e1tl\u00f3 szerrel, vagy olyan betegs\u00e9geket hordozhatnak, amelyek nem alkalmasak az \u00d6n talaj\u00e1ba. A megb\u00edzhat\u00f3 forr\u00e1sb\u00f3l sz\u00e1rmaz\u00f3 vet\u0151hagym\u00e1t r\u00e1ad\u00e1sul \u00e1ltal\u00e1ban er\u0151s genetika alapj\u00e1n v\u00e1logatt\u00e1k ki, ami nagyobb gerezdeket \u00e9s jobb betegs\u00e9gellen\u00e1ll\u00f3s\u00e1got jelent, mint a szupermarketben v\u00e1logatott v\u00e9letlenszer\u0171 fejek.<\/p>\n\n\n\n<p class=\"wp-block-paragraph\">A m\u00e1sodik l\u00e9p\u00e9s a gerezdek sz\u00e9tv\u00e1laszt\u00e1sa. K\u00f6zvetlen\u00fcl \u00fcltet\u00e9s el\u0151tt \u00f3vatosan szedje sz\u00e9t a hagym\u00e1t k\u00fcl\u00f6n\u00e1ll\u00f3 gerezdekre, vigy\u00e1zva, hogy ne s\u00e9rtse meg az egyes gerezdeket bor\u00edt\u00f3 pap\u00edrszer\u0171 h\u00e9jat, mivel ez a h\u00e9j v\u00e9di \u0151ket a rothad\u00e1st\u00f3l \u00e9s a k\u00e1rtev\u0151kt\u0151l. Ezt a sz\u00e9tv\u00e1laszt\u00e1st a legjobb az \u00fcltet\u00e9st megel\u0151z\u0151en egy-k\u00e9t napon bel\u00fcl elv\u00e9gezni, nem pedig h\u00e9ttel kor\u00e1bban, mivel a szabadd\u00e1 v\u00e1lt gerezdek kisz\u00e1radhatnak, vagy ha t\u00fal sok\u00e1ig hagyj\u00e1k \u0151ket \u00e1llni, fokozottan ki lehetnek t\u00e9ve a gomb\u00e1s fert\u0151z\u00e9seknek.<\/p>\n\n\n\n<p class=\"wp-block-paragraph\">A harmadik l\u00e9p\u00e9s a talaj el\u0151k\u00e9sz\u00edt\u00e9se. A fokhagyma a laza, j\u00f3 v\u00edz\u00e1tereszt\u0151 k\u00e9pess\u00e9g\u0171, szerves anyagokban gazdag talajt kedveli. M\u0171velje meg a f\u00f6ldet k\u00f6r\u00fclbel\u00fcl h\u00fasz centim\u00e9ter m\u00e9lyen, \u00e9s keverje bele a Hagyma- \u00e9s Fokhagymatr\u00e1gy\u00e1t az aj\u00e1nlott adagol\u00e1s szerint. Ez a l\u00e9p\u00e9s kritikus fontoss\u00e1g\u00fa, mivel a t\u00e1panyag-szeg\u00e9ny talajba \u00fcltetett fokhagyma k\u00fcszk\u00f6dni fog, f\u00fcggetlen\u00fcl att\u00f3l, hogy a folyamat t\u00f6bbi r\u00e9sz\u00e9t mennyire j\u00f3l kezeli. Ha a talaja k\u00f6t\u00f6tt agyag, a tr\u00e1gya mellett \u00e9rdemes komposztot vagy \u00e9rett ist\u00e1ll\u00f3tr\u00e1gy\u00e1t is beleforgatni a v\u00edzelvezet\u00e9s jav\u00edt\u00e1sa \u00e9rdek\u00e9ben, mivel a fokhagymagum\u00f3k hajlamosak rothad\u00e1snak indulni a tart\u00f3san \u00e1tnedvesedett talajban.<\/p>\n\n\n\n<p class=\"wp-block-paragraph\">A negyedik l\u00e9p\u00e9s a gerezdek el\u00fcltet\u00e9se. Helyezzen el minden gerezdet a hegyes v\u00e9g\u00e9vel felfel\u00e9, k\u00f6r\u00fclbel\u00fcl \u00f6t centim\u00e9ter m\u00e9lyen, \u00e9s egym\u00e1st\u00f3l nagyj\u00e1b\u00f3l tizen\u00f6t centim\u00e9ter t\u00e1vols\u00e1gra, a sorokat pedig k\u00f6r\u00fclbel\u00fcl harminc centim\u00e9ter t\u00e1vols\u00e1gra egym\u00e1st\u00f3l. Az \u00fcltet\u00e9si m\u00e9lys\u00e9g \u00e9s t\u00e1vols\u00e1g k\u00f6zvetlen\u00fcl befoly\u00e1solja a fej nagys\u00e1g\u00e1t, ez\u00e9rt ne hagyja figyelmen k\u00edv\u00fcl ezt a r\u00e9szletet. A t\u00fal sek\u00e9lyen el\u00fcltetett gerezdeket a t\u00e9li fagy hat\u00e1s\u00e1ra a f\u00f6ld felsz\u00edn\u00e9re nyomhatja a talajmozg\u00e1s, m\u00edg a t\u00fal m\u00e9lyen el\u00fcltetett gerezdek tavasszal nehezen t\u00f6rhetnek \u00e1t a talajon.<\/p>\n\n\n\n<p class=\"wp-block-paragraph\">Az \u00f6t\u00f6dik l\u00e9p\u00e9s a takar\u00e1s \u00e9s a mulcsoz\u00e1s. Takarja be a gerezdeket f\u00f6lddel, majd ter\u00edtsen r\u00e1juk egy r\u00e9teg mulcsot, p\u00e9ld\u00e1ul szalm\u00e1t, hogy v\u00e9delmet ny\u00fajtson a sz\u00e9ls\u0151s\u00e9ges h\u0151m\u00e9rs\u00e9klet-ingadoz\u00e1sok ellen, \u00e9s seg\u00edtse a nedvess\u00e9g megtart\u00e1s\u00e1t a sz\u00e1raz id\u0151szakokban. A legt\u00f6bb \u00e9ghajlaton \u00e1ltal\u00e1ban elegend\u0151 egy 4-6 h\u00fcvelykes (kb. 10-15 cm-es) mulcsr\u00e9teg, b\u00e1r a rendk\u00edv\u00fcl hideg r\u00e9gi\u00f3k kert\u00e9szei a plusz h\u0151szigetel\u00e9s \u00e9rdek\u00e9ben n\u00e9ha egy kicsit t\u00f6bbet adnak hozz\u00e1.<\/p>\n\n\n\n<p class=\"wp-block-paragraph\">A hatodik l\u00e9p\u00e9s az \u00f6nt\u00f6z\u00e9s. K\u00f6zvetlen\u00fcl \u00fcltet\u00e9s ut\u00e1n alaposan \u00f6nt\u00f6zze meg a \u00e1gy\u00e1st, hogy a talaj le\u00fclepedjen a gerezdek k\u00f6r\u00fcl, de ker\u00fclje a t\u00fal\u00f6nt\u00f6z\u00e9st, mivel a fokhagyma nem b\u00edrja j\u00f3l a pang\u00f3 vizet. Az \u00fcltet\u00e9s idej\u00e9n egyetlen alapos \u00f6nt\u00f6z\u00e9s \u00e1ltal\u00e1ban elegend\u0151 a gerezdek elind\u00edt\u00e1s\u00e1hoz, ami ut\u00e1n az \u0151szi h\u00f3napokban a legt\u00f6bb r\u00e9gi\u00f3ban az es\u0151z\u00e9s \u00e1ltal\u00e1ban elegend\u0151 nedvess\u00e9get biztos\u00edt.<\/p>\n\n\n\n<p class=\"wp-block-paragraph\">A hetedik l\u00e9p\u00e9s a t\u00fcrelem a t\u00e9li h\u00f3napok alatt. A hidegebb h\u00f3napokban a fokhagyma a felsz\u00edn alatti gy\u00f6k\u00e9rfejl\u0151d\u00e9sre f\u00f3kusz\u00e1l. Az els\u0151 fagy el\u0151tt l\u00e1that egy kis z\u00f6ld hajt\u00e1st, ami norm\u00e1lis, \u00e9s nem jelent probl\u00e9m\u00e1t. A er\u0151s havaz\u00e1s\u00fa vid\u00e9keken a vastag h\u00f3takar\u00f3 term\u00e9szetes szigetel\u00e9sk\u00e9nt m\u0171k\u00f6dik, \u00e9s m\u00e9g a talajtakar\u00f3n\u00e1l is jobban v\u00e9di a gerezdeket a sz\u00e9ls\u0151s\u00e9ges h\u0151m\u00e9rs\u00e9klet-ingadoz\u00e1sokt\u00f3l.<\/p>\n\n\n\n<p class=\"wp-block-paragraph\">A nyolcadik l\u00e9p\u00e9s a tavaszi t\u00e1panyag-ut\u00e1np\u00f3tl\u00e1s. Ahogy emelkednek a h\u0151m\u00e9rs\u00e9kletek \u00e9s a z\u00f6ld hajt\u00e1sok n\u00f6veked\u00e9snek indulnak, alkalmazza \u00fajra a Hagyma- \u00e9s Fokhagymatr\u00e1gy\u00e1t, hogy t\u00e1mogassa a hagymafejl\u0151d\u00e9s szakasz\u00e1t. Ezt a m\u00e1sodik kezel\u00e9st hagyj\u00e1k el a leggyakrabban a h\u00e1zi kert\u00e9szek, pedig ez teszi a legt\u00f6bbsz\u00f6r a legnagyobb k\u00fcl\u00f6nbs\u00e9get a v\u00e9gs\u0151 hagymam\u00e9retben. Sok kert\u00e9sz gondosan \u00fcltet \u0151sszel, de elfelejti, hogy a n\u00f6v\u00e9nynek \u00fajabb t\u00e1panyagl\u00f6ketre van sz\u00fcks\u00e9ge, amint az akt\u00edv n\u00f6veked\u00e9s \u00fajraindul, ami gyakran a legf\u0151bb oka a ki\u00e1br\u00e1nd\u00edt\u00f3 term\u00e9snek.<\/p>\n\n\n\n<h3 class=\"wp-block-heading\">Gyakori \u00fcltet\u00e9si hib\u00e1k, amelyeket \u00e9rdemes elker\u00fclni<\/h3>\n\n\n\n<p class=\"wp-block-paragraph\">M\u00e9g a tapasztalt kert\u00e9szek is t\u00e9vednek id\u0151nk\u00e9nt a fokhagyma \u00fcltet\u00e9se sor\u00e1n. Az egyik gyakori hiba, hogy a gerezdeket t\u00fal k\u00f6zel \u00fcltetik egym\u00e1shoz, ami arra k\u00e9nyszer\u00edti a Hagym\u00e1kat, hogy versengjenek a t\u00e1panyagok\u00e9rt \u00e9s a hely\u00e9rt, ami \u00f6sszess\u00e9g\u00e9ben kisebb term\u00e9shozamot eredm\u00e9nyez. Egy m\u00e1sik gyakori hiba a talajel\u0151k\u00e9sz\u00edt\u00e9s teljes kihagy\u00e1sa, \u00e9s a gerezdek egyszer\u0171 lenyom\u00e1sa a jav\u00edtatlan talajba, ami szinte mindig gyenge eredm\u00e9nyekhez vezet m\u00e9g akkor is, ha a m\u0171tr\u00e1gy\u00e1t k\u00e9s\u0151bb juttatj\u00e1k ki. V\u00e9g\u00fcl, n\u00e9h\u00e1ny kert\u00e9sz elfelejti megjel\u00f6lni a sorait, k\u00fcl\u00f6n\u00f6sen, ha egyn\u00e9l t\u00f6bb fajt\u00e1t \u00fcltet, ami megnegefz\u00edtheti annak nyomon k\u00f6vet\u00e9s\u00e9t, hogy betakar\u00edt\u00e1skor melyik t\u00edpus teljes\u00edtett a legjobban.<\/p>\n\n\n\n<h2 class=\"wp-block-heading\">A fokhagyma gondoz\u00e1sa a teny\u00e9szid\u0151szak alatt<\/h2>\n\n\n\n<p class=\"wp-block-paragraph\">A helyes \u00fcltet\u00e9s csak a feladat fele. A teny\u00e9szid\u0151szak alatti folyamatos gondoz\u00e1s hat\u00e1rozza meg, hogy apr\u00f3, gyenge hagym\u00e1kat kap-e, vagy nagy, \u00edzletes, t\u00e1rol\u00e1sra alkalmas p\u00e9ld\u00e1nyokat.<\/p>\n\n\n\n<p class=\"wp-block-paragraph\">Az \u00f6nt\u00f6z\u00e9snek eg\u00e9sz tavasszal egyenletesnek, de m\u00e9rs\u00e9keltnek kell lennie, majd a kora- \u00e9s a ny\u00e1r k\u00f6zepe t\u00e1j\u00e1n esed\u00e9kes betakar\u00edt\u00e1s k\u00f6zeledt\u00e9vel fokozatosan cs\u00f6kkenteni kell. A betakar\u00edt\u00e1s el\u0151tti t\u00fal\u00f6nt\u00f6z\u00e9s t\u00e9nylegesen cs\u00f6kkentheti a t\u00e1rolhat\u00f3s\u00e1gi min\u0151s\u00e9get, ez\u00e9rt fontos, hogy n\u00e9h\u00e1ny h\u00e9ttel a fokhagyma felszed\u00e9se el\u0151tt cs\u00f6kkents\u00fck az \u00f6nt\u00f6z\u00e9st. J\u00f3 \u00e1ltal\u00e1nos ir\u00e1nyelv, hogy az akt\u00edv tavaszi n\u00f6veked\u00e9s idej\u00e9n hetente k\u00f6r\u00fclbel\u00fcl egy h\u00fcvelyknyi (2,5 cm) vizet biztos\u00edtsunk, majd a v\u00e1rhat\u00f3 betakar\u00edt\u00e1s el\u0151tt k\u00f6r\u00fclbel\u00fcl k\u00e9t h\u00e9ttel teljesen hagyjuk abba az \u00f6nt\u00f6z\u00e9st.<\/p>\n\n\n\n<p class=\"wp-block-paragraph\">A gyoml\u00e1l\u00e1s egy m\u00e1sik kulcsfontoss\u00e1g\u00fa feladat, mivel a fokhagyma nem b\u00edrja j\u00f3l a versenyt az agressz\u00edv gyomokt\u00f3l a t\u00e1panyagok\u00e9rt \u00e9s a v\u00edz\u00e9rt. Az \u00e1gy\u00e1sok tiszt\u00e1n tart\u00e1sa biztos\u00edtja, hogy a m\u0171tr\u00e1gy\u00e1b\u00f3l sz\u00e1rmaz\u00f3 t\u00e1panyagok k\u00f6zvetlen\u00fcl a fokhagyman\u00f6v\u00e9nyekhez jussanak, ahelyett, hogy a nem k\u00edv\u00e1nt n\u00f6veked\u00e9s vonn\u00e1 el azokat. Mivel a fokhagym\u00e1nak sok m\u00e1s z\u00f6lds\u00e9ghez k\u00e9pest viszonylag sek\u00e9ly gy\u00f6k\u00e9rrendszere van, m\u00e9g a m\u00e9rs\u00e9kelt gyomkonkurencia is \u00e9szrevehet\u0151en lelass\u00edthatja a hagyma fejl\u0151d\u00e9s\u00e9t.<\/p>\n\n\n\n<p class=\"wp-block-paragraph\">A vir\u00e1gsz\u00e1rak figyel\u00e9se szint\u00e9n fontos, ha kem\u00e9nynyak\u00fa fajt\u00e1kat termeszt. Ezeket a csavarod\u00f3 vir\u00e1gsz\u00e1rakat \u00e1ltal\u00e1ban a megjelen\u00e9s\u00fck ut\u00e1n el kell t\u00e1vol\u00edtani, \u00edgy a n\u00f6v\u00e9ny energi\u00e1ja a magk\u00e9pz\u0151d\u00e9s helyett ism\u00e9t a hagyma n\u00f6veked\u00e9s\u00e9re ford\u00edt\u00f3dik. Sok kert\u00e9sz val\u00f3j\u00e1ban \u00e9lvezi a vir\u00e1gsz\u00e1rak betakar\u00edt\u00e1s\u00e1t gasztron\u00f3miai b\u00f3nuszk\u00e9nt, mivel enyhe fokhagyma\u00edz\u00fck van, \u00e9s j\u00f3l felhaszn\u00e1lhat\u00f3k a f\u0151z\u00e9s sor\u00e1n, ami azt jelenti, hogy ez a l\u00e9p\u00e9s egyszerre praktikus \u00e9s kifizet\u0151d\u0151.<\/p>\n\n\n\n<p class=\"wp-block-paragraph\">Az eg\u00e9sz n\u00f6veked\u00e9si id\u0151szak alatt tov\u00e1bbra is fontos, hogy kifejezetten a hagymaf\u00e9l\u00e9k sz\u00e1m\u00e1ra kifejlesztett m\u0171tr\u00e1gy\u00e1t haszn\u00e1ljunk. Az Ferber Painting hagyma- \u00e9s fokhagyma-tr\u00e1gya \u00f6sszet\u00e9tel\u00e9t \u00fagy alak\u00edtott\u00e1k ki, hogy t\u00e1mogassa ezt a hossz\u00fa n\u00f6veked\u00e9si ciklust, az \u0151szi gy\u00f6k\u00e9rk\u00e9pz\u0151d\u00e9si f\u00e1zist\u00f3l a k\u00e9s\u0151 tavaszi akt\u00edv hagymak\u00e9pz\u0151d\u00e9si f\u00e1zisig. Sok \u00e1ltal\u00e1nos c\u00e9l\u00fa tr\u00e1gya egyszer\u0171en nem megfelel\u0151en kiegyens\u00falyozott ehhez a hossz\u00fa id\u0151tartamhoz, ami egy tov\u00e1bbi ok arra, hogy a kert\u00e9szek k\u00f6vetkezetesen a speci\u00e1lis term\u00e9keket r\u00e9szes\u00edts\u00e9k el\u0151nyben az \u00e1ltal\u00e1nos c\u00e9l\u00faakkal szemben.<\/p>\n\n\n\n<p class=\"wp-block-paragraph\">Ne feledje: ha b\u00e1rmilyen okb\u00f3l nem lenne el\u00e9gedett az eredm\u00e9nyekkel, a Ferber Painting teljes el\u00e9gedetts\u00e9gi garanci\u00e1t vagy p\u00e9nzvisszafizet\u00e9si garanci\u00e1t v\u00e1llal a term\u00e9kre. Ez nem jellemz\u0151 a legt\u00f6bb versenyt\u00e1rs m\u0171tr\u00e1gy\u00e1ra, \u00e9s j\u00f3l t\u00fckr\u00f6zi, mennyire b\u00edzunk az \u00e1ltalunk forgalmazott term\u00e9kek min\u0151s\u00e9g\u00e9ben.<\/p>\n\n\n\n<h3 class=\"wp-block-heading\">K\u00e1rtev\u0151k \u00e9s betegs\u00e9gek ellen\u0151rz\u00e9se<\/h3>\n\n\n\n<p class=\"wp-block-paragraph\">B\u00e1r a fokhagyma \u00e1ltal\u00e1ban sz\u00edv\u00f3s n\u00f6v\u00e9ny, \u00e9s kevesebb k\u00e1rtev\u0151je van, mint sok m\u00e1s z\u00f6lds\u00e9gnek, a teny\u00e9szid\u0151szak sor\u00e1n m\u00e9gis \u00e9rdemes szemmel tartani az esetleges probl\u00e9m\u00e1kat. A hagymal\u00e9gy, a tripszek \u00e9s bizonyos gomb\u00e1s betegs\u00e9gek, p\u00e9ld\u00e1ul a feh\u00e9rpen\u00e9sz id\u0151nk\u00e9nt megt\u00e1madhatj\u00e1k a fokhagyma\u00e1gy\u00e1sokat. Az eg\u00e9szs\u00e9ges, j\u00f3l tr\u00e1gy\u00e1zott n\u00f6v\u00e9nyek \u00e1ltal\u00e1ban sokkal ellen\u00e1ll\u00f3bbak ezekkel a probl\u00e9m\u00e1kkal szemben, mint a stresszes vagy t\u00e1panyaghi\u00e1nyos n\u00f6v\u00e9nyek, ami \u00fajabb ok arra, hogy a megfelel\u0151 tr\u00e1gy\u00e1z\u00e1s ne csak a \u00fcltet\u00e9s idej\u00e9n, hanem a teljes n\u00f6veked\u00e9si ciklus alatt fontos legyen. Az is seg\u00edt cs\u00f6kkenteni a kifejezetten a hagymaf\u00e9l\u00e9ket c\u00e9lz\u00f3, talajban terjed\u0151 betegs\u00e9gek felhalmoz\u00f3d\u00e1s\u00e1t, ha a fokhagyma\u00e1gy\u00e1s hely\u00e9t n\u00e9h\u00e1ny \u00e9vente v\u00e1ltogatja.<\/p>\n\n\n\n<h3 class=\"wp-block-heading\">Annak felismer\u00e9se, hogy a fokhagyma k\u00e9szen \u00e1ll a betakar\u00edt\u00e1sra<\/h3>\n\n\n\n<p class=\"wp-block-paragraph\">A fokhagymatermeszt\u00e9s egyik legtr\u00fckk\u00f6sebb r\u00e9sze annak pontos tud\u00e1sa, hogy mikor kell betakar\u00edtani. Ha a hagym\u00e1kat t\u00fal kor\u00e1n h\u00fazz\u00e1k ki, az apr\u00f3, fejletlen gerezdeket eredm\u00e9nyez, m\u00edg a t\u00fal sok v\u00e1rakoz\u00e1s miatt a hagym\u00e1k a f\u00f6ldben sz\u00e9tny\u00edlhatnak, \u00edgy sokkal kev\u00e9sb\u00e9 lesznek alkalmasak a t\u00e1rol\u00e1sra. A legmegb\u00edzhat\u00f3bb jelz\u0151 a levelek \u00e1llapota. Amikor a levelek nagyj\u00e1b\u00f3l negyven-\u00f6tven sz\u00e1zal\u00e9ka megbarnul, m\u00edg a t\u00f6bbi z\u00f6ld marad, az \u00e1ltal\u00e1ban az ide\u00e1lis betakar\u00edt\u00e1si id\u0151szak. Egyetlen pr\u00f3bafirma fel\u00e1s\u00e1sa \u00e9s a pap\u00edrszer\u0171 burok alatti gerezdek fejletts\u00e9g\u00e9nek ellen\u0151rz\u00e9se szint\u00e9n seg\u00edthet meger\u0151s\u00edteni az \u00e9retts\u00e9get a teljes \u00e1gy\u00e1s betakar\u00edt\u00e1sa el\u0151tt.<\/p>\n\n\n\n<h3 class=\"wp-block-heading\">A term\u00e9s sz\u00e1r\u00edt\u00e1sa \u00e9s t\u00e1rol\u00e1sa<\/h3>\n\n\n\n<p class=\"wp-block-paragraph\">Betakar\u00edt\u00e1s ut\u00e1n a fokhagym\u00e1t a hossz\u00fa t\u00e1v\u00fa t\u00e1rol\u00e1s el\u0151tt megfelel\u0151en sz\u00e1r\u00edtani kell. Ez mag\u00e1ban foglalja a hagym\u00e1k sz\u00e1r\u00edt\u00e1s\u00e1t egy meleg, j\u00f3l szell\u0151z\u0151, \u00e1rny\u00e9kos helyen k\u00e9t-h\u00e1rom h\u00e9ten kereszt\u00fcl, a levelekkel \u00e9s a gy\u00f6kerekkel egy\u00fctt. A megfelel\u0151 sz\u00e1r\u00edt\u00e1s lehet\u0151v\u00e9 teszi, hogy a k\u00fcls\u0151 burkolatok v\u00e9d\u0151, pap\u00edrszer\u0171 r\u00e9teget k\u00e9pezzenek, ami elengedhetetlen a t\u00e1rolhat\u00f3s\u00e1gi id\u0151 meghosszabb\u00edt\u00e1s\u00e1hoz. Sz\u00e1r\u00edt\u00e1s ut\u00e1n v\u00e1gja vissza a gy\u00f6kereket, \u00e9s vagy fonja \u00f6ssze a leveleket a l\u00e1gy sz\u00e1r\u00fa fajt\u00e1kn\u00e1l, vagy v\u00e1gja vissza a sz\u00e1rakat k\u00f6r\u00fclbel\u00fcl egy h\u00fcvelykkel (2,5 cm) a hagyma felett a kem\u00e9ny sz\u00e1r\u00fa fajt\u00e1kn\u00e1l. A t\u00e1panyagd\u00fas, j\u00f3l tr\u00e1gy\u00e1zott talajban termesztett, megfelel\u0151en sz\u00e1r\u00edtott fokhagyma gyakran hat h\u00f3napig \u06cc\u0627 m\u00e9g tov\u00e1bb is eltarthat\u00f3 a min\u0151s\u00e9g jelent\u0151s roml\u00e1sa n\u00e9lk\u00fcl, ami az \u00fatmutat\u00f3ban ismertetett folyamat egyik leghasznosabb eredm\u00e9nye.<\/p>\n\n\n\n<h2 class=\"wp-block-heading\">Gyakran Ism\u00e9telt K\u00e9rd\u00e9sek<\/h2>\n\n\n\n<p class=\"wp-block-paragraph\">Lehet tavaszi fokhagym\u00e1t \u00fcltetni az \u0151szi helyett?<\/p>\n\n\n<p class=\"wp-block-paragraph\">Igen, b\u00e1r az \u0151szi \u00fcltet\u00e9s \u00e1ltal\u00e1ban nagyobb hagym\u00e1kat eredm\u00e9nyez, mivel lehet\u0151v\u00e9 t\u0151le a term\u00e9szetes vernaliz\u00e1ci\u00f3s folyamat lefoly\u00e1s\u00e1t. A tavaszi \u00fcltet\u00e9s enyh\u00e9bb \u00e9ghajlaton m\u00e9g m\u0171k\u00f6dhet, de gyakran kisebb term\u00e9shozamot eredm\u00e9nyez.<\/p>\n\n\n\n<p class=\"wp-block-paragraph\">Milyen m\u00e9lyre kell \u00fcltetni a fokhagymagerezdeket?<\/p>\n\n\n<p class=\"wp-block-paragraph\">A szegf\u0171szegeket k\u00f6r\u00fclbel\u00fcl \u00f6t centim\u00e9ter m\u00e9lyen kell el\u00fcltetni, a hegyes v\u00e9g\u00fckkel felfel\u00e9 n\u00e9zve, hogy biztos\u00edts\u00e1k a megfelel\u0151 gy\u00f6k\u00e9r- \u00e9s hajt\u00e1sfejl\u0151d\u00e9st.<\/p>\n\n\n\n<p class=\"wp-block-paragraph\">Milyen gyakran kell alkalmaznom a hagyma- \u00e9s fokhagymatr\u00e1gy\u00e1t?<\/p>\n\n\n<p class=\"wp-block-paragraph\">Javasoljuk, hogy az \u0151sszi \u00fcltet\u00e9skor v\u00e9gezzen el egy kezel\u00e9st, egy m\u00e1sodik kezel\u00e9st pedig kora tavasszal, amikor az akt\u00edv n\u00f6veked\u00e9s \u00fajraindul, a hagymafejl\u0151d\u00e9si szakasz t\u00e1mogat\u00e1sa \u00e9rdek\u00e9ben.<\/p>\n\n\n\n<p class=\"wp-block-paragraph\">Mi k\u00fcl\u00f6nb\u00f6zteti meg az Ferber Painting m\u0171tr\u00e1gy\u00e1j\u00e1t a t\u00f6bbi m\u00e1rk\u00e1t\u00f3l?<\/p>\n\n\n<p class=\"wp-block-paragraph\">Kifejezetten v\u00f6r\u00f6shagym\u00e1hoz \u00e9s fokhagym\u00e1hoz lett kifejlesztve, nem pedig \u00e1ltal\u00e1nos c\u00e9l\u00fa kever\u00e9k, teljes k\u00f6r\u0171 el\u00e9gedetts\u00e9gi garanci\u00e1val vagy p\u00e9nzvisszafizet\u00e9si politik\u00e1val j\u00e1r, \u00e9s nemzetk\u00f6zi sz\u00e1ll\u00edtm\u00e1nyoz\u00f3i h\u00e1l\u00f3zatunkon kereszt\u00fcl gyorsan sz\u00e1ll\u00edtjuk vil\u00e1gszerte.<\/p>\n\n\n\n<p class=\"wp-block-paragraph\">Alkalmas ez a m\u0171tr\u00e1gya kezd\u0151knek?<\/p>\n\n\n<p class=\"wp-block-paragraph\">Teljes m\u00e9rt\u00e9kben. Az alkalmaz\u00e1si utas\u00edt\u00e1sok egyszer\u0171ek \u00e9s egy\u00e9rtelm\u0171ek, \u00edgy a kezd\u0151 kert\u00e9szek \u00e9s a tapasztalt termeszt\u0151k egyar\u00e1nt magabiztosan haszn\u00e1lhatj\u00e1k.<\/p>\n\n\n\n<p class=\"wp-block-paragraph\">Hogyan tudok rendelni \u00e9s mennyi ideig tart a sz\u00e1ll\u00edt\u00e1s?<\/p>\n\n\n<p class=\"wp-block-paragraph\">K\u00f6zvetlen\u00fcl a weboldalunkon is rendelhet biztons\u00e1gos online fizet\u00e9ssel, \u00e9s a nemzetk\u00f6zi fut\u00e1rh\u00e1l\u00f3zatunknak k\u00f6sz\u00f6nhet\u0151en a kisz\u00e1ll\u00edt\u00e1s tart\u00f3zkod\u00e1si hely\u00e9t\u0151l f\u00fcggetlen\u00fcl gyors.<\/p>\n\n\n\n<h2 class=\"wp-block-heading\">K\u00f6vetkeztet\u00e9s<\/h2>\n\n\n\n<p class=\"wp-block-paragraph\">A fokhagyma sikeres termeszt\u00e9se k\u00e9t t\u00e9nyez\u0151 \u00f6sszehangol\u00e1s\u00e1n m\u00falik: a helyes id\u0151z\u00edt\u00e9sen \u00e9s a megfelel\u0151 t\u00e1panyagell\u00e1t\u00e1son. Most m\u00e1r tudja, mikor kell \u00fcltetni az \u00e9ghajlata alapj\u00e1n, hogyan kell \u00fcltetni l\u00e9p\u00e9sr\u0151l l\u00e9p\u00e9sre, \u00e9s hogyan kell gondozni a fokhagym\u00e1t a teny\u00e9szid\u0151szak alatt, bele\u00e9rtve azt is, hogy mik\u00e9nt ismerheti fel a betakar\u00edt\u00e1si \u00e9retts\u00e9get, \u00e9s hogyan sz\u00e1r\u00edthatja ki a fejeket a hossz\u00fa t\u00e1v\u00fa t\u00e1rol\u00e1shoz. Ami ezt egys\u00e9gbe foglalja, az egy olyan m\u0171tr\u00e1gya kiv\u00e1laszt\u00e1sa, amely val\u00f3ban kiel\u00e9g\u00edti a hagymaf\u00e9l\u00e9k specifikus ig\u00e9nyeit, egy olyan v\u00e1llalat h\u00e1tter\u00e9vel, amely haboz\u00e1s n\u00e9lk\u00fcl \u00e1ll a term\u00e9ke m\u00f6g\u00f6tt.<\/p>\n\n\n\n<p class=\"wp-block-paragraph\"><a href=\"https:\/\/www.ferberpainting.com\/hu\/products\/onion-and-garlic-fertilizer\/\">L\u00e1togasson el weboldalunkra m\u00e9g ma, hogy megrendelje a Hagyma- \u00e9s Fokhagymat\u00e1pot, \u00e9s \u00e9lvezze a gyors kisz\u00e1ll\u00edt\u00e1st vil\u00e1gszerte, a biztons\u00e1gos online fizet\u00e9st, valamint az el\u00e9gedetts\u00e9gi garanci\u00e1nkat vagy p\u00e9nzvisszafizet\u00e9si politik\u00e1nkat.<\/a><\/p>","protected":false},"excerpt":{"rendered":"<p>Growing garlic successfully is not just about timing or technique. Everything starts with choosing the right product to nourish your soil and your bulbs from the very beginning. Before we even talk about when to dig your first hole, we need to talk about what you feed your garlic, because without the right nutrients, even [&hellip;]<\/p>\n","protected":false},"author":1,"featured_media":285732,"comment_status":"","ping_status":"open","sticky":false,"template":"","format":"standard","meta":{"_uag_custom_page_level_css":"","site-sidebar-layout":"default","site-content-layout":"","ast-site-content-layout":"default","site-content-style":"default","site-sidebar-style":"default","ast-global-header-display":"","ast-banner-title-visibility":"","ast-main-header-display":"","ast-hfb-above-header-display":"","ast-hfb-below-header-display":"","ast-hfb-mobile-header-display":"","site-post-title":"","ast-breadcrumbs-content":"","ast-featured-img":"","footer-sml-layout":"","ast-disable-related-posts":"","theme-transparent-header-meta":"","adv-header-id-meta":"","stick-header-meta":"","header-above-stick-meta":"","header-main-stick-meta":"","header-below-stick-meta":"","astra-migrate-meta-layouts":"default","ast-page-background-enabled":"default","ast-page-background-meta":{"desktop":{"background-color":"var(--ast-global-color-4)","background-image":"","background-repeat":"repeat","background-position":"center center","background-size":"auto","background-attachment":"scroll","background-type":"","background-media":"","overlay-type":"","overlay-color":"","overlay-opacity":"","overlay-gradient":""},"tablet":{"background-color":"","background-image":"","background-repeat":"repeat","background-position":"center center","background-size":"auto","background-attachment":"scroll","background-type":"","background-media":"","overlay-type":"","overlay-color":"","overlay-opacity":"","overlay-gradient":""},"mobile":{"background-color":"","background-image":"","background-repeat":"repeat","background-position":"center center","background-size":"auto","background-attachment":"scroll","background-type":"","background-media":"","overlay-type":"","overlay-color":"","overlay-opacity":"","overlay-gradient":""}},"ast-content-background-meta":{"desktop":{"background-color":"var(--ast-global-color-5)","background-image":"","background-repeat":"repeat","background-position":"center center","background-size":"auto","background-attachment":"scroll","background-type":"","background-media":"","overlay-type":"","overlay-color":"","overlay-opacity":"","overlay-gradient":""},"tablet":{"background-color":"var(--ast-global-color-5)","background-image":"","background-repeat":"repeat","background-position":"center center","background-size":"auto","background-attachment":"scroll","background-type":"","background-media":"","overlay-type":"","overlay-color":"","overlay-opacity":"","overlay-gradient":""},"mobile":{"background-color":"var(--ast-global-color-5)","background-image":"","background-repeat":"repeat","background-position":"center center","background-size":"auto","background-attachment":"scroll","background-type":"","background-media":"","overlay-type":"","overlay-color":"","overlay-opacity":"","overlay-gradient":""}},"footnotes":""},"categories":[1],"tags":[],"class_list":["post-285733","post","type-post","status-publish","format-standard","has-post-thumbnail","hentry","category-general"],"spectra_custom_meta":{"_uagb_previous_block_counts":["a:90:{s:21:\"uagb\/advanced-heading\";i:0;s:15:\"uagb\/blockquote\";i:0;s:12:\"uagb\/buttons\";i:0;s:18:\"uagb\/buttons-child\";i:0;s:19:\"uagb\/call-to-action\";i:0;s:15:\"uagb\/cf7-styler\";i:0;s:11:\"uagb\/column\";i:0;s:12:\"uagb\/columns\";i:0;s:14:\"uagb\/container\";i:0;s:21:\"uagb\/content-timeline\";i:0;s:27:\"uagb\/content-timeline-child\";i:0;s:14:\"uagb\/countdown\";i:0;s:12:\"uagb\/counter\";i:0;s:8:\"uagb\/faq\";i:0;s:14:\"uagb\/faq-child\";i:0;s:10:\"uagb\/forms\";i:0;s:17:\"uagb\/forms-accept\";i:0;s:19:\"uagb\/forms-checkbox\";i:0;s:15:\"uagb\/forms-date\";i:0;s:16:\"uagb\/forms-email\";i:0;s:17:\"uagb\/forms-hidden\";i:0;s:15:\"uagb\/forms-name\";i:0;s:16:\"uagb\/forms-phone\";i:0;s:16:\"uagb\/forms-radio\";i:0;s:17:\"uagb\/forms-select\";i:0;s:19:\"uagb\/forms-textarea\";i:0;s:17:\"uagb\/forms-toggle\";i:0;s:14:\"uagb\/forms-url\";i:0;s:14:\"uagb\/gf-styler\";i:0;s:15:\"uagb\/google-map\";i:0;s:11:\"uagb\/how-to\";i:0;s:16:\"uagb\/how-to-step\";i:0;s:9:\"uagb\/icon\";i:0;s:14:\"uagb\/icon-list\";i:0;s:20:\"uagb\/icon-list-child\";i:0;s:10:\"uagb\/image\";i:0;s:18:\"uagb\/image-gallery\";i:0;s:13:\"uagb\/info-box\";i:0;s:18:\"uagb\/inline-notice\";i:0;s:11:\"uagb\/lottie\";i:0;s:21:\"uagb\/marketing-button\";i:0;s:10:\"uagb\/modal\";i:0;s:18:\"uagb\/popup-builder\";i:0;s:16:\"uagb\/post-button\";i:0;s:18:\"uagb\/post-carousel\";i:0;s:17:\"uagb\/post-excerpt\";i:0;s:14:\"uagb\/post-grid\";i:0;s:15:\"uagb\/post-image\";i:0;s:17:\"uagb\/post-masonry\";i:0;s:14:\"uagb\/post-meta\";i:0;s:18:\"uagb\/post-taxonomy\";i:0;s:18:\"uagb\/post-timeline\";i:0;s:15:\"uagb\/post-title\";i:0;s:20:\"uagb\/restaurant-menu\";i:0;s:26:\"uagb\/restaurant-menu-child\";i:0;s:11:\"uagb\/review\";i:0;s:12:\"uagb\/section\";i:0;s:14:\"uagb\/separator\";i:0;s:11:\"uagb\/slider\";i:0;s:17:\"uagb\/slider-child\";i:0;s:17:\"uagb\/social-share\";i:0;s:23:\"uagb\/social-share-child\";i:0;s:16:\"uagb\/star-rating\";i:0;s:23:\"uagb\/sure-cart-checkout\";i:0;s:22:\"uagb\/sure-cart-product\";i:0;s:15:\"uagb\/sure-forms\";i:0;s:22:\"uagb\/table-of-contents\";i:0;s:9:\"uagb\/tabs\";i:0;s:15:\"uagb\/tabs-child\";i:0;s:18:\"uagb\/taxonomy-list\";i:0;s:9:\"uagb\/team\";i:0;s:16:\"uagb\/testimonial\";i:0;s:14:\"uagb\/wp-search\";i:0;s:19:\"uagb\/instagram-feed\";i:0;s:10:\"uagb\/login\";i:0;s:17:\"uagb\/loop-builder\";i:0;s:18:\"uagb\/loop-category\";i:0;s:20:\"uagb\/loop-pagination\";i:0;s:15:\"uagb\/loop-reset\";i:0;s:16:\"uagb\/loop-search\";i:0;s:14:\"uagb\/loop-sort\";i:0;s:17:\"uagb\/loop-wrapper\";i:0;s:13:\"uagb\/register\";i:0;s:19:\"uagb\/register-email\";i:0;s:24:\"uagb\/register-first-name\";i:0;s:23:\"uagb\/register-last-name\";i:0;s:22:\"uagb\/register-password\";i:0;s:30:\"uagb\/register-reenter-password\";i:0;s:19:\"uagb\/register-terms\";i:0;s:22:\"uagb\/register-username\";i:0;}"],"_thumbnail_id":["285732"],"_uag_css_file_name":["uag-css-285733.css"],"_elementor_page_assets":["a:0:{}"]},"uagb_featured_image_src":{"full":["https:\/\/www.ferberpainting.com\/wp-content\/uploads\/2026\/09\/comment-et-quand-planter-de-l-ail.jpg",940,627,false],"thumbnail":["https:\/\/www.ferberpainting.com\/wp-content\/uploads\/2026\/09\/comment-et-quand-planter-de-l-ail-150x150.jpg",150,150,true],"medium":["https:\/\/www.ferberpainting.com\/wp-content\/uploads\/2026\/09\/comment-et-quand-planter-de-l-ail-300x200.jpg",300,200,true],"medium_large":["https:\/\/www.ferberpainting.com\/wp-content\/uploads\/2026\/09\/comment-et-quand-planter-de-l-ail-768x512.jpg",768,512,true],"large":["https:\/\/www.ferberpainting.com\/wp-content\/uploads\/2026\/09\/comment-et-quand-planter-de-l-ail.jpg",940,627,false],"1536x1536":["https:\/\/www.ferberpainting.com\/wp-content\/uploads\/2026\/09\/comment-et-quand-planter-de-l-ail.jpg",940,627,false],"2048x2048":["https:\/\/www.ferberpainting.com\/wp-content\/uploads\/2026\/09\/comment-et-quand-planter-de-l-ail.jpg",940,627,false],"trp-custom-language-flag":["https:\/\/www.ferberpainting.com\/wp-content\/uploads\/2026\/09\/comment-et-quand-planter-de-l-ail-18x12.jpg",18,12,true],"woocommerce_thumbnail":["https:\/\/www.ferberpainting.com\/wp-content\/uploads\/2026\/09\/comment-et-quand-planter-de-l-ail-300x300.jpg",300,300,true],"woocommerce_single":["https:\/\/www.ferberpainting.com\/wp-content\/uploads\/2026\/09\/comment-et-quand-planter-de-l-ail-600x400.jpg",600,400,true],"woocommerce_gallery_thumbnail":["https:\/\/www.ferberpainting.com\/wp-content\/uploads\/2026\/09\/comment-et-quand-planter-de-l-ail-100x100.jpg",100,100,true]},"uagb_author_info":{"display_name":"admin","author_link":"https:\/\/www.ferberpainting.com\/hu\/blog\/author\/admin2721\/"},"uagb_comment_info":0,"uagb_excerpt":"Growing garlic successfully is not just about timing or technique. Everything starts with choosing the right product to nourish your soil and your bulbs from the very beginning. Before we even talk about when to dig your first hole, we need to talk about what you feed your garlic, because without the right nutrients, even&hellip;","_links":{"self":[{"href":"https:\/\/www.ferberpainting.com\/hu\/wp-json\/wp\/v2\/posts\/285733","targetHints":{"allow":["GET"]}}],"collection":[{"href":"https:\/\/www.ferberpainting.com\/hu\/wp-json\/wp\/v2\/posts"}],"about":[{"href":"https:\/\/www.ferberpainting.com\/hu\/wp-json\/wp\/v2\/types\/post"}],"author":[{"embeddable":true,"href":"https:\/\/www.ferberpainting.com\/hu\/wp-json\/wp\/v2\/users\/1"}],"replies":[{"embeddable":true,"href":"https:\/\/www.ferberpainting.com\/hu\/wp-json\/wp\/v2\/comments?post=285733"}],"version-history":[{"count":0,"href":"https:\/\/www.ferberpainting.com\/hu\/wp-json\/wp\/v2\/posts\/285733\/revisions"}],"wp:featuredmedia":[{"embeddable":true,"href":"https:\/\/www.ferberpainting.com\/hu\/wp-json\/wp\/v2\/media\/285732"}],"wp:attachment":[{"href":"https:\/\/www.ferberpainting.com\/hu\/wp-json\/wp\/v2\/media?parent=285733"}],"wp:term":[{"taxonomy":"category","embeddable":true,"href":"https:\/\/www.ferberpainting.com\/hu\/wp-json\/wp\/v2\/categories?post=285733"},{"taxonomy":"post_tag","embeddable":true,"href":"https:\/\/www.ferberpainting.com\/hu\/wp-json\/wp\/v2\/tags?post=285733"}],"curies":[{"name":"wp","href":"https:\/\/api.w.org\/{rel}","templated":true}]}}